{"id":269605,"date":"2026-09-01T14:42:09","date_gmt":"2026-09-01T17:42:09","guid":{"rendered":"https:\/\/corrientesdetarde.com\/?p=269605"},"modified":"2026-09-01T14:42:15","modified_gmt":"2026-09-01T17:42:15","slug":"el-gobernador-juan-pablo-valdes-confirmo-que-participara-de-la-47a-convencion-del-iaef","status":"publish","type":"post","link":"https:\/\/corrientesdetarde.com\/index.php\/locales\/el-gobernador-juan-pablo-valdes-confirmo-que-participara-de-la-47a-convencion-del-iaef\/","title":{"rendered":"el gobernador Juan Pablo Vald\u00e9s confirm\u00f3 que\u00a0participar\u00e1 de la 47\u00aa Convenci\u00f3n  del (IAEF)"},"content":{"rendered":"\n<p>Esta ma\u00f1ana, en contacto con la prensa, el gobernador Juan Pablo Vald\u00e9s confirm\u00f3 que&nbsp;participar\u00e1 este viernes 7 de septiembre de la 47\u00aa Convenci\u00f3n Anual del Instituto Argentino de Ejecutivos de Finanzas (IAEF), que se desarrollar\u00e1 en Puerto Iguaz\u00fa. Lo har\u00e1 con otros mandatarios. &#8220;Estaremos exponiendo el potencial productivo de Corrientes&#8221;, sostuvo<\/p>\n\n\n\n<p><a target=\"_blank\" rel=\"noreferrer noopener\" href=\"https:\/\/api.whatsapp.com\/send?text=JP%20Vald%C3%A9s%20confirm%C3%B3%20que%20el%20viernes%20participar%C3%A1%20de%20una%20cumbre%20econ%C3%B3mica%20en%20Iguaz%C3%BA%20-%20https:\/\/www.radiodos.com.ar\/213176-jp-valdes-confirmo-que-el-viernes-participara-de-una-cumbre-economica-en-iguazu?utm_source=WhatsApp%26utm_medium=WhatsApp%26utm_campaign=WhatsApp%26utm_term=WhatsApp\"><\/a><a href=\"https:\/\/facebook.com\/\"><\/a><a href=\"https:\/\/twitter.com\/\"><\/a><\/p>\n\n\n\n<p>El gobernador de Corrientes,&nbsp;<strong>Juan Pablo Vald\u00e9s<\/strong>, participar\u00e1 este viernes 7 de septiembre de la 47\u00aa Convenci\u00f3n Anual del Instituto Argentino de Ejecutivos de Finanzas (IAEF), que se desarrollar\u00e1 en Puerto Iguaz\u00fa, Misiones, y ser\u00e1 clausurada por el presidente&nbsp;<strong>Javier Milei<\/strong>.<\/p>\n\n\n\n<p>No obstante, Vald\u00e9s dej\u00f3 entrever que no estar\u00e1 en la localidad misioera cuando llegue el Presidente.<\/p>\n\n\n\n<p>&#8220;El viernes en Iguazu estaremos con los gobernadores Cornejo, Jalil y Passalaqqua. Estaremos exponiendo sobre los beneficios fiscales de Corrientes, y sobre todo el potencial productivo de la provincia&#8221;, dijo Vald\u00e9s.<\/p>\n\n\n\n<p>El mandatario resalt\u00f3 que &#8220;somos competitivos&nbsp; en varias materias primas. Corrientes tiene mucho potencial para seguir creciendo&#8221;<\/p>\n\n\n\n<p>Vald\u00e9s tambi\u00e9n opin\u00f3 sobre el cierr de Musimundo en Corrientes: &#8220;sabemos que la empresa ven\u00eda mal y pasaba por su tercera convocatoria de acreedores y a\u00fan no solucionaba eso. La verdad es que eso es parte de una realidad que vive el sector de ventas de electrodom\u00e9sticos en la Argentina. Esperamos que pronto puedan reconvertirse para no seguir \u00e9ste lamentable camino&#8221;&nbsp;<\/p>\n\n\n\n<p><\/p>\n","protected":false},"excerpt":{"rendered":"<p>Esta ma\u00f1ana, en contacto con la prensa, el gobernador Juan Pablo Vald\u00e9s confirm\u00f3 que&nbsp;participar\u00e1 este viernes 7 de septiembre de la 47\u00aa Convenci\u00f3n Anual del Instituto Argentino de Ejecutivos de&hellip; <\/p>\n","protected":false},"author":8,"featured_media":269606,"comment_status":"closed","ping_status":"open","sticky":false,"template":"","format":"standard","meta":{"footnotes":""},"categories":[8],"tags":[],"class_list":["post-269605","post","type-post","status-publish","format-standard","has-post-thumbnail","hentry","category-locales"],"_links":{"self":[{"href":"https:\/\/corrientesdetarde.com\/index.php\/wp-json\/wp\/v2\/posts\/269605","targetHints":{"allow":["GET"]}}],"collection":[{"href":"https:\/\/corrientesdetarde.com\/index.php\/wp-json\/wp\/v2\/posts"}],"about":[{"href":"https:\/\/corrientesdetarde.com\/index.php\/wp-json\/wp\/v2\/types\/post"}],"author":[{"embeddable":true,"href":"https:\/\/corrientesdetarde.com\/index.php\/wp-json\/wp\/v2\/users\/8"}],"replies":[{"embeddable":true,"href":"https:\/\/corrientesdetarde.com\/index.php\/wp-json\/wp\/v2\/comments?post=269605"}],"version-history":[{"count":1,"href":"https:\/\/corrientesdetarde.com\/index.php\/wp-json\/wp\/v2\/posts\/269605\/revisions"}],"predecessor-version":[{"id":269607,"href":"https:\/\/corrientesdetarde.com\/index.php\/wp-json\/wp\/v2\/posts\/269605\/revisions\/269607"}],"wp:featuredmedia":[{"embeddable":true,"href":"https:\/\/corrientesdetarde.com\/index.php\/wp-json\/wp\/v2\/media\/269606"}],"wp:attachment":[{"href":"https:\/\/corrientesdetarde.com\/index.php\/wp-json\/wp\/v2\/media?parent=269605"}],"wp:term":[{"taxonomy":"category","embeddable":true,"href":"https:\/\/corrientesdetarde.com\/index.php\/wp-json\/wp\/v2\/categories?post=269605"},{"taxonomy":"post_tag","embeddable":true,"href":"https:\/\/corrientesdetarde.com\/index.php\/wp-json\/wp\/v2\/tags?post=269605"}],"curies":[{"name":"wp","href":"https:\/\/api.w.org\/{rel}","templated":true}]}}