{"id":269608,"date":"2026-09-01T15:49:45","date_gmt":"2026-09-01T18:49:45","guid":{"rendered":"https:\/\/corrientesdetarde.com\/?p=269608"},"modified":"2026-09-01T15:49:57","modified_gmt":"2026-09-01T18:49:57","slug":"fracaso-la-paritaria-de-docentes-universitarios-el-gobierno-ofrecio-3-y-los-gremios-anunciaron-un-paro-para-este-miercoles","status":"publish","type":"post","link":"https:\/\/corrientesdetarde.com\/index.php\/economia\/fracaso-la-paritaria-de-docentes-universitarios-el-gobierno-ofrecio-3-y-los-gremios-anunciaron-un-paro-para-este-miercoles\/","title":{"rendered":"Fracas\u00f3 la paritaria de docentes universitarios: el Gobierno ofreci\u00f3 3% y los gremios anunciaron un paro para este mi\u00e9rcoles"},"content":{"rendered":"\n<p>La propuesta oficial contempla una suba para septiembre, pero los sindicatos reclaman una recomposici\u00f3n del 30%. El Frente Sindical Universitario calific\u00f3 al ofrecimiento de \u201cvergonzoso\u201d y convoc\u00f3 a un cese total de actividades.<\/p>\n\n\n\n<p>La reuni\u00f3n\u00a0<strong>paritaria\u00a0<\/strong>entre el\u00a0<strong>Gobierno<\/strong>y los\u00a0<strong>gremios docentes universitarios<\/strong>\u00a0termin\u00f3 este martes\u00a0<strong>sin acuerdo<\/strong>, luego de que las autoridades nacionales ofrecieran un aumento salarial del\u00a0<strong>3% para septiembre<\/strong>. Desde el Frente Sindical Universitario calificaron al ofrecimiento de \u201cvergonzoso\u201d y convocaron a un paro total de actividades para este mi\u00e9rcoles.<\/p>\n\n\n\n<p>\u201cLa paritaria ha quedado inconclusa. El ofrecimiento formal por parte del Gobierno nacional fue de un 3% de aumento para los salarios de los docentes universitarios\u201d, afirm\u00f3\u00a0<strong>Emiliano Cagnasi<\/strong>, secretario general de la Asociaci\u00f3n de Docentes de la UBA (<strong>ADUBA<\/strong>), quien particip\u00f3 del encuentro como representante de Fedun.<\/p>\n\n\n\n<p>La reuni\u00f3n se realiz\u00f3 en el marco de la paritaria nacional de la docencia universitaria y preuniversitaria, una instancia contemplada en la&nbsp;<strong>Ley de Financiamiento Universitario<\/strong>. El principal punto de conflicto fue la diferencia entre el incremento planteado por el Ejecutivo y la recomposici\u00f3n que reclaman los gremios a partir de lo establecido por esa norma.<\/p>\n\n\n\n<p>Seg\u00fan explic\u00f3 Cagnasi en di\u00e1logo , todav\u00eda queda pendiente una actualizaci\u00f3n salarial cercana al\u00a0<strong>30%<\/strong>. En ese contexto, sostuvo que el 3% propuesto por el Gobierno equivale aproximadamente al\u00a0<strong>10% de la recomposici\u00f3n<\/strong>\u00a0que consideran adeudada.<\/p>\n\n\n\n<p>\u201cHay que tener en cuenta que existe una Ley de Financiamiento Universitario que establece una actualizaci\u00f3n de los salarios docentes y no docentes, adem\u00e1s de las becas estudiantiles, tomando como referencia diciembre de 2023\u201d, se\u00f1al\u00f3 el dirigente gremial.<\/p>\n\n\n\n<p>Cagnasi tambi\u00e9n hizo referencia a la situaci\u00f3n judicial de la norma y record\u00f3 que la&nbsp;<strong>Corte Suprema<\/strong>&nbsp;dej\u00f3 en pie la cautelar vinculada con los art\u00edculos quinto y sexto de la ley. Desde los sindicatos consideran que esa decisi\u00f3n obliga al Ejecutivo a avanzar con su cumplimiento.<\/p>\n\n\n\n<p>El dirigente de ADUBA cuestion\u00f3 adem\u00e1s la din\u00e1mica de la negociaci\u00f3n. \u201cCuando uno se sienta a un di\u00e1logo paritario y&nbsp;<strong>ese di\u00e1logo se convierte en un mon\u00f3logo<\/strong>&nbsp;de una de las partes, con un ofrecimiento de apenas el 3%, la situaci\u00f3n resulta dif\u00edcil de comprender\u201d, plante\u00f3.<\/p>\n\n\n\n<p>Desde&nbsp;<strong>CONADU Hist\u00f3rica<\/strong>&nbsp;coincidieron en el rechazo a la propuesta oficial.<strong>&nbsp;Francisca Staiti<\/strong>, secretaria general de la federaci\u00f3n, afirm\u00f3 al finalizar el encuentro que la negociaci\u00f3n hab\u00eda&nbsp;<strong>\u201cfracasado\u201d<\/strong>&nbsp;y se\u00f1al\u00f3 que el ofrecimiento se encontraba muy por debajo de lo reclamado.<\/p>\n\n\n\n<p>\u201cEl Gobierno trajo una propuesta de 3% de recomposici\u00f3n para septiembre, muy lejos del 31,2% que se nos est\u00e1 adeudando a julio por la cautelar de la Justicia que establece el cumplimiento de la Ley de Financiamiento Universitario, m\u00e1s la&nbsp;<strong>inflaci\u00f3n<\/strong>&nbsp;que corresponde a agosto\u201d, sostuvo Staiti.<\/p>\n\n\n\n<p>De acuerdo con el comunicado difundido por la CTA despu\u00e9s de la reuni\u00f3n, CONADU Hist\u00f3rica reclam\u00f3 recuperar lo perdido en materia salarial y establecer hacia adelante&nbsp;<strong>actualizaciones mensuales<\/strong>&nbsp;que sean, como m\u00ednimo, equivalentes a la inflaci\u00f3n. La organizaci\u00f3n se\u00f1al\u00f3 adem\u00e1s que el ofrecimiento oficial no contempl\u00f3 una recomposici\u00f3n de la p\u00e9rdida acumulada.<\/p>\n\n\n\n<p>Cagnasi, por su parte, endureci\u00f3 sus cr\u00edticas al Gobierno por la falta de acuerdo. \u201cCreemos que ha sido&nbsp;<strong>inoportuno e intencional no escuchar<\/strong>. Es darle la espalda a la Justicia, al Poder Legislativo, que sancion\u00f3 una ley, y tambi\u00e9n a la sociedad argentina, que sali\u00f3 cuatro veces a marchar en defensa de un derecho que considera propio\u201d, afirm\u00f3.<\/p>\n\n\n\n<p>El titular de ADUBA aclar\u00f3 que el planteo gremial no consiste simplemente en reclamar un aumento del 30%. Seg\u00fan explic\u00f3, el Gobierno present\u00f3 ante la Justicia el anterior acuerdo paritario y ese avance fue considerado dentro del proceso para dar cumplimiento a la norma. Sin embargo, sostuvo que todav\u00eda queda una diferencia cercana a ese porcentaje.<\/p>\n\n\n\n<p>\u201cFrente a esa diferencia pendiente, el 3% ofrecido representa apenas un 10% de lo que resta recomponer. Ese ofrecimiento es&nbsp;<strong>claramente inaceptable<\/strong>&nbsp;y entendemos que es intencional\u201d, asegur\u00f3.<\/p>\n\n\n\n<p>Cagnasi sostuvo adem\u00e1s que los gremios comprenden la necesidad de mantener ordenadas las cuentas p\u00fablicas, pero rechaz\u00f3 que el ajuste recaiga sobre el sector universitario. \u201cUno puede entender e incluso estar de acuerdo con que las cuentas del Estado nacional tienen que cerrar. Lo que&nbsp;<strong>no se puede aceptar es que la variable de ajuste seamos los trabajadores universitarios<\/strong>&nbsp;cuando existe una ley y cuando la Corte estableci\u00f3 que debe cumplirse\u201d, expres\u00f3.<\/p>\n\n\n\n<p>El fracaso de la negociaci\u00f3n abre ahora un nuevo escenario de conflicto. Cagnasi adelant\u00f3 que este&nbsp;<strong>mi\u00e9rcoles&nbsp;<\/strong>habr\u00e1 definiciones sobre los pr\u00f3ximos pasos del sector: \u201cSeguramente, una vez que termine la paritaria, esta situaci\u00f3n nos va a llevar a definir una&nbsp;<strong>medida de fuerza para el d\u00eda de ma\u00f1ana<\/strong>\u201d.<\/p>\n\n\n\n<p>En paralelo, CONADU Hist\u00f3rica anunci\u00f3 un&nbsp;<strong>paro nacional de 24 horas<\/strong>&nbsp;para este mi\u00e9rcoles. Oscar Vallejos, secretario adjunto de la federaci\u00f3n y secretario de Formaci\u00f3n de la CTA, sostuvo que el Gobierno convoc\u00f3 a la negociaci\u00f3n \u201ca los \u00fanicos efectos de ganar tiempo en la Justicia\u201d y confirm\u00f3 la huelga.<\/p>\n\n\n\n<p>El dirigente inform\u00f3 adem\u00e1s que el&nbsp;<strong>Frente Gremial Universitario<\/strong>&nbsp;volver\u00e1 a analizar la continuidad del conflicto el jueves 3 de septiembre en Bariloche, en ocasi\u00f3n del plenario del Consejo Universitario Nacional, donde se discutir\u00e1n nuevas medidas de fuerza.<\/p>\n","protected":false},"excerpt":{"rendered":"<p>La propuesta oficial contempla una suba para septiembre, pero los sindicatos reclaman una recomposici\u00f3n del 30%. El Frente Sindical Universitario calific\u00f3 al ofrecimiento de \u201cvergonzoso\u201d y convoc\u00f3 a un cese&hellip; <\/p>\n","protected":false},"author":8,"featured_media":269609,"comment_status":"closed","ping_status":"open","sticky":false,"template":"","format":"standard","meta":{"footnotes":""},"categories":[20],"tags":[],"class_list":["post-269608","post","type-post","status-publish","format-standard","has-post-thumbnail","hentry","category-economia"],"_links":{"self":[{"href":"https:\/\/corrientesdetarde.com\/index.php\/wp-json\/wp\/v2\/posts\/269608","targetHints":{"allow":["GET"]}}],"collection":[{"href":"https:\/\/corrientesdetarde.com\/index.php\/wp-json\/wp\/v2\/posts"}],"about":[{"href":"https:\/\/corrientesdetarde.com\/index.php\/wp-json\/wp\/v2\/types\/post"}],"author":[{"embeddable":true,"href":"https:\/\/corrientesdetarde.com\/index.php\/wp-json\/wp\/v2\/users\/8"}],"replies":[{"embeddable":true,"href":"https:\/\/corrientesdetarde.com\/index.php\/wp-json\/wp\/v2\/comments?post=269608"}],"version-history":[{"count":1,"href":"https:\/\/corrientesdetarde.com\/index.php\/wp-json\/wp\/v2\/posts\/269608\/revisions"}],"predecessor-version":[{"id":269610,"href":"https:\/\/corrientesdetarde.com\/index.php\/wp-json\/wp\/v2\/posts\/269608\/revisions\/269610"}],"wp:featuredmedia":[{"embeddable":true,"href":"https:\/\/corrientesdetarde.com\/index.php\/wp-json\/wp\/v2\/media\/269609"}],"wp:attachment":[{"href":"https:\/\/corrientesdetarde.com\/index.php\/wp-json\/wp\/v2\/media?parent=269608"}],"wp:term":[{"taxonomy":"category","embeddable":true,"href":"https:\/\/corrientesdetarde.com\/index.php\/wp-json\/wp\/v2\/categories?post=269608"},{"taxonomy":"post_tag","embeddable":true,"href":"https:\/\/corrientesdetarde.com\/index.php\/wp-json\/wp\/v2\/tags?post=269608"}],"curies":[{"name":"wp","href":"https:\/\/api.w.org\/{rel}","templated":true}]}}