{"id":269611,"date":"2026-09-01T16:05:20","date_gmt":"2026-09-01T19:05:20","guid":{"rendered":"https:\/\/corrientesdetarde.com\/?p=269611"},"modified":"2026-09-01T16:05:32","modified_gmt":"2026-09-01T19:05:32","slug":"manana-habra-reunion-en-la-direccion-de-trabajo-para-conocer-la-postura-empresarial-de-musimundo","status":"publish","type":"post","link":"https:\/\/corrientesdetarde.com\/index.php\/actualidad\/manana-habra-reunion-en-la-direccion-de-trabajo-para-conocer-la-postura-empresarial-de-musimundo\/","title":{"rendered":"ma\u00f1ana habr\u00e1 reuni\u00f3n en la Direcci\u00f3n de Trabajo para conocer la postura empresarial de Musimundo"},"content":{"rendered":"\n<p>En declaraciones , Jos\u00e9 Gatti (titular de la SEC), confirm\u00f3 que \u00e9ste mi\u00e9rcoles 2 la Direcci\u00f3n de Trabajo convoc\u00f3 a referentes de Musimundo para que se informe sobre la situaci\u00f3n de los trabajadores tras el cierre de los locales en toda la regi\u00f3n.<a href=\"https:\/\/api.whatsapp.com\/send?text=Cierre%20de%20Musimundo:%20ma%C3%B1ana%20habr%C3%A1%20reuni%C3%B3n%20en%20la%20Direcci%C3%B3n%20de%20Trabajo%20para%20conocer%20la%20postura%20empresarial%20-%20https:\/\/www.radiodos.com.ar\/213146-cierre-de-musimundo-manana-habra-reunion-en-la-direccion-de-trabajo-para-conocer-la-postura-empresarial?utm_source=WhatsApp%26utm_medium=WhatsApp%26utm_campaign=WhatsApp%26utm_term=WhatsApp\" target=\"_blank\" rel=\"noreferrer noopener\"><\/a><a href=\"https:\/\/facebook.com\/\"><\/a><a href=\"https:\/\/twitter.com\/\"><\/a><\/p>\n\n\n\n<p>&#8220;A los trabajadores el cierre les cay\u00f3 de sorpresa. Fue un cierre intempestivo, aunque cada uno de ellos ya ve\u00eda con incertidumbre lo que estaba pasando. En la ciudad de Corrientes, son 45 las personas afectadas y l\u00f3gicamente hay mucha incertidumbre entre ellos&#8221;, expres\u00f3 Jos\u00e9 Gatti, titular del Sindicato de Empleados de Comercio de Corrientes.&nbsp;<\/p>\n\n\n\n<p>&#8220;Ayer empezaron a recibir los telegramas de despidos. Esa documental les permitir\u00e1 avanzar en el subsidio de Anses y otros tr\u00e1mites&#8221;, coment\u00f3.<\/p>\n\n\n\n<p>Gatti adem\u00e1s confirm\u00f3: &#8220;pedimos audiencia en la Direcci\u00f3n de Trabajo para que la empresa informe sobre la situaci\u00f3n y entregue la documentaci\u00f3n necesaria. Se nos confirm\u00f3 que ma\u00f1ana mi\u00e9rcoles, a las 11, tenemos la audiencia, y a la tarde nos estaremos reuniendo con los trabajadores para informarles al respecto&#8221;<\/p>\n\n\n\n<p>En referencia a la situaci\u00f3n en general del comercio en Corrientes, el dirigente sindical precis\u00f3: &#8220;no vemos una activaci\u00f3n en los comercios de cualquier rubro en la ciudad. Hasta los mismos supermercados achicaron el personal por la ca\u00edda de las ventas&#8221;<\/p>\n","protected":false},"excerpt":{"rendered":"<p>En declaraciones , Jos\u00e9 Gatti (titular de la SEC), confirm\u00f3 que \u00e9ste mi\u00e9rcoles 2 la Direcci\u00f3n de Trabajo convoc\u00f3 a referentes de Musimundo para que se informe sobre la situaci\u00f3n&hellip; <\/p>\n","protected":false},"author":8,"featured_media":269612,"comment_status":"closed","ping_status":"open","sticky":false,"template":"","format":"standard","meta":{"footnotes":""},"categories":[23],"tags":[],"class_list":["post-269611","post","type-post","status-publish","format-standard","has-post-thumbnail","hentry","category-actualidad"],"_links":{"self":[{"href":"https:\/\/corrientesdetarde.com\/index.php\/wp-json\/wp\/v2\/posts\/269611","targetHints":{"allow":["GET"]}}],"collection":[{"href":"https:\/\/corrientesdetarde.com\/index.php\/wp-json\/wp\/v2\/posts"}],"about":[{"href":"https:\/\/corrientesdetarde.com\/index.php\/wp-json\/wp\/v2\/types\/post"}],"author":[{"embeddable":true,"href":"https:\/\/corrientesdetarde.com\/index.php\/wp-json\/wp\/v2\/users\/8"}],"replies":[{"embeddable":true,"href":"https:\/\/corrientesdetarde.com\/index.php\/wp-json\/wp\/v2\/comments?post=269611"}],"version-history":[{"count":1,"href":"https:\/\/corrientesdetarde.com\/index.php\/wp-json\/wp\/v2\/posts\/269611\/revisions"}],"predecessor-version":[{"id":269613,"href":"https:\/\/corrientesdetarde.com\/index.php\/wp-json\/wp\/v2\/posts\/269611\/revisions\/269613"}],"wp:featuredmedia":[{"embeddable":true,"href":"https:\/\/corrientesdetarde.com\/index.php\/wp-json\/wp\/v2\/media\/269612"}],"wp:attachment":[{"href":"https:\/\/corrientesdetarde.com\/index.php\/wp-json\/wp\/v2\/media?parent=269611"}],"wp:term":[{"taxonomy":"category","embeddable":true,"href":"https:\/\/corrientesdetarde.com\/index.php\/wp-json\/wp\/v2\/categories?post=269611"},{"taxonomy":"post_tag","embeddable":true,"href":"https:\/\/corrientesdetarde.com\/index.php\/wp-json\/wp\/v2\/tags?post=269611"}],"curies":[{"name":"wp","href":"https:\/\/api.w.org\/{rel}","templated":true}]}}