{"id":269614,"date":"2026-09-01T16:27:26","date_gmt":"2026-09-01T19:27:26","guid":{"rendered":"https:\/\/corrientesdetarde.com\/?p=269614"},"modified":"2026-09-01T16:27:30","modified_gmt":"2026-09-01T19:27:30","slug":"la-municipalidad-concluyo-con-exito-un-nuevo-taller-de-huertas-familiares-comunitarias","status":"publish","type":"post","link":"https:\/\/corrientesdetarde.com\/index.php\/sociales\/la-municipalidad-concluyo-con-exito-un-nuevo-taller-de-huertas-familiares-comunitarias\/","title":{"rendered":"La Municipalidad concluy\u00f3 con \u00e9xito un nuevo taller de huertas familiares comunitarias"},"content":{"rendered":"\n<p>\u00d1ANDE HUERTA<\/p>\n\n\n\n<p><em>La iniciativa de la Secretar\u00eda de Desarrollo Humano finaliz\u00f3 un ciclo de tres talleres te\u00f3ricos y pr\u00e1cticos en la Oficina de Empleo y en los Centros de Integraci\u00f3n Comunitaria (CIC) de la capital. El programa busca fortalecer la agricultura familiar y promover la producci\u00f3n org\u00e1nica de alimentos.<\/em><\/p>\n\n\n\n<p>La Municipalidad de Corrientes concret\u00f3 este martes el cierre del ciclo de capacitaciones del programa \u201c\u00d1ande Huerta\u201d, una propuesta coordinada por la Secretar\u00eda de Desarrollo Humano a trav\u00e9s de la Subsecretar\u00eda de Econom\u00eda Social.&nbsp;<br><br>La \u00faltima jornada tuvo lugar en los salones de la Oficina de Empleo municipal, ubicados en el&nbsp;<a href=\"https:\/\/www.google.com\/maps\/search\/Pasaje+Villanueva+1460?entry=gmail&amp;source=g\">Pasaje Villanueva 1460<\/a>, donde los asistentes recibieron formaci\u00f3n t\u00e9cnica y kits de semillas para iniciar o mejorar sus huertas familiares.<br><br>Las actividades estuvieron a cargo de personal de la Direcci\u00f3n General de Fortalecimiento Productivo y se extendieron a lo largo de dos semanas. Durante los encuentros, los vecinos trabajaron sobre el manejo de cultivos seg\u00fan la temporada y la prevenci\u00f3n de plagas y enfermedades comunes que afectan a la producci\u00f3n hort\u00edcola urbana.<br><br>El subsecretario de Econom\u00eda Social, Mart\u00edn Pelozo, explic\u00f3 que los talleres tuvieron una duraci\u00f3n de dos semanas. \u201cLas capacitaciones se dictaron a partir de las tem\u00e1ticas que van pidiendo los vecinos que tienen una huerta o que quieren tenerla\u201d, se\u00f1al\u00f3.&nbsp;<br><br>DESCENTRALIZACI\u00d3N Y NUEVA CONVOCATORIA<br>El subsecretario de Econom\u00eda Social, Mart\u00edn Pelozo, destac\u00f3 que el esquema de talleres responde a la demanda de los propios emprendedores y huerteros locales.<br><br>&#8220;Este programa permite que los vecinos puedan generar su propio alimento, m\u00e1s teniendo en cuenta que los precios est\u00e1n altos, y qu\u00e9 mejor que tomar conciencia de la producci\u00f3n org\u00e1nica para producir lo que uno lleva a la mesa&#8221;, expres\u00f3 el funcionario.<br><br>Asimismo, Mart\u00edn Pelozo remarc\u00f3 la descentralizaci\u00f3n del programa en los cuatro Centros de Integraci\u00f3n Comunitaria (CIC) de la ciudad.<br><br>\u201cEl intendente Claudio Polich nos pidi\u00f3 la cercan\u00eda con el vecino y estos centros son un muy buen lugar para llevar adelante las capacitaciones, donde concurrieron entre 30 a 40 personas en cada CIC\u201d, afirm\u00f3.&nbsp;<br><br>Desde el \u00e1rea adelantaron que ya se planifican nuevas convocatorias. Para solicitar informaci\u00f3n, los interesados pueden acudir a la Oficina de Agricultura Periurbana o comunicarse a la l\u00ednea habilitada +54 9 3794 26-5965.<br><br>Adem\u00e1s, en el transcurso del mes se llevar\u00e1 a cabo una charla de Introducci\u00f3n al Mundo de las Orqu\u00eddeas, sobre lo cual se informar\u00e1 fecha y lugar a trav\u00e9s de los medios de difusi\u00f3n y redes sociales de la Municipalidad.<br><br>PARTICIPACI\u00d3N VECINAL<br>Gladys, una vecina que particip\u00f3 de los encuentros, resalt\u00f3 las acciones llevadas adelante por la Municipalidad. \u201cFue un curso muy bueno porque nos llevamos semillas y herramientas que nos facilita tener una huerta en nuestra casa\u201d, afirm\u00f3.<br><br>Adem\u00e1s, se\u00f1al\u00f3 que \u201cno es necesario tener un gran terreno, sino que en una maceta se puede plantar y tener sus propias verduras\u201d, por lo que invit\u00f3 a los vecinos a sumarse a los encuentros<\/p>\n\n\n\n<figure class=\"wp-block-image size-large\"><img loading=\"lazy\" decoding=\"async\" width=\"1024\" height=\"682\" src=\"https:\/\/corrientesdetarde.com\/wp-content\/uploads\/2026\/09\/image-16-1024x682.png\" alt=\"\" class=\"wp-image-269615\" srcset=\"https:\/\/corrientesdetarde.com\/wp-content\/uploads\/2026\/09\/image-16-1024x682.png 1024w, https:\/\/corrientesdetarde.com\/wp-content\/uploads\/2026\/09\/image-16-300x200.png 300w, https:\/\/corrientesdetarde.com\/wp-content\/uploads\/2026\/09\/image-16-768x512.png 768w, https:\/\/corrientesdetarde.com\/wp-content\/uploads\/2026\/09\/image-16-1536x1024.png 1536w, https:\/\/corrientesdetarde.com\/wp-content\/uploads\/2026\/09\/image-16-2048x1365.png 2048w\" sizes=\"auto, (max-width: 1024px) 100vw, 1024px\" \/><\/figure>\n\n\n\n<figure class=\"wp-block-image size-large\"><img loading=\"lazy\" decoding=\"async\" width=\"1024\" height=\"682\" src=\"https:\/\/corrientesdetarde.com\/wp-content\/uploads\/2026\/09\/image-17-1024x682.png\" alt=\"\" class=\"wp-image-269616\" srcset=\"https:\/\/corrientesdetarde.com\/wp-content\/uploads\/2026\/09\/image-17-1024x682.png 1024w, https:\/\/corrientesdetarde.com\/wp-content\/uploads\/2026\/09\/image-17-300x200.png 300w, https:\/\/corrientesdetarde.com\/wp-content\/uploads\/2026\/09\/image-17-768x512.png 768w, https:\/\/corrientesdetarde.com\/wp-content\/uploads\/2026\/09\/image-17-1536x1024.png 1536w, https:\/\/corrientesdetarde.com\/wp-content\/uploads\/2026\/09\/image-17-2048x1365.png 2048w\" sizes=\"auto, (max-width: 1024px) 100vw, 1024px\" \/><\/figure>\n\n\n\n<figure class=\"wp-block-image size-large\"><img loading=\"lazy\" decoding=\"async\" width=\"1024\" height=\"682\" src=\"https:\/\/corrientesdetarde.com\/wp-content\/uploads\/2026\/09\/image-18-1024x682.png\" alt=\"\" class=\"wp-image-269617\" srcset=\"https:\/\/corrientesdetarde.com\/wp-content\/uploads\/2026\/09\/image-18-1024x682.png 1024w, https:\/\/corrientesdetarde.com\/wp-content\/uploads\/2026\/09\/image-18-300x200.png 300w, https:\/\/corrientesdetarde.com\/wp-content\/uploads\/2026\/09\/image-18-768x512.png 768w, https:\/\/corrientesdetarde.com\/wp-content\/uploads\/2026\/09\/image-18-1536x1024.png 1536w, https:\/\/corrientesdetarde.com\/wp-content\/uploads\/2026\/09\/image-18-2048x1365.png 2048w\" sizes=\"auto, (max-width: 1024px) 100vw, 1024px\" \/><\/figure>\n\n\n\n<figure class=\"wp-block-image size-large\"><img loading=\"lazy\" decoding=\"async\" width=\"1024\" height=\"682\" src=\"https:\/\/corrientesdetarde.com\/wp-content\/uploads\/2026\/09\/image-19-1024x682.png\" alt=\"\" class=\"wp-image-269618\" srcset=\"https:\/\/corrientesdetarde.com\/wp-content\/uploads\/2026\/09\/image-19-1024x682.png 1024w, https:\/\/corrientesdetarde.com\/wp-content\/uploads\/2026\/09\/image-19-300x200.png 300w, https:\/\/corrientesdetarde.com\/wp-content\/uploads\/2026\/09\/image-19-768x512.png 768w, https:\/\/corrientesdetarde.com\/wp-content\/uploads\/2026\/09\/image-19-1536x1024.png 1536w, https:\/\/corrientesdetarde.com\/wp-content\/uploads\/2026\/09\/image-19-2048x1365.png 2048w\" sizes=\"auto, (max-width: 1024px) 100vw, 1024px\" \/><\/figure>\n\n\n\n<figure class=\"wp-block-image size-large\"><img loading=\"lazy\" decoding=\"async\" width=\"1024\" height=\"682\" src=\"https:\/\/corrientesdetarde.com\/wp-content\/uploads\/2026\/09\/image-20-1024x682.png\" alt=\"\" class=\"wp-image-269619\" srcset=\"https:\/\/corrientesdetarde.com\/wp-content\/uploads\/2026\/09\/image-20-1024x682.png 1024w, https:\/\/corrientesdetarde.com\/wp-content\/uploads\/2026\/09\/image-20-300x200.png 300w, https:\/\/corrientesdetarde.com\/wp-content\/uploads\/2026\/09\/image-20-768x512.png 768w, https:\/\/corrientesdetarde.com\/wp-content\/uploads\/2026\/09\/image-20-1536x1024.png 1536w, https:\/\/corrientesdetarde.com\/wp-content\/uploads\/2026\/09\/image-20-2048x1365.png 2048w\" sizes=\"auto, (max-width: 1024px) 100vw, 1024px\" \/><\/figure>\n","protected":false},"excerpt":{"rendered":"<p>\u00d1ANDE HUERTA La iniciativa de la Secretar\u00eda de Desarrollo Humano finaliz\u00f3 un ciclo de tres talleres te\u00f3ricos y pr\u00e1cticos en la Oficina de Empleo y en los Centros de Integraci\u00f3n&hellip; <\/p>\n","protected":false},"author":8,"featured_media":269616,"comment_status":"closed","ping_status":"open","sticky":false,"template":"","format":"standard","meta":{"footnotes":""},"categories":[17],"tags":[],"class_list":["post-269614","post","type-post","status-publish","format-standard","has-post-thumbnail","hentry","category-sociales"],"_links":{"self":[{"href":"https:\/\/corrientesdetarde.com\/index.php\/wp-json\/wp\/v2\/posts\/269614","targetHints":{"allow":["GET"]}}],"collection":[{"href":"https:\/\/corrientesdetarde.com\/index.php\/wp-json\/wp\/v2\/posts"}],"about":[{"href":"https:\/\/corrientesdetarde.com\/index.php\/wp-json\/wp\/v2\/types\/post"}],"author":[{"embeddable":true,"href":"https:\/\/corrientesdetarde.com\/index.php\/wp-json\/wp\/v2\/users\/8"}],"replies":[{"embeddable":true,"href":"https:\/\/corrientesdetarde.com\/index.php\/wp-json\/wp\/v2\/comments?post=269614"}],"version-history":[{"count":1,"href":"https:\/\/corrientesdetarde.com\/index.php\/wp-json\/wp\/v2\/posts\/269614\/revisions"}],"predecessor-version":[{"id":269620,"href":"https:\/\/corrientesdetarde.com\/index.php\/wp-json\/wp\/v2\/posts\/269614\/revisions\/269620"}],"wp:featuredmedia":[{"embeddable":true,"href":"https:\/\/corrientesdetarde.com\/index.php\/wp-json\/wp\/v2\/media\/269616"}],"wp:attachment":[{"href":"https:\/\/corrientesdetarde.com\/index.php\/wp-json\/wp\/v2\/media?parent=269614"}],"wp:term":[{"taxonomy":"category","embeddable":true,"href":"https:\/\/corrientesdetarde.com\/index.php\/wp-json\/wp\/v2\/categories?post=269614"},{"taxonomy":"post_tag","embeddable":true,"href":"https:\/\/corrientesdetarde.com\/index.php\/wp-json\/wp\/v2\/tags?post=269614"}],"curies":[{"name":"wp","href":"https:\/\/api.w.org\/{rel}","templated":true}]}}