{"id":26962,"date":"2022-12-12T18:37:51","date_gmt":"2022-12-12T21:37:51","guid":{"rendered":"https:\/\/corrientesdetarde.com\/?p=26962"},"modified":"2022-12-12T18:37:54","modified_gmt":"2022-12-12T21:37:54","slug":"con-di-maria-y-de-paul-argentina-completo-la-ultima-practica-antes-de-la-semifinal","status":"publish","type":"post","link":"https:\/\/corrientesdetarde.com\/index.php\/deportes\/con-di-maria-y-de-paul-argentina-completo-la-ultima-practica-antes-de-la-semifinal\/","title":{"rendered":"Con Di Mar\u00eda y De Paul, Argentina complet\u00f3 la \u00faltima pr\u00e1ctica antes de la semifinal"},"content":{"rendered":"\n<p><a href=\"javascript:void(0);\"><\/a>El volante del Sevilla, que arrastra un esguince, realiz\u00f3 trabajos de kinesiolog\u00eda. Di Mar\u00eda y De Paul trabajaron a la par del resto de los jugadores.<\/p>\n\n\n\n<p>El plantel del seleccionado argentino complet\u00f3 la \u00faltima pr\u00e1ctica previa al partido de este martes ante Croacia por la semifinal del Mundial, con \u00c1ngel Di Mar\u00eda y Rodrigo De Paul a la par del grupo pero sin Alejandro &#8220;Papu&#8221; G\u00f3mez, quien fue el \u00fanico que trabaj\u00f3 diferenciado.<\/p>\n\n\n\n<p>En el inicio del entrenamiento en la Universidad de Qatar, \u00c1ngel Di Mar\u00eda y Rodrigo De Paul hicieron los primeros trabajos f\u00edsicos a la par de sus compa\u00f1eros durante los quince minutos que fueron abiertos a la prensa.<\/p>\n\n\n\n<p>Luego de\u00a0la conferencia de prensa que brindo en el Centro de Medios de Doha Lionel Scaloni encabez\u00f3 la \u00faltima pr\u00e1ctica y realiz\u00f3 las \u00faltimas pruebas para definir el equipo que enfrentar\u00e1 a Croacia.<\/p>\n\n\n\n<p><strong>El \u00fanico que se entren\u00f3 diferenciado fue Alejandro &#8220;Papu&#8221; G\u00f3mez, quien se movi\u00f3 junto a uno de los kinesi\u00f3logos en la cancha donde estaban los arqueros<\/strong>&nbsp;Emiliano Mart\u00ednez, Franco Armani, Ger\u00f3nimo Rulli y el juvenil Federico Gomes Gerth.<\/p>\n\n\n\n<p>El jugador de Sevilla todav\u00eda no est\u00e1 completamente recuperado del esguince en el tobillo izquierdo que sufri\u00f3 durante el partido ante Australia.<\/p>\n\n\n\n<p>Luego de dos d\u00edas de recuperaci\u00f3n y poca exigencia tras disputar 120 minutos ante Pa\u00edses Bajos en cuartos de final,&nbsp;<strong>el cuerpo t\u00e9cnico dispuso<\/strong>, ya a puertas cerradas,&nbsp;<strong>unos trabajos t\u00e1cticos en defensa y ataque en los que dej\u00f3 algunos indicios de lo que pretende del equipo para este martes.<\/strong><\/p>\n\n\n\n<p>La primera certeza es que Nicol\u00e1s Tagliafico ingresar\u00e1 por el suspendido Marcos Acu\u00f1a, quien se perder\u00e1 el partido por dos tarjetas amarillas como Gonzalo Montiel.<\/p>\n\n\n\n<p>La segunda es que\u00a0<strong>seguramente desarmar\u00e1 la l\u00ednea de cinco que utiliz\u00f3 ante Pa\u00edses Bajos con la salida del equipo de Lisandro Mart\u00ednez<\/strong>\u00a0pero resta resolver quien lo reemplazar\u00e1.<\/p>\n\n\n\n<p><strong>Si juega &#8220;Fideo&#8221;, la formaci\u00f3n volver\u00e1 al tradicional esquema de cuatro defensores, tres volantes y tres delanteros<\/strong>&nbsp;con el rosarino como extremo por preferentemente por la derecha.<\/p>\n\n\n\n<p>La otra variante es el ingreso de Leandro Paredes por Lisandro Mart\u00ednez y armar un mediocampo con cuatro jugadores para contrarrestar el sector m\u00e1s valioso del equipo croata por la presencia de Luka Modric, Marcelo Brozovic y Mateo Kovacic.<\/p>\n\n\n\n<p>Argentina y Croacia se enfrentar\u00e1n desde las 16 en el Estadio Lusail, con arbitraje del italiano Daniele Orsato, el mismo que estuvo a cargo del segundo partido de la &#8220;Albiceleste&#8221; en el Mundial, que fue victoria por 2-0 ante M\u00e9xico.<\/p>\n","protected":false},"excerpt":{"rendered":"<p>El volante del Sevilla, que arrastra un esguince, realiz\u00f3 trabajos de kinesiolog\u00eda. Di Mar\u00eda y De Paul trabajaron a la par del resto de los jugadores. El plantel del seleccionado&hellip; <\/p>\n","protected":false},"author":8,"featured_media":26963,"comment_status":"closed","ping_status":"open","sticky":false,"template":"","format":"standard","meta":{"footnotes":""},"categories":[4],"tags":[],"class_list":["post-26962","post","type-post","status-publish","format-standard","has-post-thumbnail","hentry","category-deportes"],"_links":{"self":[{"href":"https:\/\/corrientesdetarde.com\/index.php\/wp-json\/wp\/v2\/posts\/26962","targetHints":{"allow":["GET"]}}],"collection":[{"href":"https:\/\/corrientesdetarde.com\/index.php\/wp-json\/wp\/v2\/posts"}],"about":[{"href":"https:\/\/corrientesdetarde.com\/index.php\/wp-json\/wp\/v2\/types\/post"}],"author":[{"embeddable":true,"href":"https:\/\/corrientesdetarde.com\/index.php\/wp-json\/wp\/v2\/users\/8"}],"replies":[{"embeddable":true,"href":"https:\/\/corrientesdetarde.com\/index.php\/wp-json\/wp\/v2\/comments?post=26962"}],"version-history":[{"count":1,"href":"https:\/\/corrientesdetarde.com\/index.php\/wp-json\/wp\/v2\/posts\/26962\/revisions"}],"predecessor-version":[{"id":26964,"href":"https:\/\/corrientesdetarde.com\/index.php\/wp-json\/wp\/v2\/posts\/26962\/revisions\/26964"}],"wp:featuredmedia":[{"embeddable":true,"href":"https:\/\/corrientesdetarde.com\/index.php\/wp-json\/wp\/v2\/media\/26963"}],"wp:attachment":[{"href":"https:\/\/corrientesdetarde.com\/index.php\/wp-json\/wp\/v2\/media?parent=26962"}],"wp:term":[{"taxonomy":"category","embeddable":true,"href":"https:\/\/corrientesdetarde.com\/index.php\/wp-json\/wp\/v2\/categories?post=26962"},{"taxonomy":"post_tag","embeddable":true,"href":"https:\/\/corrientesdetarde.com\/index.php\/wp-json\/wp\/v2\/tags?post=26962"}],"curies":[{"name":"wp","href":"https:\/\/api.w.org\/{rel}","templated":true}]}}