{"id":269621,"date":"2026-09-01T16:30:50","date_gmt":"2026-09-01T19:30:50","guid":{"rendered":"https:\/\/corrientesdetarde.com\/?p=269621"},"modified":"2026-09-01T16:30:55","modified_gmt":"2026-09-01T19:30:55","slug":"san-lorenzo-confirmo-la-rescision-del-contrato-de-pipo-gorosito-tras-ocho-partidos","status":"publish","type":"post","link":"https:\/\/corrientesdetarde.com\/index.php\/deportes\/san-lorenzo-confirmo-la-rescision-del-contrato-de-pipo-gorosito-tras-ocho-partidos\/","title":{"rendered":"San Lorenzo confirm\u00f3 la rescisi\u00f3n del contrato de Pipo Gorosito tras ocho partidos"},"content":{"rendered":"\n<p>La derrota ante Instituto profundiz\u00f3 la crisis y sentenci\u00f3 el ciclo de Pipo. Con solo siete puntos en el Torneo Clausura y relegado al pen\u00faltimo lugar de la Zona A, el club decidi\u00f3 un abrupto cambio de rumbo.<\/p>\n\n\n\n<p>La\u00a0<strong>derrota por 1-0 ante Instituto<\/strong>\u00a0profundiz\u00f3 la crisis de San Lorenzo y precipit\u00f3 el final del ciclo de\u00a0<strong>Pipo Gorosito<\/strong>, que apenas dur\u00f3 ocho partidos. El DT se hab\u00eda aferrado a la continuidad en la conferencia de prensa posterior a la ca\u00edda en C\u00f3rdoba, pero la dirigencia decidi\u00f3 un cambio de rumbo ante la falta de resultados y de rendimiento del equipo en el Torneo Clausura.<\/p>\n\n\n\n<p>El DT ten\u00eda previsto dirigir el entrenamiento de hoy en la Ciudad Deportiva, pero el presidente,\u00a0<strong>Marcelo Culotta<\/strong>, lo cit\u00f3 a una reuni\u00f3n previa, en un indicio de desenlace.<\/p>\n\n\n\n<p>A trav\u00e9s de un comunicado oficial, el Cicl\u00f3n oficializ\u00f3 la salida de Pipo. \u201c<strong>San Lorenzo informa que N\u00e9stor Gorosito no continuar\u00e1 como entrenador del equipo de Primera Divisi\u00f3n.<\/strong>&nbsp;De com\u00fan acuerdo, se resolvi\u00f3 finalizar su v\u00ednculo contractual con el club\u201d, escribieron.<\/p>\n\n\n\n<p>Adem\u00e1s, en este texto, revelaron que&nbsp;<strong>Walter Perazzo se har\u00e1 cargo del entrenamiento de esta tarde.<\/strong><\/p>\n\n\n\n<figure class=\"wp-block-image\"><img decoding=\"async\" src=\"https:\/\/tn.com.ar\/resizer\/v2\/san-lorenzo-oficializo-la-salida-de-pipo-gorosito-foto-sanlorenzo-P6EP3MP3VZBQHOC7EDQ7UFE7EI.PNG?auth=6c117aacad1568e28fe569d23dc230c38224eb6560d4b09894ce459765aa22eb&amp;width=767\" alt=\"San Lorenzo oficializ\u00f3 la salida de Pipo Gorosito. (Foto: @SanLorenzo)\"\/><\/figure>\n\n\n\n<p>Aunque el presidente todav\u00eda lo respaldaba, la mayor\u00eda de los miembros de CD daba el ciclo por cumplido por la opaca imagen del equipo en la cancha, por lo que le comunicaron la decisi\u00f3n de interrumpir el contrato.<\/p>\n\n\n\n<p>Gorosito inici\u00f3 su segundo ciclo como t\u00e9cnico de San Lorenzo a principios de julio, tras la sorpresiva salida de Gustavo \u00c1lvarez. En su debut oficial, qued\u00f3 eliminado de la Copa Argentina ante Deportivo Riestra y en las siete primeras fechas del Clausura acumul\u00f3 dos triunfos, un empate y cuatro derrotas.<\/p>\n\n\n\n<p>Uno de esos reveses fue en el cl\u00e1sico ante Hurac\u00e1n, en el que el equipo volvi\u00f3 a perder en el Nuevo Gas\u00f3metro despu\u00e9s de 25 a\u00f1os.<\/p>\n\n\n\n<p>Con su magra campa\u00f1a, San Lorenzo ocupa el pen\u00faltimo puesto en la Zona A (dos puntos por encima de Talleres, su pr\u00f3ximo rival) y qued\u00f3 a ocho puntos de la zona de copas internacionales en la tabla anual.<\/p>\n\n\n\n<h2 class=\"wp-block-heading\"><strong>Las declaraciones de Gorosito tras la derrota con Instituto<\/strong><\/h2>\n\n\n\n<p>Pese a la crisis deportiva, Pipo Gorosito expres\u00f3 su deseo de continuar en el cargo tras la derrota en C\u00f3rdoba. El DT analiz\u00f3 que las falencias del equipo resid\u00edan especialmente en ataque, algo que esperaba resolver a partir del siguiente juego con la incorporaci\u00f3n de Facundo Far\u00eds. \u201cEs lo que nos est\u00e1 faltando: tener mayor volumen en los \u00faltimos metros, la pausa y un poquito m\u00e1s de claridad. La llegada de Far\u00edas le va a cambiar la cara por completo al equipo, a mi entender\u201d.<\/p>\n\n\n\n<figure class=\"wp-block-image\"><img decoding=\"async\" src=\"https:\/\/tn.com.ar\/resizer\/v2\/instituto-le-gano-a-san-lorenzo-por-1-0-y-profundizo-la-crisis-del-ciclon-foto-institutoacc-en-x-35J7EZGE2FEAZND44CBQHXWKVY.jpg?auth=2f661d2fb5ce85dc8b1ddac50ba964a00baa5ec0fec7c6cf62f83922244b2788&amp;width=767\" alt=\"Instituto le gan\u00f3 a San Lorenzo por 1-0 y profundiz\u00f3 la crisis del Cicl\u00f3n. (Foto: @InstitutoACC en X)\"\/><\/figure>\n\n\n\n<p>Al ser consultado sobre el rol t\u00e1ctico que ocupar\u00e1 el nuevo futbolista en la alineaci\u00f3n, Gorosito detall\u00f3 las variantes que le ofrece para la zona de gestaci\u00f3n.&nbsp;<strong>\u201cNormalmente su posici\u00f3n es jugar atr\u00e1s del nueve.&nbsp;<\/strong>Sus inicios fueron casi de centrodelantero y despu\u00e9s pas\u00f3 a jugar un poquito m\u00e1s atr\u00e1s\u201d, explic\u00f3 respecto a las dudas sobre c\u00f3mo encajar\u00e1 en la delantera.<\/p>\n\n\n\n<p>Las declaraciones del t\u00e9cnico se dan en un marco de crisis alarmante desde su retorno a la instituci\u00f3n. Desde que asumi\u00f3 tras la salida de Gustavo \u00c1lvarez,&nbsp;<strong>Gorosito apenas cosech\u00f3 siete unidades en el torneo&nbsp;<\/strong>producto de dos triunfos, un empate y cuatro derrotas, cifra a la que se suma la prematura eliminaci\u00f3n por penales ante Deportivo Riestra en la Copa Argentina.<\/p>\n\n\n\n<figure class=\"wp-block-image\"><img decoding=\"async\" src=\"https:\/\/tn.com.ar\/resizer\/v2\/el-mal-momento-de-san-lorenzo-lleva-varios-meses-y-pipo-gorosito-no-puede-cortar-la-mala-racha-fotobaires-LT6QVGABBRDRPOALHFREZ2Q52Y.jpg?auth=4b756214b141d0b0c1633ceaebb12e8812ee47b987a7f21c408eeea1cfaaccfb&amp;width=767\" alt=\"El mal momento de San Lorenzo lleva varios meses y Pipo Gorosito no puede cortar la mala racha. (Fotobaires)\"\/><\/figure>\n\n\n\n<p>Con la salida de Gorosito, San Lorenzo comenzar\u00e1 la b\u00fasqueda de un reemplazante. Los primeros nombres que suenan son los de Rub\u00e9n Dar\u00edo Ins\u00faa y Leandro Romagnoli. Tambi\u00e9n interesa Gustavo Quinteros, que tiene pasado campe\u00f3n como jugador, aunque su intenci\u00f3n ser\u00eda permanecer sin trabajar tras su reciente salida de Independiente.<\/p>\n","protected":false},"excerpt":{"rendered":"<p>La derrota ante Instituto profundiz\u00f3 la crisis y sentenci\u00f3 el ciclo de Pipo. Con solo siete puntos en el Torneo Clausura y relegado al pen\u00faltimo lugar de la Zona A,&hellip; <\/p>\n","protected":false},"author":8,"featured_media":269622,"comment_status":"closed","ping_status":"open","sticky":false,"template":"","format":"standard","meta":{"footnotes":""},"categories":[4],"tags":[],"class_list":["post-269621","post","type-post","status-publish","format-standard","has-post-thumbnail","hentry","category-deportes"],"_links":{"self":[{"href":"https:\/\/corrientesdetarde.com\/index.php\/wp-json\/wp\/v2\/posts\/269621","targetHints":{"allow":["GET"]}}],"collection":[{"href":"https:\/\/corrientesdetarde.com\/index.php\/wp-json\/wp\/v2\/posts"}],"about":[{"href":"https:\/\/corrientesdetarde.com\/index.php\/wp-json\/wp\/v2\/types\/post"}],"author":[{"embeddable":true,"href":"https:\/\/corrientesdetarde.com\/index.php\/wp-json\/wp\/v2\/users\/8"}],"replies":[{"embeddable":true,"href":"https:\/\/corrientesdetarde.com\/index.php\/wp-json\/wp\/v2\/comments?post=269621"}],"version-history":[{"count":1,"href":"https:\/\/corrientesdetarde.com\/index.php\/wp-json\/wp\/v2\/posts\/269621\/revisions"}],"predecessor-version":[{"id":269623,"href":"https:\/\/corrientesdetarde.com\/index.php\/wp-json\/wp\/v2\/posts\/269621\/revisions\/269623"}],"wp:featuredmedia":[{"embeddable":true,"href":"https:\/\/corrientesdetarde.com\/index.php\/wp-json\/wp\/v2\/media\/269622"}],"wp:attachment":[{"href":"https:\/\/corrientesdetarde.com\/index.php\/wp-json\/wp\/v2\/media?parent=269621"}],"wp:term":[{"taxonomy":"category","embeddable":true,"href":"https:\/\/corrientesdetarde.com\/index.php\/wp-json\/wp\/v2\/categories?post=269621"},{"taxonomy":"post_tag","embeddable":true,"href":"https:\/\/corrientesdetarde.com\/index.php\/wp-json\/wp\/v2\/tags?post=269621"}],"curies":[{"name":"wp","href":"https:\/\/api.w.org\/{rel}","templated":true}]}}