{"id":269624,"date":"2026-09-01T16:37:11","date_gmt":"2026-09-01T19:37:11","guid":{"rendered":"https:\/\/corrientesdetarde.com\/?p=269624"},"modified":"2026-09-01T16:37:23","modified_gmt":"2026-09-01T19:37:23","slug":"mas-de-dos-meses-despues-de-los-terremotos-el-aeropuerto-internacional-de-caracas-reanudo-sus-operaciones-comerciales","status":"publish","type":"post","link":"https:\/\/corrientesdetarde.com\/index.php\/internacionales\/mas-de-dos-meses-despues-de-los-terremotos-el-aeropuerto-internacional-de-caracas-reanudo-sus-operaciones-comerciales\/","title":{"rendered":"M\u00e1s de dos meses despu\u00e9s de los terremotos, el aeropuerto internacional de Caracas reanud\u00f3 sus operaciones comerciales"},"content":{"rendered":"\n<p>En una primera etapa, recuperar\u00e1 el 25% de los servicios a\u00e9reos que ten\u00eda antes de los sismos del 24 de junio.<\/p>\n\n\n\n<p>El aeropuerto internacional Sim\u00f3n Bol\u00edvar, el m\u00e1s importante de\u00a0Venezuela, reanud\u00f3 este martes sus operaciones comerciales tras los graves da\u00f1os sufridos durante los terremotos de junio. Lo anunci\u00f3 el ministro de Transporte,<strong>\u00a0Francisco Garc\u00e9s<\/strong>.<\/p>\n\n\n\n<p>El aeropuerto, que sirve a Caracas, est\u00e1 ubicado en el estado La Guaira, el m\u00e1s golpeado por los sismos del 24 de junio.<\/p>\n\n\n\n<p>Fue reabierto \u201cdespu\u00e9s de un trabajo arduo, intenso, muy importante y sobre todo muy profesional\u201d, dijo Garc\u00e9s a la prensa.<\/p>\n\n\n\n<h2 class=\"wp-block-heading\">El primer vuelo parti\u00f3 rumbo a M\u00e9xico<\/h2>\n\n\n\n<p>Este lunes cerca de las 10:00 locales (11:00 de la Argentina) parti\u00f3 un vuelo de Coviasa hacia la Ciudad de M\u00e9xico, seg\u00fan un comunicado del aeropuerto.<\/p>\n\n\n\n<p>Un avi\u00f3n de la l\u00ednea Global Crossing procedente de Miami aterriz\u00f3 una media hora despu\u00e9s, dijo un funcionario del aeropuerto.<\/p>\n\n\n\n<p>Luego de la cat\u00e1strofe, ocurrida el 24 de junio y que dej\u00f3o m\u00e1s de 6500 muertos, la terminal a\u00e9rea oper\u00f3 \u00fanicamente para vuelos humanitarios.<\/p>\n\n\n\n<figure class=\"wp-block-image\"><img decoding=\"async\" src=\"https:\/\/tn.com.ar\/resizer\/v2\/el-aeropuerto-de-caracas-reanudo-sus-operaciones-comerciales-foto-de-archivo-efe-L5WUK2XHMBHUVENBPPZAZQTHHM.jfif?auth=905a280715c791ef1e178633ed1ebc439b2af59943e929b5383f4258e80d31d2&amp;width=767\" alt=\"El aeropuerto de Caracas reanud\u00f3 sus operaciones comerciales (Foto de archivo: EFE)\"\/><\/figure>\n\n\n\n<p><strong>La principal pista de aterrizaje qued\u00f3 parcialmente da\u00f1ada por los sismos.<\/strong>&nbsp;Los vuelos de carga se hab\u00edan reactivado el 5 de agosto.<\/p>\n\n\n\n<p>Las operaciones comerciales se desviaron a otras terminales a\u00e9reas con menor capacidad en Valencia, Maracay y Barquisimeto, al oeste de Caracas, as\u00ed como Barcelona, al este.<\/p>\n\n\n\n<p>\u201cLas pistas del aeropuerto tambi\u00e9n est\u00e1n en pleno funcionamiento\u201d y el aeropuerto cuenta con \u201ctodas las medidas de seguridad\u201d, asegur\u00f3 Garc\u00e9s.<\/p>\n\n\n\n<p>\u201cLos servicios aeron\u00e1uticos de radioayudas, radares, etc\u00e9tera est\u00e1n totalmente puestos a disposici\u00f3n y totalmente en funcionamiento\u201d, agreg\u00f3.<\/p>\n\n\n\n<p>Dos terminales provisionales de salida y otros dos de llegada fueron habilitadas en enormes carpas afuera de la infraestructura afectada, seg\u00fan detall\u00f3 hace unos d\u00edas el aeropuerto en sus redes sociales.<\/p>\n\n\n\n<p>De acuerdo con el ministro, el aeropuerto recuperar\u00e1 de manera inicial el 25% de las operaciones que ten\u00eda antes de los sismos, despu\u00e9s aumentar\u00e1n de manera paulatina al 40% en dos meses y al 60% a finales de este a\u00f1o.<\/p>\n\n\n\n<p>Tras los terremotos, Estados Unidos apoy\u00f3 a las autoridades venezolanas con asistencia t\u00e9cnica y log\u00edstica en los vuelos humanitarios que llegaron a esa terminal.<\/p>\n\n\n\n<p>Antes de los sismos, este aeropuerto operaba 112 vuelos diarios, distribuidos en 56 llegadas y 56 salidas.<\/p>\n\n\n\n<p><strong>Estados Unidos y Venezuela reanudaron en abril los vuelos comerciales tras siete a\u00f1os interrumpidos,<\/strong>&nbsp;lo que signific\u00f3 un paso en la normalizaci\u00f3n de las relaciones entre ambos pa\u00edses tras la captura de Nicol\u00e1s Maduro en enero por fuerzas estadounidenses.<\/p>\n","protected":false},"excerpt":{"rendered":"<p>En una primera etapa, recuperar\u00e1 el 25% de los servicios a\u00e9reos que ten\u00eda antes de los sismos del 24 de junio. El aeropuerto internacional Sim\u00f3n Bol\u00edvar, el m\u00e1s importante de\u00a0Venezuela,&hellip; <\/p>\n","protected":false},"author":8,"featured_media":269625,"comment_status":"closed","ping_status":"open","sticky":false,"template":"","format":"standard","meta":{"footnotes":""},"categories":[11],"tags":[],"class_list":["post-269624","post","type-post","status-publish","format-standard","has-post-thumbnail","hentry","category-internacionales"],"_links":{"self":[{"href":"https:\/\/corrientesdetarde.com\/index.php\/wp-json\/wp\/v2\/posts\/269624","targetHints":{"allow":["GET"]}}],"collection":[{"href":"https:\/\/corrientesdetarde.com\/index.php\/wp-json\/wp\/v2\/posts"}],"about":[{"href":"https:\/\/corrientesdetarde.com\/index.php\/wp-json\/wp\/v2\/types\/post"}],"author":[{"embeddable":true,"href":"https:\/\/corrientesdetarde.com\/index.php\/wp-json\/wp\/v2\/users\/8"}],"replies":[{"embeddable":true,"href":"https:\/\/corrientesdetarde.com\/index.php\/wp-json\/wp\/v2\/comments?post=269624"}],"version-history":[{"count":1,"href":"https:\/\/corrientesdetarde.com\/index.php\/wp-json\/wp\/v2\/posts\/269624\/revisions"}],"predecessor-version":[{"id":269626,"href":"https:\/\/corrientesdetarde.com\/index.php\/wp-json\/wp\/v2\/posts\/269624\/revisions\/269626"}],"wp:featuredmedia":[{"embeddable":true,"href":"https:\/\/corrientesdetarde.com\/index.php\/wp-json\/wp\/v2\/media\/269625"}],"wp:attachment":[{"href":"https:\/\/corrientesdetarde.com\/index.php\/wp-json\/wp\/v2\/media?parent=269624"}],"wp:term":[{"taxonomy":"category","embeddable":true,"href":"https:\/\/corrientesdetarde.com\/index.php\/wp-json\/wp\/v2\/categories?post=269624"},{"taxonomy":"post_tag","embeddable":true,"href":"https:\/\/corrientesdetarde.com\/index.php\/wp-json\/wp\/v2\/tags?post=269624"}],"curies":[{"name":"wp","href":"https:\/\/api.w.org\/{rel}","templated":true}]}}