{"id":269634,"date":"2026-09-01T16:56:57","date_gmt":"2026-09-01T19:56:57","guid":{"rendered":"https:\/\/corrientesdetarde.com\/?p=269634"},"modified":"2026-09-01T16:57:09","modified_gmt":"2026-09-01T19:57:09","slug":"tras-una-reunion-de-gabinete-con-foco-en-malvinas-karina-milei-discutio-con-la-mesa-politica-la-agenda-legislativa-del-gobierno","status":"publish","type":"post","link":"https:\/\/corrientesdetarde.com\/index.php\/nacionales\/tras-una-reunion-de-gabinete-con-foco-en-malvinas-karina-milei-discutio-con-la-mesa-politica-la-agenda-legislativa-del-gobierno\/","title":{"rendered":"Tras una reuni\u00f3n de Gabinete con foco en Malvinas, Karina Milei discuti\u00f3 con la mesa pol\u00edtica la agenda legislativa del Gobierno"},"content":{"rendered":"\n<p>La secretaria General de la Presidencia estuvo al frente del encuentro en Casa Rosada, en el que se abord\u00f3 la estrategia parlamentaria de La Libertad Avanza.\u00a0 Los principales proyectos que debatir\u00e1 el oficialismo en el Congreso.<\/p>\n\n\n\n<p>La secretaria general de la Presidencia,<strong>&nbsp;Karina Milei<\/strong>, condujo este martes la&nbsp;<strong>Mesa Pol\u00edtica<\/strong>&nbsp;semanal del oficialismo. En el encuentro se discuti\u00f3 principalmente la&nbsp;<strong>agenda legislativa&nbsp;<\/strong>que impulsa el Gobierno, que incluye el proyecto de eliminaci\u00f3n de las Primarias, Abiertas, Simult\u00e1neas y Obligatorias (PASO) y otras iniciativas.<\/p>\n\n\n\n<p>La cita con los principales estrategas pol\u00edticos del Gobierno se extendi\u00f3 por<strong>\u00a0poco m\u00e1s de dos horas<\/strong>\u00a0luego de la\u00a0reuni\u00f3n de Gabinete encabezada por Javier Milei.\u00a0All\u00ed, el Presidente repas\u00f3 \u201clos logros del plan econ\u00f3mico del Gobierno\u201d y las pol\u00edticas que llevan adelante los diferentes ministerios, adem\u00e1s de una menci\u00f3n especial a las\u00a0<strong>negociaciones diplom\u00e1ticas por las Islas Malvinas.<\/strong><\/p>\n\n\n\n<p>Seg\u00fan pudo saber este medio, este \u00faltimo tema no fue abordado en la mesa pol\u00edtica, sino que qued\u00f3\u00a0<strong>por completo en manos de Milei<\/strong>. El mandatario\u00a0protagonizar\u00e1 el jueves a las 21 una cadena nacional\u00a0cuyo contenido, todav\u00eda reservado, es trabajado junto al canciller Pablo Quirno y la Secretar\u00eda de Inteligencia (SIDE) que responde pol\u00edticamente a Santiago Caputo. El mensaje ser\u00e1 grabado ese mismo d\u00eda al regreso del Presidente de Chile.<\/p>\n\n\n\n<p>Por su parte, con el escenario econ\u00f3mico y las medidas ministeriales abordadas durante la reuni\u00f3n de Gabinete, l<strong>a mesa pol\u00edtica se aboc\u00f3 exclusivamente a tratar la agenda legislativa&nbsp;<\/strong>del oficialismo, que cuenta con varios proyectos clave a tratar pr\u00f3ximamente en el Congreso.<\/p>\n","protected":false},"excerpt":{"rendered":"<p>La secretaria General de la Presidencia estuvo al frente del encuentro en Casa Rosada, en el que se abord\u00f3 la estrategia parlamentaria de La Libertad Avanza.\u00a0 Los principales proyectos que&hellip; <\/p>\n","protected":false},"author":8,"featured_media":269635,"comment_status":"closed","ping_status":"open","sticky":false,"template":"","format":"standard","meta":{"footnotes":""},"categories":[10],"tags":[],"class_list":["post-269634","post","type-post","status-publish","format-standard","has-post-thumbnail","hentry","category-nacionales"],"_links":{"self":[{"href":"https:\/\/corrientesdetarde.com\/index.php\/wp-json\/wp\/v2\/posts\/269634","targetHints":{"allow":["GET"]}}],"collection":[{"href":"https:\/\/corrientesdetarde.com\/index.php\/wp-json\/wp\/v2\/posts"}],"about":[{"href":"https:\/\/corrientesdetarde.com\/index.php\/wp-json\/wp\/v2\/types\/post"}],"author":[{"embeddable":true,"href":"https:\/\/corrientesdetarde.com\/index.php\/wp-json\/wp\/v2\/users\/8"}],"replies":[{"embeddable":true,"href":"https:\/\/corrientesdetarde.com\/index.php\/wp-json\/wp\/v2\/comments?post=269634"}],"version-history":[{"count":1,"href":"https:\/\/corrientesdetarde.com\/index.php\/wp-json\/wp\/v2\/posts\/269634\/revisions"}],"predecessor-version":[{"id":269636,"href":"https:\/\/corrientesdetarde.com\/index.php\/wp-json\/wp\/v2\/posts\/269634\/revisions\/269636"}],"wp:featuredmedia":[{"embeddable":true,"href":"https:\/\/corrientesdetarde.com\/index.php\/wp-json\/wp\/v2\/media\/269635"}],"wp:attachment":[{"href":"https:\/\/corrientesdetarde.com\/index.php\/wp-json\/wp\/v2\/media?parent=269634"}],"wp:term":[{"taxonomy":"category","embeddable":true,"href":"https:\/\/corrientesdetarde.com\/index.php\/wp-json\/wp\/v2\/categories?post=269634"},{"taxonomy":"post_tag","embeddable":true,"href":"https:\/\/corrientesdetarde.com\/index.php\/wp-json\/wp\/v2\/tags?post=269634"}],"curies":[{"name":"wp","href":"https:\/\/api.w.org\/{rel}","templated":true}]}}