{"id":269645,"date":"2026-09-02T11:51:38","date_gmt":"2026-09-02T14:51:38","guid":{"rendered":"https:\/\/corrientesdetarde.com\/?p=269645"},"modified":"2026-09-02T11:51:43","modified_gmt":"2026-09-02T14:51:43","slug":"parque-mitre-la-municipalidad-pone-en-valor-el-monumento-a-sarmiento-con-una-nueva-intervencion","status":"publish","type":"post","link":"https:\/\/corrientesdetarde.com\/index.php\/locales\/parque-mitre-la-municipalidad-pone-en-valor-el-monumento-a-sarmiento-con-una-nueva-intervencion\/","title":{"rendered":"Parque Mitre: la Municipalidad pone en valor el monumento a Sarmiento con una nueva intervenci\u00f3n"},"content":{"rendered":"\n<p>La obra permitir\u00e1 renovar el espacio donde se encuentra emplazado el busto del expresidente, estrechamente ligado al desarrollo de la educaci\u00f3n nacional. La inauguraci\u00f3n est\u00e1 prevista para el 11 de septiembre, D\u00eda del Maestro, y se integrar\u00e1 a las dem\u00e1s mejoras que el Municipio ejecuta en el hist\u00f3rico paseo.<\/p>\n\n\n\n<p>En el marco de los trabajos de revalorizaci\u00f3n y embellecimiento de los espacios p\u00fablicos, la Municipalidad de Corrientes avanza con la construcci\u00f3n de un nuevo espacio para el monumento en homenaje a Domingo Faustino Sarmiento, ubicado en el parque Mitre.<br><br>La inauguraci\u00f3n est\u00e1 prevista para el 11 de septiembre, D\u00eda del Maestro, fecha instituida en conmemoraci\u00f3n del aniversario del fallecimiento del expresidente, figura estrechamente vinculada al desarrollo de la educaci\u00f3n en el pa\u00eds.<br><\/p>\n\n\n\n<figure class=\"wp-block-image size-full\"><img loading=\"lazy\" decoding=\"async\" width=\"838\" height=\"731\" src=\"https:\/\/corrientesdetarde.com\/wp-content\/uploads\/2026\/09\/image-30.png\" alt=\"\" class=\"wp-image-269705\" srcset=\"https:\/\/corrientesdetarde.com\/wp-content\/uploads\/2026\/09\/image-30.png 838w, https:\/\/corrientesdetarde.com\/wp-content\/uploads\/2026\/09\/image-30-300x262.png 300w, https:\/\/corrientesdetarde.com\/wp-content\/uploads\/2026\/09\/image-30-768x670.png 768w\" sizes=\"auto, (max-width: 838px) 100vw, 838px\" \/><\/figure>\n\n\n\n<p><br>Por estos d\u00edas, los trabajos se encuentran en su etapa final en lo referido a la base estructural del nuevo monumento. Una vez completada esta instancia, se avanzar\u00e1 con las tareas de revestimiento y terminaci\u00f3n.<br><br>El proyecto contempla adem\u00e1s la puesta en valor del entorno inmediato, con la incorporaci\u00f3n de flores ornamentales, senderos y otros elementos paisaj\u00edsticos, con el prop\u00f3sito de realzar el espacio dedicado a la figura de Sarmiento, reconocido como uno de los grandes impulsores de la educaci\u00f3n argentina.<br><br>M\u00c1S OBRAS EN EL PARQUE<br>La nueva intervenci\u00f3n se integra al conjunto de trabajos que la Municipalidad lleva adelante en el parque Mitre para recuperar y embellecer uno de los paseos p\u00fablicos hist\u00f3ricos de la ciudad, que diariamente y, especialmente durante los fines de semana, recibe a miles de vecinos y visitantes.<br><br>En este marco, la Secretar\u00eda de Obras P\u00fablicas ya concret\u00f3 la instalaci\u00f3n de multijuegos infantiles sobre piso de caucho, nuevos elementos para la pr\u00e1ctica de calistenia y la reconversi\u00f3n de parte del sistema de iluminaci\u00f3n del predio.<br><br>La renovaci\u00f3n del equipamiento infantil continuar\u00e1 de manera progresiva, con el reemplazo de las estructuras existentes a medida que avance la instalaci\u00f3n del nuevo mobiliario urbano.<br><br>Asimismo, el Municipio incorpor\u00f3 un kit completo para la pr\u00e1ctica de calistenia, destinado al entrenamiento gimn\u00e1stico y a la actividad f\u00edsica al aire libre. El equipamiento fue colocado sobre una superficie de caucho de alto impacto, aportando mejores condiciones para quienes utilizan este sector del parque.<br><br>En paralelo, se concret\u00f3 una intervenci\u00f3n sobre el sistema de iluminaci\u00f3n mediante el reemplazo de los antiguos cabezales lum\u00ednicos tipo globo por farolas de mayor eficiencia. El recambio tiene como objetivo optimizar la visibilidad durante la noche y reforzar las condiciones de seguridad en los senderos y distintos sectores del paseo.<br><br>De esta manera, la Municipalidad contin\u00faa sumando intervenciones para recuperar y modernizar el parque Mitre, combinando la preservaci\u00f3n de sus elementos hist\u00f3ricos y simb\u00f3licos con nuevas condiciones para el disfrute, el encuentro y la actividad recreativa de los vecinos.<\/p>\n","protected":false},"excerpt":{"rendered":"<p>La obra permitir\u00e1 renovar el espacio donde se encuentra emplazado el busto del expresidente, estrechamente ligado al desarrollo de la educaci\u00f3n nacional. La inauguraci\u00f3n est\u00e1 prevista para el 11 de&hellip; <\/p>\n","protected":false},"author":4,"featured_media":269706,"comment_status":"closed","ping_status":"open","sticky":false,"template":"","format":"standard","meta":{"footnotes":""},"categories":[8],"tags":[],"class_list":["post-269645","post","type-post","status-publish","format-standard","has-post-thumbnail","hentry","category-locales"],"_links":{"self":[{"href":"https:\/\/corrientesdetarde.com\/index.php\/wp-json\/wp\/v2\/posts\/269645","targetHints":{"allow":["GET"]}}],"collection":[{"href":"https:\/\/corrientesdetarde.com\/index.php\/wp-json\/wp\/v2\/posts"}],"about":[{"href":"https:\/\/corrientesdetarde.com\/index.php\/wp-json\/wp\/v2\/types\/post"}],"author":[{"embeddable":true,"href":"https:\/\/corrientesdetarde.com\/index.php\/wp-json\/wp\/v2\/users\/4"}],"replies":[{"embeddable":true,"href":"https:\/\/corrientesdetarde.com\/index.php\/wp-json\/wp\/v2\/comments?post=269645"}],"version-history":[{"count":1,"href":"https:\/\/corrientesdetarde.com\/index.php\/wp-json\/wp\/v2\/posts\/269645\/revisions"}],"predecessor-version":[{"id":269707,"href":"https:\/\/corrientesdetarde.com\/index.php\/wp-json\/wp\/v2\/posts\/269645\/revisions\/269707"}],"wp:featuredmedia":[{"embeddable":true,"href":"https:\/\/corrientesdetarde.com\/index.php\/wp-json\/wp\/v2\/media\/269706"}],"wp:attachment":[{"href":"https:\/\/corrientesdetarde.com\/index.php\/wp-json\/wp\/v2\/media?parent=269645"}],"wp:term":[{"taxonomy":"category","embeddable":true,"href":"https:\/\/corrientesdetarde.com\/index.php\/wp-json\/wp\/v2\/categories?post=269645"},{"taxonomy":"post_tag","embeddable":true,"href":"https:\/\/corrientesdetarde.com\/index.php\/wp-json\/wp\/v2\/tags?post=269645"}],"curies":[{"name":"wp","href":"https:\/\/api.w.org\/{rel}","templated":true}]}}