{"id":269646,"date":"2026-09-02T08:28:17","date_gmt":"2026-09-02T11:28:17","guid":{"rendered":"https:\/\/corrientesdetarde.com\/?p=269646"},"modified":"2026-09-02T08:28:21","modified_gmt":"2026-09-02T11:28:21","slug":"como-estara-el-clima-este-2-de-septiembre-en-corrientes","status":"publish","type":"post","link":"https:\/\/corrientesdetarde.com\/index.php\/locales\/como-estara-el-clima-este-2-de-septiembre-en-corrientes\/","title":{"rendered":"\u00bfComo estara el clima este 2 de septiembre en Corrientes?"},"content":{"rendered":"\n<p>La ciudad de Corrientes comienza este mi\u00e9rcoles 2 de septiembre con un panorama de visibilidad extremadamente reducida debido a la presencia de una densa niebla. Sin embargo, el Servicio Meteorol\u00f3gico Nacional (SMN) anticipa que las condiciones mejorar\u00e1n r\u00e1pidamente hacia el mediod\u00eda, dando paso a una tarde completamente despejada y con una temperatura muy agradable.<\/p>\n\n\n\n<p>A las 6 de la ma\u00f1ana, la capital provincial registr\u00f3 una temperatura de&nbsp;<strong>12.7 \u00b0C<\/strong>, bajo un cielo&nbsp;<strong>despejado con niebla<\/strong>. En ese momento, la humedad se ubic\u00f3 en el&nbsp;<strong>99%<\/strong>, con vientos muy leves del sector&nbsp;<strong>Noroeste a 2 km\/h<\/strong>&nbsp;y una visibilidad horizontal reducida a tan solo&nbsp;<strong>100 metros (0.1 km)<\/strong>. La presi\u00f3n atmosf\u00e9rica marc\u00f3&nbsp;<strong>1010.2 hPa<\/strong>, mientras que la salida del sol se registr\u00f3 a las&nbsp;<strong>07:08<\/strong>&nbsp;y su puesta se prev\u00e9 para las&nbsp;<strong>18:43<\/strong>.<\/p>\n\n\n\n<p><strong>Por la ma\u00f1ana<\/strong>, la temperatura se ubicar\u00e1 en torno a los&nbsp;<strong>14 \u00b0C<\/strong>. Se mantendr\u00e1 el fen\u00f3meno de&nbsp;<strong>niebla<\/strong>&nbsp;en la zona y la probabilidad de precipitaciones ser\u00e1 nula (<strong>0%<\/strong>). Los vientos soplar\u00e1n desde el sector&nbsp;<strong>Noreste (NE)<\/strong>&nbsp;con una velocidad de entre 13 y 22 km\/h.<\/p>\n\n\n\n<p><strong>Por la tarde<\/strong>, se alcanzar\u00e1 la m\u00e1xima prevista de&nbsp;<strong>25 \u00b0C<\/strong>. El cielo se presentar\u00e1 completamente&nbsp;<strong>despejado<\/strong>&nbsp;y los vientos continuar\u00e1n soplando desde el sector&nbsp;<strong>Noreste (NE)<\/strong>&nbsp;a una velocidad de entre 13 y 22 km\/h, manteniendo nula la probabilidad de lluvias (0%).<\/p>\n\n\n\n<p><strong>Por la noche<\/strong>, el term\u00f3metro descender\u00e1 hasta los&nbsp;<strong>20 \u00b0C<\/strong>. Se prev\u00e9 que las condiciones de cielo&nbsp;<strong>despejado<\/strong>&nbsp;se mantengan para el cierre de la jornada, con vientos del sector&nbsp;<strong>Noreste (NE)<\/strong>&nbsp;de entre 13 y 22 km\/h y sin probabilidad de precipitaciones (0%).<\/p>\n\n\n\n<h3 class=\"wp-block-heading\"><strong>PRON\u00d3STICO EXTENDIDO<\/strong><\/h3>\n\n\n\n<p>De acuerdo al informe oficial para los pr\u00f3ximos siete d\u00edas, se anticipa una semana con temperaturas templadas que alcanzar\u00e1n su pico ma\u00f1ana jueves, seguidas por un&nbsp;<strong>marcado descenso t\u00e9rmico<\/strong>&nbsp;de cara al pr\u00f3ximo domingo:<\/p>\n\n\n\n<ul class=\"wp-block-list\">\n<li><strong>Jueves 3:<\/strong>\u00a0Se prev\u00e9 un importante ascenso de la temperatura, con una m\u00ednima de 14 \u00b0C y una m\u00e1xima que llegar\u00e1 a los\u00a0<strong>28 \u00b0C<\/strong>. El cielo estar\u00e1\u00a0<strong>despejado<\/strong>\u00a0por la tarde y noche, aunque se espera\u00a0<strong>neblina<\/strong>\u00a0durante la ma\u00f1ana. Los vientos soplar\u00e1n constantes del sector\u00a0<strong>Noreste (NE)<\/strong>\u00a0de entre 13 y 22 km\/h.<\/li>\n\n\n\n<li><strong>Viernes 4:<\/strong>\u00a0La temperatura oscilar\u00e1 entre los 15 \u00b0C de m\u00ednima y los\u00a0<strong>25 \u00b0C<\/strong>\u00a0de m\u00e1xima. El cielo se presentar\u00e1\u00a0<strong>algo nublado<\/strong>, con una probabilidad baja de lluvias de entre el\u00a0<strong>10 y 40%<\/strong>\u00a0por la ma\u00f1ana, mejorando hacia la tarde con una probabilidad de entre 0 y 10%.<\/li>\n\n\n\n<li><strong>S\u00e1bado 5:<\/strong>\u00a0Comenzar\u00e1 a sentirse el ingreso de aire m\u00e1s fr\u00edo, con una m\u00ednima de 12 \u00b0C y una m\u00e1xima de\u00a0<strong>20 \u00b0C<\/strong>. El cielo estar\u00e1\u00a0<strong>algo nublado<\/strong>\u00a0y los vientos rotar\u00e1n hacia el sector\u00a0<strong>Sudeste (SE)<\/strong>\u00a0con una velocidad de entre 13 y 22 km\/h.<\/li>\n\n\n\n<li><strong>Domingo 6:<\/strong>\u00a0Se espera un\u00a0<strong>marcado descenso de la temperatura<\/strong>, registr\u00e1ndose una fr\u00eda m\u00ednima de apenas\u00a0<strong>7 \u00b0C<\/strong>\u00a0y una m\u00e1xima de\u00a0<strong>18 \u00b0C<\/strong>. El cielo se presentar\u00e1 completamente\u00a0<strong>despejado<\/strong>, bajo la influencia de vientos constantes del sector\u00a0<strong>Sudeste (SE)<\/strong>.<\/li>\n\n\n\n<li><strong>Lunes 7:<\/strong>\u00a0Ser\u00e1 la ma\u00f1ana m\u00e1s fr\u00eda del periodo, con una temperatura m\u00ednima de apenas\u00a0<strong>6 \u00b0C<\/strong>\u00a0y una m\u00e1xima de\u00a0<strong>18 \u00b0C<\/strong>. El cielo continuar\u00e1\u00a0<strong>despejado<\/strong>, con vientos del sector\u00a0<strong>Este (E)<\/strong>\u00a0por la ma\u00f1ana y del\u00a0<strong>Sudeste (SE)<\/strong>\u00a0por la tarde.<\/li>\n\n\n\n<li><strong>Martes 8:<\/strong>\u00a0Los registros t\u00e9rmicos comenzar\u00e1n a recuperarse levemente, situ\u00e1ndose la m\u00ednima en 9 \u00b0C y la m\u00e1xima alcanzando los\u00a0<strong>21 \u00b0C<\/strong>. El cielo se mantendr\u00e1\u00a0<strong>despejado<\/strong>\u00a0durante toda la jornada, con vientos suaves del sector\u00a0<strong>Sudeste (SE)<\/strong>\u00a0de entre 7 y 12 km\/h.<\/li>\n<\/ul>\n","protected":false},"excerpt":{"rendered":"<p>La ciudad de Corrientes comienza este mi\u00e9rcoles 2 de septiembre con un panorama de visibilidad extremadamente reducida debido a la presencia de una densa niebla. Sin embargo, el Servicio Meteorol\u00f3gico&hellip; <\/p>\n","protected":false},"author":4,"featured_media":269647,"comment_status":"closed","ping_status":"open","sticky":false,"template":"","format":"standard","meta":{"footnotes":""},"categories":[29,8],"tags":[],"class_list":["post-269646","post","type-post","status-publish","format-standard","has-post-thumbnail","hentry","category-clima","category-locales"],"_links":{"self":[{"href":"https:\/\/corrientesdetarde.com\/index.php\/wp-json\/wp\/v2\/posts\/269646","targetHints":{"allow":["GET"]}}],"collection":[{"href":"https:\/\/corrientesdetarde.com\/index.php\/wp-json\/wp\/v2\/posts"}],"about":[{"href":"https:\/\/corrientesdetarde.com\/index.php\/wp-json\/wp\/v2\/types\/post"}],"author":[{"embeddable":true,"href":"https:\/\/corrientesdetarde.com\/index.php\/wp-json\/wp\/v2\/users\/4"}],"replies":[{"embeddable":true,"href":"https:\/\/corrientesdetarde.com\/index.php\/wp-json\/wp\/v2\/comments?post=269646"}],"version-history":[{"count":1,"href":"https:\/\/corrientesdetarde.com\/index.php\/wp-json\/wp\/v2\/posts\/269646\/revisions"}],"predecessor-version":[{"id":269648,"href":"https:\/\/corrientesdetarde.com\/index.php\/wp-json\/wp\/v2\/posts\/269646\/revisions\/269648"}],"wp:featuredmedia":[{"embeddable":true,"href":"https:\/\/corrientesdetarde.com\/index.php\/wp-json\/wp\/v2\/media\/269647"}],"wp:attachment":[{"href":"https:\/\/corrientesdetarde.com\/index.php\/wp-json\/wp\/v2\/media?parent=269646"}],"wp:term":[{"taxonomy":"category","embeddable":true,"href":"https:\/\/corrientesdetarde.com\/index.php\/wp-json\/wp\/v2\/categories?post=269646"},{"taxonomy":"post_tag","embeddable":true,"href":"https:\/\/corrientesdetarde.com\/index.php\/wp-json\/wp\/v2\/tags?post=269646"}],"curies":[{"name":"wp","href":"https:\/\/api.w.org\/{rel}","templated":true}]}}