{"id":26965,"date":"2022-12-12T18:40:03","date_gmt":"2022-12-12T21:40:03","guid":{"rendered":"https:\/\/corrientesdetarde.com\/?p=26965"},"modified":"2022-12-12T18:40:08","modified_gmt":"2022-12-12T21:40:08","slug":"la-municipalidad-capacito-a-3-mil-jovenes-en-diferentes-oficios-con-rapida-salida-laboral","status":"publish","type":"post","link":"https:\/\/corrientesdetarde.com\/index.php\/informacion-general\/la-municipalidad-capacito-a-3-mil-jovenes-en-diferentes-oficios-con-rapida-salida-laboral\/","title":{"rendered":"La Municipalidad capacit\u00f3 a 3 mil j\u00f3venes en diferentes oficios con r\u00e1pida salida laboral"},"content":{"rendered":"\n<p>Durante el 2022, se logr\u00f3 a trav\u00e9s de la Secretar\u00eda de Desarrollo Econ\u00f3mico cumplir con el objetivo de realizar talleres vinculados al turismo, gastronom\u00eda, econom\u00eda de conocimientos, empleos verdes y servicios generales. Adem\u00e1s, se logr\u00f3 vincular a 160 personas a diferentes empresas y al sector p\u00fablico, generando m\u00e1s oportunidades de trabajo.&nbsp;<\/p>\n\n\n\n<p><br>En el marco de seguir afianzando la formaci\u00f3n y la generaci\u00f3n de oportunidades para una r\u00e1pida salida laboral, la Municipalidad de Corrientes logr\u00f3 capacitar este 2022 a 3 mil j\u00f3venes en diversos oficios. En Turismo, Gastronom\u00eda y Afines, fueron: 904 personas, en Empleo Verde: 325, en Servicios y Oficios Generales: 930, y en Econom\u00eda del Conocimiento: 860.<br><br>El secretario de Desarrollo Econ\u00f3mico, Juan Esteban Maldonado Yonna, destac\u00f3 la posibilidad de \u201ccumplir el objetivo que nos propusimos este a\u00f1o, que era el de llegar a 3 mil personas de la ciudad y posibilitar la realizaci\u00f3n de talleres en distintos oficios\u201d.<br><br>\u201cSe lleg\u00f3 a formar a los j\u00f3venes en los cuatro ejes que plante\u00f3 el intendente Eduardo Tassano, a principio de a\u00f1o, que son los de econom\u00eda del conocimiento, turismo, gastronom\u00eda y afines, empleos verdes y servicios y oficios generales\u201d, asegur\u00f3.<br><br>En ese sentido, el funcionario afirm\u00f3 que \u201cson cuatro ejes que apuntan a fortalecer la econom\u00eda local y obviamente a generar oportunidades a los j\u00f3venes, para que puedan insertarse en el mercado laboral\u201d.<br><br>A su vez, explic\u00f3 que durante este a\u00f1o \u201cse generaron instancias de relaci\u00f3n con empresas, a las que se les acerc\u00f3 curr\u00edculums, perfiles que salen de los distintos cursos\u201d.<br><br>Al respecto, precis\u00f3 que a trav\u00e9s de los programas del ministerio de Trabajo de la Naci\u00f3n como el de Inserci\u00f3n Laboral fueron capacitados 46 vecinos (PIL), mientras que mediante el de Entrenamiento para el Trabajo se alcanz\u00f3 a 106 (EPT) y con Promover fueron 7, lleg\u00e1ndose a vincular as\u00ed a un total de 160 j\u00f3venes a distintas empresas.\u00a0<br><br>Adem\u00e1s, Maldonado Yonna resalt\u00f3 que \u201ccon el programa Promover, siete j\u00f3venes con discapacidad fueron incorporados al sector p\u00fablico y 10 al privado con un proyecto propio de los chicos llamado bibleobar que invitamos a que conozcan, esta ubicado en el centro cultural del unne por 9 julio y c\u00f3rdoba \u201d.<br><br>\u201cDesde la Municipalidad estamos cerca de cada joven que busca trabajo, que busca progresar, crecer y seguir creciendo\u201d, agreg\u00f3.<br><br>Por \u00faltimo, el secretario de Desarrollo Econ\u00f3mico adelant\u00f3 que se est\u00e1n \u201cplanificando los talleres y cursos de capacitaci\u00f3n laboral para el a\u00f1o que viene, apostando a seguir trabajando con las distintas instituciones como las c\u00e1maras empresariales, escuelas t\u00e9cnicas, ministerio de Educaci\u00f3n y el ministerio de Industria\u201d.<br><br>M\u00daLTIPLES PROPUESTAS<br><br>En el 2022 se seleccionaron propuestas de formaci\u00f3n como turismo, gastronom\u00eda y afines, abriendo un abanico de posibilidades laborales como gu\u00edas de sitio, seguridad en eventos, auxiliar de cocina, idiomas orientados al turismo, entre otros.<br><br>Las econom\u00edas del conocimiento, por su parte, abarcaron \u00e1reas como programaci\u00f3n full stack, paquete de office, rob\u00f3tica, impresi\u00f3n 3D y marketing digital, entre otros.<br><br>En lo que refiere a empleos verdes, los j\u00f3venes pudieron instruirse en reciclaje a trav\u00e9s de la separaci\u00f3n de Residuos S\u00f3lidos Urbanos (RSU), viverismo, jardiner\u00eda y horticultura.<br><br>Se ofrecieron adem\u00e1s cursos de oficios y servicios generales, los que se caracterizan por la casi inmediata salida laboral que ofrecen. En este caso, impartiendo conocimientos en construcci\u00f3n en seco, soldador b\u00e1sico, electricidad domiciliaria y sanitarista.<\/p>\n\n\n\n<figure class=\"wp-block-image size-full\"><img loading=\"lazy\" decoding=\"async\" width=\"848\" height=\"565\" src=\"https:\/\/corrientesdetarde.com\/wp-content\/uploads\/2022\/12\/image-172.png\" alt=\"\" class=\"wp-image-26966\" srcset=\"https:\/\/corrientesdetarde.com\/wp-content\/uploads\/2022\/12\/image-172.png 848w, https:\/\/corrientesdetarde.com\/wp-content\/uploads\/2022\/12\/image-172-300x200.png 300w, https:\/\/corrientesdetarde.com\/wp-content\/uploads\/2022\/12\/image-172-768x512.png 768w, https:\/\/corrientesdetarde.com\/wp-content\/uploads\/2022\/12\/image-172-272x182.png 272w\" sizes=\"auto, (max-width: 848px) 100vw, 848px\" \/><\/figure>\n\n\n\n<figure class=\"wp-block-image\"><img decoding=\"async\" src=\"blob:https:\/\/corrientesdetarde.com\/a8b3c02b-1dd7-4451-af61-63e372c89b74\" alt=\"\"\/><\/figure>\n","protected":false},"excerpt":{"rendered":"<p>Durante el 2022, se logr\u00f3 a trav\u00e9s de la Secretar\u00eda de Desarrollo Econ\u00f3mico cumplir con el objetivo de realizar talleres vinculados al turismo, gastronom\u00eda, econom\u00eda de conocimientos, empleos verdes y&hellip; <\/p>\n","protected":false},"author":8,"featured_media":26967,"comment_status":"closed","ping_status":"open","sticky":false,"template":"","format":"standard","meta":{"footnotes":""},"categories":[1],"tags":[],"class_list":["post-26965","post","type-post","status-publish","format-standard","has-post-thumbnail","hentry","category-informacion-general"],"_links":{"self":[{"href":"https:\/\/corrientesdetarde.com\/index.php\/wp-json\/wp\/v2\/posts\/26965","targetHints":{"allow":["GET"]}}],"collection":[{"href":"https:\/\/corrientesdetarde.com\/index.php\/wp-json\/wp\/v2\/posts"}],"about":[{"href":"https:\/\/corrientesdetarde.com\/index.php\/wp-json\/wp\/v2\/types\/post"}],"author":[{"embeddable":true,"href":"https:\/\/corrientesdetarde.com\/index.php\/wp-json\/wp\/v2\/users\/8"}],"replies":[{"embeddable":true,"href":"https:\/\/corrientesdetarde.com\/index.php\/wp-json\/wp\/v2\/comments?post=26965"}],"version-history":[{"count":1,"href":"https:\/\/corrientesdetarde.com\/index.php\/wp-json\/wp\/v2\/posts\/26965\/revisions"}],"predecessor-version":[{"id":26969,"href":"https:\/\/corrientesdetarde.com\/index.php\/wp-json\/wp\/v2\/posts\/26965\/revisions\/26969"}],"wp:featuredmedia":[{"embeddable":true,"href":"https:\/\/corrientesdetarde.com\/index.php\/wp-json\/wp\/v2\/media\/26967"}],"wp:attachment":[{"href":"https:\/\/corrientesdetarde.com\/index.php\/wp-json\/wp\/v2\/media?parent=26965"}],"wp:term":[{"taxonomy":"category","embeddable":true,"href":"https:\/\/corrientesdetarde.com\/index.php\/wp-json\/wp\/v2\/categories?post=26965"},{"taxonomy":"post_tag","embeddable":true,"href":"https:\/\/corrientesdetarde.com\/index.php\/wp-json\/wp\/v2\/tags?post=26965"}],"curies":[{"name":"wp","href":"https:\/\/api.w.org\/{rel}","templated":true}]}}