{"id":269652,"date":"2026-09-02T08:52:11","date_gmt":"2026-09-02T11:52:11","guid":{"rendered":"https:\/\/corrientesdetarde.com\/?p=269652"},"modified":"2026-09-02T08:52:16","modified_gmt":"2026-09-02T11:52:16","slug":"jp-valdes-lleva-a-iguazu-la-estrategia-provincial-para-atraer-inversiones","status":"publish","type":"post","link":"https:\/\/corrientesdetarde.com\/index.php\/actualidad\/jp-valdes-lleva-a-iguazu-la-estrategia-provincial-para-atraer-inversiones\/","title":{"rendered":"JP Vald\u00e9s lleva a Iguaz\u00fa la estrategia provincial para atraer inversiones"},"content":{"rendered":"\n<p>El Gobernador expondr\u00e1 las ventajas fiscales, los recursos productivos y las oportunidades de industrializaci\u00f3n de Corrientes. La agenda se proyecta luego hacia Par\u00eds, tras la experiencia de Nueva York, con foco en forestaci\u00f3n, alimentos y nuevas inversiones.<\/p>\n\n\n\n<p>El gobernador Juan Pablo Vald\u00e9s viajar\u00e1 esta semana a Iguaz\u00fa para participar de un panel junto a otros mandatarios provinciales y llevar una agenda que combina competitividad, incentivos fiscales, disponibilidad de materias primas e infraestructura log\u00edstica. El objetivo es mostrar que la provincia no solo tiene recursos, sino tambi\u00e9n condiciones para transformarlos en producci\u00f3n, empleo y valor agregado.<\/p>\n\n\n\n<p>La agenda de Iguaz\u00fa ser\u00e1 adem\u00e1s una estaci\u00f3n dentro de una pol\u00edtica que el Gobierno provincial busca profundizar con misiones al exterior. Despu\u00e9s de la experiencia de la Argentina Week en Nueva York, que Vald\u00e9s consider\u00f3 positiva por los compromisos alcanzados en miner\u00eda y tecnolog\u00eda, la mirada est\u00e1 puesta ahora en Par\u00eds, donde prev\u00e9 integrar la comitiva oficial argentina y participar de paneles vinculados directamente con el perfil productivo correntino.<\/p>\n\n\n\n<h2 class=\"wp-block-heading\">La competencia por las inversiones<\/h2>\n\n\n\n<p>En Iguaz\u00fa, Vald\u00e9s compartir\u00e1 escenario con los gobernadores Alfredo Cornejo, Ra\u00fal Jalil y Hugo Passalacqua para abordar la competitividad de las provincias. Corrientes presentar\u00e1 sus &#8220;beneficios fiscales&#8221;, sus &#8220;marcos normativos que dan ese marco jur\u00eddico&#8221; y, especialmente, el potencial existente en distintas materias primas.<\/p>\n\n\n\n<p>El planteo tiene una definici\u00f3n pol\u00edtica de fondo: en un escenario en el que las provincias compiten por captar capitales y generar actividad privada, Corrientes pretende exhibir sus ventajas comparativas y demostrar que cuenta con herramientas para acompa\u00f1ar la radicaci\u00f3n de empresas.<\/p>\n\n\n\n<p>&#8220;Creo que nosotros somos competitivos en varias materias primas&#8221;, se\u00f1al\u00f3 Vald\u00e9s, y enumer\u00f3 entre ellas a los c\u00edtricos, la producci\u00f3n forestal, el arroz y la yerba. Pero su argumento no se limita a la disponibilidad de recursos. La apuesta es que esas materias primas sean industrializadas dentro de la provincia antes de salir hacia otros mercados.<\/p>\n\n\n\n<p>&#8220;Nuestras pol\u00edticas impositivas y de promociones industriales son muy buenas&#8221;, sostuvo. Para el Gobernador, esas medidas contribuyeron a que distintas industrias eligieran instalarse en Corrientes, con el consecuente desarrollo de parques industriales, generaci\u00f3n de empleo y mayor valor agregado.<\/p>\n\n\n\n<h2 class=\"wp-block-heading\">De Nueva York a Par\u00eds<\/h2>\n\n\n\n<p>La experiencia internacional previa funciona como antecedente. En marzo, durante la Argentina Week en Nueva York, la delegaci\u00f3n correntina busc\u00f3 mostrar oportunidades de inversi\u00f3n y establecer v\u00ednculos con empresas y organismos internacionales. Seg\u00fan Vald\u00e9s, de aquella misi\u00f3n surgieron compromisos vinculados con miner\u00eda y tecnolog\u00eda que posteriormente pudieron avanzar.<\/p>\n\n\n\n<p>Ahora Par\u00eds aparece como una segunda oportunidad para ampliar esa agenda. La Argentina Week en Par\u00eds se desarrollar\u00e1 entre el 30 de septiembre y el 2 de octubre.<\/p>\n\n\n\n<h2 class=\"wp-block-heading\">Puerto, industria y log\u00edstica<\/h2>\n\n\n\n<p>Mientras Corrientes sale a buscar inversiones, algunos proyectos comienzan a funcionar como demostraci\u00f3n concreta de esa estrategia. Uno de ellos es el puerto de Ituzaing\u00f3, cuya habilitaci\u00f3n requiere completar obras solicitadas por la Aduana.<\/p>\n\n\n\n<p>Vald\u00e9s explic\u00f3 que la infraestructura realizada inicialmente no respond\u00eda a los requerimientos del organismo y que fue necesario ejecutar una nueva obra. El proyecto contempla un dep\u00f3sito para alojar el esc\u00e1ner asignado y una estructura que permita el paso de los camiones. &#8220;Esperamos que en un plazo no mayor a 60 d\u00edas, el puerto de Ituzaing\u00f3 est\u00e9 finalmente habilitado y operativo&#8221;, afirm\u00f3.<\/p>\n\n\n\n<p>La importancia de la terminal queda expuesta tambi\u00e9n por la llegada de 50 contenedores con equipamiento para una planta de CLT. Vald\u00e9s destac\u00f3 que los inversores eligieron utilizar el puerto correntino en lugar de las terminales de Buenos Aires y Rosario.<\/p>\n\n\n\n<p>El proyecto es presentado como un hito para la industria forestal.<\/p>\n\n\n\n<figure class=\"wp-block-image\"><img decoding=\"async\" src=\"https:\/\/www.radiodos.com.ar\/content\/bucket\/0\/292350w380h224c.jpg.webp\" alt=\"\"\/><\/figure>\n\n\n\n<h2 class=\"wp-block-heading\">Rutas, caminos y obras p\u00fablicas<\/h2>\n\n\n\n<p>La agenda productiva tiene otro condicionante: la infraestructura existente. La Provincia trabaja en la definici\u00f3n de las rutas que pretende conservar y mantener dentro del esquema acordado con el Gobierno nacional.<\/p>\n\n\n\n<p>En paralelo, permanece abierta la discusi\u00f3n por el corredor 3 de Abril y su eventual incorporaci\u00f3n a la concesi\u00f3n del corredor Belgrano. Vald\u00e9s expres\u00f3 su expectativa de que finalmente no avance el esquema de peaje que hab\u00eda trascendido y reclam\u00f3 resolver el mantenimiento de esa v\u00eda, por la que circula el mismo tr\u00e1nsito de camiones que utiliza el corredor Belgrano.<\/p>\n\n\n\n<h2 class=\"wp-block-heading\">Salarios, viviendas y comercio<\/h2>\n\n\n\n<p>La promoci\u00f3n de inversiones convive con una agenda interna atravesada por las cuentas p\u00fablicas y la necesidad de sostener el nivel de actividad. Consultado por un eventual aumento salarial para los trabajadores provinciales, Vald\u00e9s confirm\u00f3 que habr\u00e1 un anuncio cuando est\u00e9n dadas las condiciones.<\/p>\n\n\n\n<p>&#8220;Va a haber anuncio aumento cuando estemos en condiciones. Qu\u00e9dense tranquilo&#8221;, afirm\u00f3. Vincul\u00f3 la definici\u00f3n con la evoluci\u00f3n de las cuentas provinciales y destac\u00f3 que se registraron dos meses consecutivos con resultados positivos, aunque aclar\u00f3 que el \u00faltimo resultado favorable fue reducido. Tambi\u00e9n, manifest\u00f3 su expectativa de que se consolide la proyecci\u00f3n nacional de 18 meses positivos planteada por Caputo.<\/p>\n\n\n\n<p>La situaci\u00f3n del comercio apareci\u00f3 a partir del cierre de la sucursal correntina de Musimundo.<\/p>\n\n\n\n<p>Vald\u00e9s se\u00f1al\u00f3 que la empresa ya atravesaba dificultades y se encontraba ante su tercera convocatoria de acreedores.<\/p>\n\n\n\n<p>Ubic\u00f3 el caso dentro de una problem\u00e1tica m\u00e1s amplia del sector de electrodom\u00e9sticos y expres\u00f3 su expectativa de que pueda producirse una reconversi\u00f3n que permita recuperar actividad.<\/p>\n\n\n\n<p>En materia habitacional, el Gobierno provincial trabaja junto con el Instituto de Vivienda de Corrientes en nuevos programas y en la conformaci\u00f3n de un padr\u00f3n espec\u00edfico para un eventual plan destinado a personas solteras.<\/p>\n\n\n\n<p>Los requisitos todav\u00eda est\u00e1n en an\u00e1lisis, particularmente en relaci\u00f3n con edad y posibles situaciones de concubinato.<\/p>\n","protected":false},"excerpt":{"rendered":"<p>El Gobernador expondr\u00e1 las ventajas fiscales, los recursos productivos y las oportunidades de industrializaci\u00f3n de Corrientes. La agenda se proyecta luego hacia Par\u00eds, tras la experiencia de Nueva York, con&hellip; <\/p>\n","protected":false},"author":4,"featured_media":269653,"comment_status":"closed","ping_status":"open","sticky":false,"template":"","format":"standard","meta":{"footnotes":""},"categories":[23],"tags":[],"class_list":["post-269652","post","type-post","status-publish","format-standard","has-post-thumbnail","hentry","category-actualidad"],"_links":{"self":[{"href":"https:\/\/corrientesdetarde.com\/index.php\/wp-json\/wp\/v2\/posts\/269652","targetHints":{"allow":["GET"]}}],"collection":[{"href":"https:\/\/corrientesdetarde.com\/index.php\/wp-json\/wp\/v2\/posts"}],"about":[{"href":"https:\/\/corrientesdetarde.com\/index.php\/wp-json\/wp\/v2\/types\/post"}],"author":[{"embeddable":true,"href":"https:\/\/corrientesdetarde.com\/index.php\/wp-json\/wp\/v2\/users\/4"}],"replies":[{"embeddable":true,"href":"https:\/\/corrientesdetarde.com\/index.php\/wp-json\/wp\/v2\/comments?post=269652"}],"version-history":[{"count":1,"href":"https:\/\/corrientesdetarde.com\/index.php\/wp-json\/wp\/v2\/posts\/269652\/revisions"}],"predecessor-version":[{"id":269654,"href":"https:\/\/corrientesdetarde.com\/index.php\/wp-json\/wp\/v2\/posts\/269652\/revisions\/269654"}],"wp:featuredmedia":[{"embeddable":true,"href":"https:\/\/corrientesdetarde.com\/index.php\/wp-json\/wp\/v2\/media\/269653"}],"wp:attachment":[{"href":"https:\/\/corrientesdetarde.com\/index.php\/wp-json\/wp\/v2\/media?parent=269652"}],"wp:term":[{"taxonomy":"category","embeddable":true,"href":"https:\/\/corrientesdetarde.com\/index.php\/wp-json\/wp\/v2\/categories?post=269652"},{"taxonomy":"post_tag","embeddable":true,"href":"https:\/\/corrientesdetarde.com\/index.php\/wp-json\/wp\/v2\/tags?post=269652"}],"curies":[{"name":"wp","href":"https:\/\/api.w.org\/{rel}","templated":true}]}}