{"id":269655,"date":"2026-09-02T08:53:42","date_gmt":"2026-09-02T11:53:42","guid":{"rendered":"https:\/\/corrientesdetarde.com\/?p=269655"},"modified":"2026-09-02T08:53:47","modified_gmt":"2026-09-02T11:53:47","slug":"corrientes-una-patota-de-adolescentes-hirio-a-un-joven-para-robarle-una-bicicleta","status":"publish","type":"post","link":"https:\/\/corrientesdetarde.com\/index.php\/policiales\/corrientes-una-patota-de-adolescentes-hirio-a-un-joven-para-robarle-una-bicicleta\/","title":{"rendered":"Corrientes: una patota de adolescentes hiri\u00f3 a un joven para robarle una bicicleta"},"content":{"rendered":"\n<p>Varios chicos con gomeras atacaron a un muchacho que regresaba a su casa desde el trabajo. Lo lastimaron con una piedra que le peg\u00f3 en el rostro cuando circulaba sobre la Ruta Provincial 5. La v\u00edctima fue socorrida por un grupo de recolectores de residuos.<\/p>\n\n\n\n<p>Una patota integrada en su mayor\u00eda por adolescentes asalt\u00f3 de manera brutal a un joven ciclista para robarle sus cosas en la zona este de la ciudad de Corrientes.<\/p>\n\n\n\n<p>El damnificado regresaba a su casa desde el trabajo cuando qued\u00f3 a merced de varios maleantes sobre la Ruta Provincial 5, a la altura del barrio Jos\u00e9 Mar\u00eda Ponce.<\/p>\n\n\n\n<p>Francisco N. sufri\u00f3 una lesi\u00f3n contusa cortante por encima del ojo izquierdo como consecuencia del impacto de un proyectil, aparentemente piedra, lanzado con una gomera.<\/p>\n\n\n\n<p>El atraco en la v\u00eda p\u00fablica ocurri\u00f3 a las 2:40 del lunes entre las calles Joaqu\u00edn Arqueros y R\u00f3mulo Artieda, donde la banda de menores estaba apostada a la espera de una oportunidad de robo.<\/p>\n\n\n\n<p>De acuerdo a la informaci\u00f3n obtenida, Francisco transitaba en una bicicleta rodado 26, azul, con amortiguador, desde la rotonda de la Virgen de Itat\u00ed.<\/p>\n\n\n\n<p>Al traspasar el acceso a la calle Joaqu\u00edn Arqueros, dos j\u00f3venes comenzaron a perseguirlo. Uno de ellos sobre una bicicleta y el otro corriendo.<\/p>\n\n\n\n<p>En ese momento, el muchacho supuso que no ir\u00edan a alcanzarlo, sin saber que m\u00e1s adelante hab\u00eda varios c\u00f3mplices de esos dos maleantes.<\/p>\n\n\n\n<p>Al menos cinco adolescentes, todos portando gomeras para lanzar bolitas de vidrio, pedazos de plomo y piedras, comenzaron a arrojar proyectiles hacia el ciclista que llevaba colocada una mochila con ropas, documentos, un tel\u00e9fono celular y llaves.<\/p>\n\n\n\n<p>Uno de los proyectiles dio de lleno en la cara de Francisco, por encima del ojo izquierdo, haci\u00e9ndolo perder la estabilidad.<\/p>\n\n\n\n<p>Aturdido por el golpe, el joven trabajador baj\u00f3 de la bicicleta mientras recib\u00eda m\u00e1s agresiones hasta que pudo alejarse un poco, mientras manaba sangre y ped\u00eda ayuda.<\/p>\n\n\n\n<p>Trabajadores de la empresa de recolecci\u00f3n de residuos fueron los primeros en socorrer a Francisco.<\/p>\n\n\n\n<p>En tanto, la banda de ladrones escap\u00f3 hacia las calles del barrio Ponce con los objetos sustra\u00eddos.<\/p>\n\n\n\n<p>La Polic\u00eda estaba abocada a la pesquisa, luego de que las autoridades de la comisar\u00eda Vigesimosegunda iniciaron la causa.<\/p>\n\n\n\n<p>En tal sentido, las primeras sospechas apuntan a precoces malvivientes que viven en ese barrio en cercan\u00edas a la denominada &#8220;Cancha de Goma&#8221;.<\/p>\n","protected":false},"excerpt":{"rendered":"<p>Varios chicos con gomeras atacaron a un muchacho que regresaba a su casa desde el trabajo. Lo lastimaron con una piedra que le peg\u00f3 en el rostro cuando circulaba sobre&hellip; <\/p>\n","protected":false},"author":4,"featured_media":269656,"comment_status":"closed","ping_status":"open","sticky":false,"template":"","format":"standard","meta":{"footnotes":""},"categories":[33],"tags":[],"class_list":["post-269655","post","type-post","status-publish","format-standard","has-post-thumbnail","hentry","category-policiales"],"_links":{"self":[{"href":"https:\/\/corrientesdetarde.com\/index.php\/wp-json\/wp\/v2\/posts\/269655","targetHints":{"allow":["GET"]}}],"collection":[{"href":"https:\/\/corrientesdetarde.com\/index.php\/wp-json\/wp\/v2\/posts"}],"about":[{"href":"https:\/\/corrientesdetarde.com\/index.php\/wp-json\/wp\/v2\/types\/post"}],"author":[{"embeddable":true,"href":"https:\/\/corrientesdetarde.com\/index.php\/wp-json\/wp\/v2\/users\/4"}],"replies":[{"embeddable":true,"href":"https:\/\/corrientesdetarde.com\/index.php\/wp-json\/wp\/v2\/comments?post=269655"}],"version-history":[{"count":1,"href":"https:\/\/corrientesdetarde.com\/index.php\/wp-json\/wp\/v2\/posts\/269655\/revisions"}],"predecessor-version":[{"id":269657,"href":"https:\/\/corrientesdetarde.com\/index.php\/wp-json\/wp\/v2\/posts\/269655\/revisions\/269657"}],"wp:featuredmedia":[{"embeddable":true,"href":"https:\/\/corrientesdetarde.com\/index.php\/wp-json\/wp\/v2\/media\/269656"}],"wp:attachment":[{"href":"https:\/\/corrientesdetarde.com\/index.php\/wp-json\/wp\/v2\/media?parent=269655"}],"wp:term":[{"taxonomy":"category","embeddable":true,"href":"https:\/\/corrientesdetarde.com\/index.php\/wp-json\/wp\/v2\/categories?post=269655"},{"taxonomy":"post_tag","embeddable":true,"href":"https:\/\/corrientesdetarde.com\/index.php\/wp-json\/wp\/v2\/tags?post=269655"}],"curies":[{"name":"wp","href":"https:\/\/api.w.org\/{rel}","templated":true}]}}