{"id":269658,"date":"2026-09-02T08:57:56","date_gmt":"2026-09-02T11:57:56","guid":{"rendered":"https:\/\/corrientesdetarde.com\/?p=269658"},"modified":"2026-09-02T08:58:08","modified_gmt":"2026-09-02T11:58:08","slug":"crimen-de-cecilia-lazcano-las-camaras-captaron-al-sospechoso-con-una-pala-antes-del-ataque","status":"publish","type":"post","link":"https:\/\/corrientesdetarde.com\/index.php\/policiales\/crimen-de-cecilia-lazcano-las-camaras-captaron-al-sospechoso-con-una-pala-antes-del-ataque\/","title":{"rendered":"Crimen de Cecilia Lazcano: las c\u00e1maras captaron al sospechoso con una pala antes del ataque"},"content":{"rendered":"\n<p>El principal sospechoso tiene 16 a\u00f1os y est\u00e1 acusado de homicidio. Las macabras hip\u00f3tesis que eval\u00faa la Justicia.<\/p>\n\n\n\n<p>La causa que investiga el&nbsp;<em>crimen de&nbsp;<strong>Cecilia Emilce Lazcano<\/strong><\/em>, la adolescente de 16 a\u00f1os que fue asesinada en la ciudad correntina de&nbsp;<strong>Alvear&nbsp;<\/strong>sum\u00f3 nuevos detalles. Si bien en un principio se crey\u00f3 que se hab\u00eda tratado de un&nbsp;<strong>suicidio<\/strong>, con el correr de los d\u00edas comenz\u00f3 a tomar fuerza&nbsp;<strong>la hip\u00f3tesis de un homicidio<\/strong>. Hoy, el caso tiene&nbsp;<strong>dos imputados, uno de ellos compa\u00f1ero de colegio de la v\u00edctima,<\/strong>&nbsp;y la Justicia investiga la presunta intervenci\u00f3n de un tercero.<\/p>\n\n\n\n<p>Seg\u00fan pudo saber&nbsp;<strong>Infobae<\/strong>, la secuencia de terror ocurri\u00f3 el pasado&nbsp;<strong>16 de julio<\/strong>, horas despu\u00e9s del triunfo de la Selecci\u00f3n Argentina frente a Inglaterra por las semifinales del Mundial. Aquella madrugada, una vecina del barrio estaba durmiendo cuando escuch\u00f3 varios golpes en la puerta de su casa.<\/p>\n\n\n\n<p>Cuando se acerc\u00f3 y pregunt\u00f3, no tuvo respuestas. Los golpes, sin embargo, continuaron. Cuando mir\u00f3 por la mirilla, observ\u00f3 lo que describi\u00f3 como&nbsp;<strong>&#8220;un bulto&#8221; en el suelo.&nbsp;<\/strong>La mujer indic\u00f3 que al principio no quiso abrir porque &#8220;ten\u00eda miedo&#8221;. Luego lo hizo. Y as\u00ed alcanz\u00f3 a ver a&nbsp;<strong>una chica que parec\u00eda estar golpeada<\/strong>. En ese momento no logr\u00f3 precisar qu\u00e9 le hab\u00eda ocurrido.<\/p>\n\n\n\n<p>Minutos despu\u00e9s lleg\u00f3 la polic\u00eda a la zona. Una vez en la escena, los agentes le preguntaron a la joven qui\u00e9n la hab\u00eda atacado, pero no pudo responder por la gravedad de su herida. As\u00ed, le consultaron directamente si hab\u00eda sido su novio o alg\u00fan familiar. La v\u00edctima solo lleg\u00f3 a negarlo a trav\u00e9s de gestos:&nbsp;<strong>no pod\u00eda hablar producto del corte profundo que presentaba en su cuello<\/strong>.<\/p>\n\n\n\n<p>Cecilia fue trasladada a un hospital local y luego derivada a un centro de salud de Santo Tom\u00e9 por la complejdad de su caso. Ese mismo jueves 16 de julio,&nbsp;<strong>falleci\u00f3 durante su traslado a Corrientes<\/strong>.<\/p>\n\n\n\n<p>Seg\u00fan pudo saber este medio, la autopsia revel\u00f3 que la causa de muerte fue &#8220;<strong>lesiones vasculares y viscerales del cuello producidas por un elemento con filo<\/strong>&#8220;. En un primer momento, se crey\u00f3 que se hab\u00eda tratado de un suicidio debido a los&nbsp;<strong>cortes que la joven ten\u00eda en las mu\u00f1ecas<\/strong>. Sin embargo, lo que llam\u00f3 la atenci\u00f3n de los investigadores fue la ferocidad del corte que presentaba en el cuello.<\/p>\n\n\n\n<p>En este contexto, el&nbsp;<strong>fiscal de Santo Tom\u00e9, Facundo Cabral<\/strong>, orden\u00f3 las primeras averiguaciones. Los efectivos se hicieron presentes en la vivienda de M., donde Cecilia se hab\u00eda ido a dormir la noche previa al hecho. Una vez all\u00ed, la amiga de la joven relat\u00f3 que la adolescente se hab\u00eda quedado en su casa la noche del 15 de julio, pero que&nbsp;<strong>alrededor de las 3 de la ma\u00f1ana del d\u00eda siguiente &#8220;se fue porque qued\u00f3 en encontrarse con un chico&#8221;<\/strong>.<\/p>\n\n\n\n<p>Con este nuevo dato los agentes se apersonaron en el domicilio de&nbsp;<strong>J. G.<\/strong>, un joven de 16 a\u00f1os que iba al mismo colegio que Cecilia. &#8220;Yo no estuve con ella, no la vi&#8221;, fue la respuesta del adolescente al ser consultado sobre si en las \u00faltimas horas hab\u00eda estado con la v\u00edctima.<\/p>\n\n\n\n<p>Al revisar el celular del menor, los agentes descubrieron que<strong>&nbsp;hab\u00eda borrado las conversaciones con Cecilia<\/strong>, con quien aparentemente habr\u00eda tenido una relaci\u00f3n.&nbsp;<strong>&#8220;Mi novia es celosa&#8221;<\/strong>, fue la explicaci\u00f3n de J. Luego,&nbsp;<strong>confes\u00f3 que hab\u00eda acordado juntarse con la joven en la vieja estaci\u00f3n de trenes de Alvear<\/strong>, un lugar muy concurrido por los adolescentes de la zona.<\/p>\n\n\n\n<p>Al inspeccionar la zona, encontraron una<strong>&nbsp;campera negra que estaba manchada con sangre, dos llaves y varios fragmentos de vidrio<\/strong>. A su vez, en una de las habitaciones de la construcci\u00f3n abandonada hallaron en el piso una importante&nbsp;<strong>mancha de sangre<\/strong>.<\/p>\n\n\n\n<p>El an\u00e1lisis de las c\u00e1maras de seguridad fue clave para identificarlo a \u00e9l como el agresor y reconstruir parte del recorrido de Cecilia. Pasadas las 3 de la ma\u00f1ana, la joven fue captada saliendo de la casa de su amiga. Minutos despu\u00e9s, se la observa&nbsp;<strong>caminando acompa\u00f1ada de J. G., quien vest\u00eda un buzo gris y ten\u00eda una pala en su mano derecha<\/strong>. Esa fue la \u00faltima imagen de Cecilia, antes de ser brutalmente atacada en la estaci\u00f3n de tren.<\/p>\n\n\n\n<p>Si bien a\u00fan se desconoce el motivo por el cual ambos se juntaron all\u00ed, los investigadores&nbsp;<strong>sospechan que J.G. la habr\u00eda llevado enga\u00f1ada hasta el lugar<\/strong>.<\/p>\n\n\n\n<p>D\u00edas m\u00e1s tarde, uno de los t\u00edos de la v\u00edctima se present\u00f3 ante la Polic\u00eda y&nbsp;<strong>entreg\u00f3 la pala<\/strong>&nbsp;voluntariamente. El hombre la hab\u00eda hallado en las inmediaciones del lugar donde se produjo la agresi\u00f3n, pero no le hab\u00eda dado importancia ya que desconoc\u00eda que se trataba del arma homicida. Por otro lado,&nbsp;<strong>el 25 de julio los efectivos hallaron el celular de la v\u00edctima<\/strong>&nbsp;a unos 200 metros de la estaci\u00f3n.<\/p>\n","protected":false},"excerpt":{"rendered":"<p>El principal sospechoso tiene 16 a\u00f1os y est\u00e1 acusado de homicidio. Las macabras hip\u00f3tesis que eval\u00faa la Justicia. La causa que investiga el&nbsp;crimen de&nbsp;Cecilia Emilce Lazcano, la adolescente de 16&hellip; <\/p>\n","protected":false},"author":4,"featured_media":269659,"comment_status":"closed","ping_status":"open","sticky":false,"template":"","format":"standard","meta":{"footnotes":""},"categories":[33],"tags":[],"class_list":["post-269658","post","type-post","status-publish","format-standard","has-post-thumbnail","hentry","category-policiales"],"_links":{"self":[{"href":"https:\/\/corrientesdetarde.com\/index.php\/wp-json\/wp\/v2\/posts\/269658","targetHints":{"allow":["GET"]}}],"collection":[{"href":"https:\/\/corrientesdetarde.com\/index.php\/wp-json\/wp\/v2\/posts"}],"about":[{"href":"https:\/\/corrientesdetarde.com\/index.php\/wp-json\/wp\/v2\/types\/post"}],"author":[{"embeddable":true,"href":"https:\/\/corrientesdetarde.com\/index.php\/wp-json\/wp\/v2\/users\/4"}],"replies":[{"embeddable":true,"href":"https:\/\/corrientesdetarde.com\/index.php\/wp-json\/wp\/v2\/comments?post=269658"}],"version-history":[{"count":1,"href":"https:\/\/corrientesdetarde.com\/index.php\/wp-json\/wp\/v2\/posts\/269658\/revisions"}],"predecessor-version":[{"id":269660,"href":"https:\/\/corrientesdetarde.com\/index.php\/wp-json\/wp\/v2\/posts\/269658\/revisions\/269660"}],"wp:featuredmedia":[{"embeddable":true,"href":"https:\/\/corrientesdetarde.com\/index.php\/wp-json\/wp\/v2\/media\/269659"}],"wp:attachment":[{"href":"https:\/\/corrientesdetarde.com\/index.php\/wp-json\/wp\/v2\/media?parent=269658"}],"wp:term":[{"taxonomy":"category","embeddable":true,"href":"https:\/\/corrientesdetarde.com\/index.php\/wp-json\/wp\/v2\/categories?post=269658"},{"taxonomy":"post_tag","embeddable":true,"href":"https:\/\/corrientesdetarde.com\/index.php\/wp-json\/wp\/v2\/tags?post=269658"}],"curies":[{"name":"wp","href":"https:\/\/api.w.org\/{rel}","templated":true}]}}