{"id":269661,"date":"2026-09-02T09:23:46","date_gmt":"2026-09-02T12:23:46","guid":{"rendered":"https:\/\/corrientesdetarde.com\/?p=269661"},"modified":"2026-09-02T09:23:50","modified_gmt":"2026-09-02T12:23:50","slug":"chaco-lanzo-un-incentivo-de-100-000-mensuales-para-estudiantes-del-ultimo-ano-del-secundario","status":"publish","type":"post","link":"https:\/\/corrientesdetarde.com\/index.php\/destacados\/chaco-lanzo-un-incentivo-de-100-000-mensuales-para-estudiantes-del-ultimo-ano-del-secundario\/","title":{"rendered":"Chaco lanz\u00f3 un incentivo de $100.000 mensuales para estudiantes del \u00faltimo a\u00f1o del secundario"},"content":{"rendered":"\n<p>El Gobierno del Chaco present\u00f3 este martes el programa&nbsp;<strong>&#8220;M\u00e1s Futuro&#8221;<\/strong>, una iniciativa que otorgar\u00e1 un incentivo econ\u00f3mico de&nbsp;<strong>$100.000 mensuales<\/strong>&nbsp;a estudiantes del \u00faltimo a\u00f1o del secundario que cumplan con criterios acad\u00e9micos, de asistencia y de participaci\u00f3n. El lanzamiento se realiz\u00f3 en el Club Regatas, con una convocatoria multitudinaria de j\u00f3venes, y estuvo encabezado por el gobernador&nbsp;<strong>Leandro Zdero<\/strong>.<\/p>\n\n\n\n<p>El beneficio tendr\u00e1 permanencia hasta marzo de 2027 y combina el reconocimiento econ\u00f3mico con un trayecto formativo obligatorio que incluye alfabetizaci\u00f3n digital, educaci\u00f3n financiera b\u00e1sica, orientaci\u00f3n para el estudio y el trabajo, y herramientas de empleabilidad joven. &#8220;Tenemos que inspirar los sue\u00f1os, pero fundamentalmente darles a nuestros hijos una herramienta para que decidan sobre el futuro&#8221;, afirm\u00f3 Zdero durante la presentaci\u00f3n.<\/p>\n\n\n\n<p>Entre los requisitos centrales para acceder al programa figura no adeudar materias previas, adem\u00e1s de cumplir con los promedios y la asistencia definidos para la selecci\u00f3n. &#8220;Durante mucho tiempo se les dijo a los chicos que daba lo mismo estudiar o no, ir a la escuela o no, tener materias previas o no. Nosotros decimos que no da lo mismo&#8221;, sostuvo el mandatario, quien tambi\u00e9n remarc\u00f3 que el objetivo es que los j\u00f3venes &#8220;decidan qu\u00e9 quieren hacer&#8221; sin elegir una carrera por descarte.<\/p>\n\n\n\n<p>El coordinador general del programa y subsecretario de Juventud, Everest Jovanovich, destac\u00f3 que la iniciativa representa una apuesta por el desarrollo de la provincia. &#8220;Cuando priorizamos a la juventud estamos apostando por quienes van a construir el Chaco que viene&#8221;, se\u00f1al\u00f3, y precis\u00f3 que la propuesta articula el trabajo conjunto de las \u00e1reas de Juventud, Desarrollo Humano y Educaci\u00f3n.<\/p>\n\n\n\n<p><br>Por su parte, la ministra de Educaci\u00f3n, Sof\u00eda Naidenoff, sostuvo que el programa profundiza una pol\u00edtica de reconocimiento al esfuerzo estudiantil. &#8220;Empezamos con los m\u00e1s chicos y ahora queremos premiar a aquel que estudia, que se esfuerza y llega sin materias&#8221;, indic\u00f3 la funcionaria, en referencia a la continuidad de las pol\u00edticas educativas del Gobierno provincial.<\/p>\n\n\n\n<p>&#8220;M\u00e1s Futuro&#8221; est\u00e1 destinado a j\u00f3venes de entre 16 y 20 a\u00f1os, residentes de la provincia, que cursen el \u00faltimo a\u00f1o del nivel secundario y acrediten condici\u00f3n de alumno regular. Quedan excluidos quienes sean agentes de planta permanente o contratados del Estado, reciban determinadas transferencias de programas sociales o superen los l\u00edmites de ingresos familiares establecidos. En el caso de menores de edad, ser\u00e1 necesaria la presencia de un apoderado por las exigencias bancarias del beneficio.<\/p>\n\n\n\n<p><br>La inscripci\u00f3n se realizar\u00e1 del 1 al 28 de septiembre a trav\u00e9s de la plataforma Data \u00d1achec, donde deber\u00e1 cargarse DNI, certificado de domicilio, constancia de CUIL y constancia de estudios alcanzados, con car\u00e1cter de declaraci\u00f3n jurada y aval de la instituci\u00f3n educativa. Luego seguir\u00e1 un proceso de validaci\u00f3n: entre el 18 de septiembre y el 2 de octubre se consolidar\u00e1 la informaci\u00f3n, y a partir del 28 de septiembre se notificar\u00e1 a los postulantes. Los datos validados se transferir\u00e1n al Nuevo Banco del Chaco entre el 3 y el 9 de octubre, la resoluci\u00f3n administrativa se formalizar\u00e1 entre el 10 y el 11 de octubre, y el pago est\u00e1 previsto entre el 15 y el 20 de octubre.<\/p>\n","protected":false},"excerpt":{"rendered":"<p>El Gobierno del Chaco present\u00f3 este martes el programa&nbsp;&#8220;M\u00e1s Futuro&#8221;, una iniciativa que otorgar\u00e1 un incentivo econ\u00f3mico de&nbsp;$100.000 mensuales&nbsp;a estudiantes del \u00faltimo a\u00f1o del secundario que cumplan con criterios acad\u00e9micos,&hellip; <\/p>\n","protected":false},"author":4,"featured_media":269662,"comment_status":"closed","ping_status":"open","sticky":false,"template":"","format":"standard","meta":{"footnotes":""},"categories":[26],"tags":[],"class_list":["post-269661","post","type-post","status-publish","format-standard","has-post-thumbnail","hentry","category-destacados"],"_links":{"self":[{"href":"https:\/\/corrientesdetarde.com\/index.php\/wp-json\/wp\/v2\/posts\/269661","targetHints":{"allow":["GET"]}}],"collection":[{"href":"https:\/\/corrientesdetarde.com\/index.php\/wp-json\/wp\/v2\/posts"}],"about":[{"href":"https:\/\/corrientesdetarde.com\/index.php\/wp-json\/wp\/v2\/types\/post"}],"author":[{"embeddable":true,"href":"https:\/\/corrientesdetarde.com\/index.php\/wp-json\/wp\/v2\/users\/4"}],"replies":[{"embeddable":true,"href":"https:\/\/corrientesdetarde.com\/index.php\/wp-json\/wp\/v2\/comments?post=269661"}],"version-history":[{"count":1,"href":"https:\/\/corrientesdetarde.com\/index.php\/wp-json\/wp\/v2\/posts\/269661\/revisions"}],"predecessor-version":[{"id":269663,"href":"https:\/\/corrientesdetarde.com\/index.php\/wp-json\/wp\/v2\/posts\/269661\/revisions\/269663"}],"wp:featuredmedia":[{"embeddable":true,"href":"https:\/\/corrientesdetarde.com\/index.php\/wp-json\/wp\/v2\/media\/269662"}],"wp:attachment":[{"href":"https:\/\/corrientesdetarde.com\/index.php\/wp-json\/wp\/v2\/media?parent=269661"}],"wp:term":[{"taxonomy":"category","embeddable":true,"href":"https:\/\/corrientesdetarde.com\/index.php\/wp-json\/wp\/v2\/categories?post=269661"},{"taxonomy":"post_tag","embeddable":true,"href":"https:\/\/corrientesdetarde.com\/index.php\/wp-json\/wp\/v2\/tags?post=269661"}],"curies":[{"name":"wp","href":"https:\/\/api.w.org\/{rel}","templated":true}]}}