{"id":269667,"date":"2026-09-02T09:36:51","date_gmt":"2026-09-02T12:36:51","guid":{"rendered":"https:\/\/corrientesdetarde.com\/?p=269667"},"modified":"2026-09-02T09:36:55","modified_gmt":"2026-09-02T12:36:55","slug":"confirman-que-es-un-gendarme-el-motociclista-que-atropello-a-una-bebe","status":"publish","type":"post","link":"https:\/\/corrientesdetarde.com\/index.php\/policiales\/confirman-que-es-un-gendarme-el-motociclista-que-atropello-a-una-bebe\/","title":{"rendered":"Confirman que es un gendarme el motociclista que atropell\u00f3 a una beb\u00e9"},"content":{"rendered":"\n<p>El siniestro se produjo cuando el efectivo se encontraba realizando &#8220;willy&#8221; en su motocicleta. La v\u00edctima se encuentra internada en el hospital Pedi\u00e1trico.&nbsp;<\/p>\n\n\n\n<p>Un grave siniestro vial provocado por una maniobra imprudente conmociona a la ciudad de Esquina. Un joven efectivo de la Gendarmer\u00eda Nacional, que se encontraba de franco de servicio, choc\u00f3 a alta velocidad contra una motocicleta en la que viajaba una familia compuesta por un hombre, una mujer y una beba de siete meses.<\/p>\n\n\n\n<p>El choque se produjo en la intersecci\u00f3n de la avenida Emilio Hansen y la calle Los Lirios, v\u00eda de acceso al Barrio Bicentenario, mientras la familia transitaba desde la Ruta Nacional 12 hacia dicho vecindario. Seg\u00fan confirm\u00f3 Ger\u00f3nimo Vega, el gendarme realizaba la maniobra conocida como &#8220;willy&#8221; a elevada velocidad, lo que provoc\u00f3 que perdiera el control e invadiera el carril contrario.<\/p>\n\n\n\n<p>A causa del impacto, la beba de siete meses sufri\u00f3 lesiones de gravedad y debi\u00f3 ser derivada de urgencia al Hospital Pedi\u00e1trico de la ciudad de Corrientes, donde permanece estable y fuera de peligro, aunque los m\u00e9dicos eval\u00faan practicarle intervenciones quir\u00fargicas. Sus padres, en tanto, salieron ilesos.<\/p>\n\n\n\n<p>Por su parte, el motociclista de 22 a\u00f1os, quien llevaba pocos d\u00edas de servicio en la fuerza, fue atendido en el centro de salud local y posteriormente dado de alta. Las pruebas confirmaron que no presentaba alcohol en sangre. A pesar de las im\u00e1genes de las c\u00e1maras de seguridad que registraron la conducci\u00f3n peligrosa, el agente permanece en libertad por el momento y estar\u00eda colaborando con la familia de la menor. La investigaci\u00f3n del hecho qued\u00f3 a cargo del fiscal Javier Mosquera.<\/p>\n","protected":false},"excerpt":{"rendered":"<p>El siniestro se produjo cuando el efectivo se encontraba realizando &#8220;willy&#8221; en su motocicleta. La v\u00edctima se encuentra internada en el hospital Pedi\u00e1trico.&nbsp; Un grave siniestro vial provocado por una&hellip; <\/p>\n","protected":false},"author":4,"featured_media":269668,"comment_status":"closed","ping_status":"open","sticky":false,"template":"","format":"standard","meta":{"footnotes":""},"categories":[33],"tags":[],"class_list":["post-269667","post","type-post","status-publish","format-standard","has-post-thumbnail","hentry","category-policiales"],"_links":{"self":[{"href":"https:\/\/corrientesdetarde.com\/index.php\/wp-json\/wp\/v2\/posts\/269667","targetHints":{"allow":["GET"]}}],"collection":[{"href":"https:\/\/corrientesdetarde.com\/index.php\/wp-json\/wp\/v2\/posts"}],"about":[{"href":"https:\/\/corrientesdetarde.com\/index.php\/wp-json\/wp\/v2\/types\/post"}],"author":[{"embeddable":true,"href":"https:\/\/corrientesdetarde.com\/index.php\/wp-json\/wp\/v2\/users\/4"}],"replies":[{"embeddable":true,"href":"https:\/\/corrientesdetarde.com\/index.php\/wp-json\/wp\/v2\/comments?post=269667"}],"version-history":[{"count":1,"href":"https:\/\/corrientesdetarde.com\/index.php\/wp-json\/wp\/v2\/posts\/269667\/revisions"}],"predecessor-version":[{"id":269669,"href":"https:\/\/corrientesdetarde.com\/index.php\/wp-json\/wp\/v2\/posts\/269667\/revisions\/269669"}],"wp:featuredmedia":[{"embeddable":true,"href":"https:\/\/corrientesdetarde.com\/index.php\/wp-json\/wp\/v2\/media\/269668"}],"wp:attachment":[{"href":"https:\/\/corrientesdetarde.com\/index.php\/wp-json\/wp\/v2\/media?parent=269667"}],"wp:term":[{"taxonomy":"category","embeddable":true,"href":"https:\/\/corrientesdetarde.com\/index.php\/wp-json\/wp\/v2\/categories?post=269667"},{"taxonomy":"post_tag","embeddable":true,"href":"https:\/\/corrientesdetarde.com\/index.php\/wp-json\/wp\/v2\/tags?post=269667"}],"curies":[{"name":"wp","href":"https:\/\/api.w.org\/{rel}","templated":true}]}}