{"id":269670,"date":"2026-09-02T09:38:39","date_gmt":"2026-09-02T12:38:39","guid":{"rendered":"https:\/\/corrientesdetarde.com\/?p=269670"},"modified":"2026-09-02T09:38:51","modified_gmt":"2026-09-02T12:38:51","slug":"historico-llega-a-corrientes-equipamiento-para-la-primera-planta-de-clt-del-pais","status":"publish","type":"post","link":"https:\/\/corrientesdetarde.com\/index.php\/actualidad\/historico-llega-a-corrientes-equipamiento-para-la-primera-planta-de-clt-del-pais\/","title":{"rendered":"Hist\u00f3rico: Llega a Corrientes equipamiento para la primera planta de CLT del pa\u00eds"},"content":{"rendered":"\n<p>Hoy arribar\u00e1 al puerto de la ciudad un convoy que transporta contenedores para Cambium Timber.&nbsp; As\u00ed lo confirm\u00f3 esta ma\u00f1ana el gobernador Juan Pablo Vald\u00e9s. &#8220;Ser\u00e1 un d\u00eda hist\u00f3rico para Corrientes. En el puerto habr\u00e1 movimientos importantes por la llegada de 50 contenedores con maquinaria&#8221;, adelant\u00f3 el mandatario.<\/p>\n\n\n\n<p>El puerto de Corrientes ser\u00e1 escenario este martes de una operaci\u00f3n que trasciende ampliamente el movimiento habitual de cargas. Est\u00e1 prevista la llegada del convoy que transporta contenedores con equipamiento destinado a Cambium Timber, que avanza con la instalaci\u00f3n de la primera planta industrial de madera contralaminada (CLT) y Mass Timber del pa\u00eds<\/p>\n\n\n\n<p>La noticia fue confirmada hoy por el gobernador Juan Pablo Valdes<\/p>\n\n\n\n<p>No estar\u00e1n llegando solamente contenedores. Est\u00e1 ingresando por el r\u00edo la tecnolog\u00eda que permitir\u00e1 desarrollar una nueva industria en la Argentina.<\/p>\n\n\n\n<p>La operaci\u00f3n adquiere especial relevancia por lo que representa para la cadena forestoindustrial. Corrientes posee una de las principales bases forestales del pa\u00eds y el desaf\u00edo estrat\u00e9gico pasa por avanzar hacia una mayor industrializaci\u00f3n, incorporando tecnolog\u00eda, conocimiento y valor agregado en origen.<\/p>\n\n\n\n<p>La tecnolog\u00eda CLT (Cross Laminated Timber) y el concepto Mass Timber forman parte de una transformaci\u00f3n internacional de la construcci\u00f3n basada en productos de madera de ingenier\u00eda capaces de ser utilizados como componentes estructurales de edificios y proyectos de diferentes escalas.<\/p>\n\n\n\n<p>El puerto como parte de la pol\u00edtica industrial<br>La llegada del convoy tambi\u00e9n permite observar el papel que puede desempe\u00f1ar la infraestructura portuaria dentro de una estrategia de desarrollo productivo.<\/p>\n\n\n\n<p>En ese esquema, el puerto de Corrientes y la hidrov\u00eda Paran\u00e1\u2013Paraguay constituyen herramientas estrat\u00e9gicas para una provincia cuya producci\u00f3n necesita integrarse de manera cada vez m\u00e1s eficiente con las cadenas nacionales e internacionales de abastecimiento y comercio.<\/p>\n\n\n\n<p>La futura planta de Cambium Timber representa precisamente ese cambio de paradigma.<\/p>\n","protected":false},"excerpt":{"rendered":"<p>Hoy arribar\u00e1 al puerto de la ciudad un convoy que transporta contenedores para Cambium Timber.&nbsp; As\u00ed lo confirm\u00f3 esta ma\u00f1ana el gobernador Juan Pablo Vald\u00e9s. &#8220;Ser\u00e1 un d\u00eda hist\u00f3rico para&hellip; <\/p>\n","protected":false},"author":4,"featured_media":269671,"comment_status":"closed","ping_status":"open","sticky":false,"template":"","format":"standard","meta":{"footnotes":""},"categories":[23],"tags":[],"class_list":["post-269670","post","type-post","status-publish","format-standard","has-post-thumbnail","hentry","category-actualidad"],"_links":{"self":[{"href":"https:\/\/corrientesdetarde.com\/index.php\/wp-json\/wp\/v2\/posts\/269670","targetHints":{"allow":["GET"]}}],"collection":[{"href":"https:\/\/corrientesdetarde.com\/index.php\/wp-json\/wp\/v2\/posts"}],"about":[{"href":"https:\/\/corrientesdetarde.com\/index.php\/wp-json\/wp\/v2\/types\/post"}],"author":[{"embeddable":true,"href":"https:\/\/corrientesdetarde.com\/index.php\/wp-json\/wp\/v2\/users\/4"}],"replies":[{"embeddable":true,"href":"https:\/\/corrientesdetarde.com\/index.php\/wp-json\/wp\/v2\/comments?post=269670"}],"version-history":[{"count":1,"href":"https:\/\/corrientesdetarde.com\/index.php\/wp-json\/wp\/v2\/posts\/269670\/revisions"}],"predecessor-version":[{"id":269672,"href":"https:\/\/corrientesdetarde.com\/index.php\/wp-json\/wp\/v2\/posts\/269670\/revisions\/269672"}],"wp:featuredmedia":[{"embeddable":true,"href":"https:\/\/corrientesdetarde.com\/index.php\/wp-json\/wp\/v2\/media\/269671"}],"wp:attachment":[{"href":"https:\/\/corrientesdetarde.com\/index.php\/wp-json\/wp\/v2\/media?parent=269670"}],"wp:term":[{"taxonomy":"category","embeddable":true,"href":"https:\/\/corrientesdetarde.com\/index.php\/wp-json\/wp\/v2\/categories?post=269670"},{"taxonomy":"post_tag","embeddable":true,"href":"https:\/\/corrientesdetarde.com\/index.php\/wp-json\/wp\/v2\/tags?post=269670"}],"curies":[{"name":"wp","href":"https:\/\/api.w.org\/{rel}","templated":true}]}}