{"id":269676,"date":"2026-09-02T09:47:26","date_gmt":"2026-09-02T12:47:26","guid":{"rendered":"https:\/\/corrientesdetarde.com\/?p=269676"},"modified":"2026-09-02T09:47:38","modified_gmt":"2026-09-02T12:47:38","slug":"caso-cecilia-lazcano-la-coautora-del-crimen-cumplira-prision-domiciliaria-en-santo-tome","status":"publish","type":"post","link":"https:\/\/corrientesdetarde.com\/index.php\/crimen-y-justicia\/caso-cecilia-lazcano-la-coautora-del-crimen-cumplira-prision-domiciliaria-en-santo-tome\/","title":{"rendered":"Caso Cecilia Lazcano: la coautora del crimen cumplir\u00e1 prisi\u00f3n domiciliaria en Santo Tom\u00e9"},"content":{"rendered":"\n<p>La decisi\u00f3n judicial gener\u00f3 indignaci\u00f3n en la familia de la v\u00edctima, que esperaba la detenci\u00f3n de la joven acusada de ser coautora del crimen.<\/p>\n\n\n\n<p>La adolescente de&nbsp;<strong>17 a\u00f1os<\/strong>&nbsp;<strong>imputada como coautora del asesinato<\/strong>&nbsp;de su compa\u00f1era de colegio Cecilia Emilce Lazcano en&nbsp;<strong>Alvear, Corrientes<\/strong>, no quedar\u00e1 detenida en un instituto de menores.<\/p>\n\n\n\n<p>En cambio, la&nbsp;<strong>jueza de Garant\u00edas Claudia Luco Montero<\/strong>&nbsp;<strong>dispuso que se mude a<\/strong>&nbsp;<strong>Santo Tom\u00e9<\/strong>, donde deber\u00e1 inscribirse en una nueva escuela en el plazo de una semana y someterse a tratamiento psicol\u00f3gico.<\/p>\n\n\n\n<p>La medida, que difundi\u00f3 el diario&nbsp;<em>Clar\u00edn<\/em>, provoc\u00f3 la reacci\u00f3n inmediata de los padres de la v\u00edctima de 16 a\u00f1os, quienes esperaban una resoluci\u00f3n m\u00e1s severa. El abogado querellante, Juan Saucedo, adelant\u00f3 que&nbsp;<strong>apelar\u00e1 la decisi\u00f3n<\/strong>&nbsp;y recusar\u00e1 al fiscal del caso.<\/p>\n\n\n\n<p><strong>La audiencia y la mudanza a Santo Tom\u00e9<\/strong><\/p>\n\n\n\n<p>Durante la audiencia de coerci\u00f3n, la jueza Luco Montero explic\u00f3 que la privaci\u00f3n de la libertad es una &#8220;medida excepcional&#8221; y solo se aplica ante riesgo de fuga u obstaculizaci\u00f3n de la investigaci\u00f3n.&nbsp;<strong>Seg\u00fan su criterio, la adolescente colabor\u00f3 con la causa<\/strong>&nbsp;y no tiene posibilidades de regresar a Alvear.<\/p>\n\n\n\n<p>De acuerdo con el medio citado, el defensor oficial y los padres de la imputada llegaron al juzgado acompa\u00f1ados por una mujer que se present\u00f3 como madrina del padre de la adolescente, quien es polic\u00eda de Alvear.&nbsp;<strong>La mujer ofreci\u00f3 una vivienda en el barrio Cerro de Santo Tom\u00e9<\/strong>&nbsp;para que la acusada viva all\u00ed junto a su madre. Sin embargo, la jueza no verific\u00f3 si la casa reun\u00eda las condiciones necesarias.<\/p>\n\n\n\n<p>La magistrada orden\u00f3 que los padres gestionen el pase escolar en cinco d\u00edas y que la adolescente solo salga de Santo Tom\u00e9 con autorizaci\u00f3n judicial.&nbsp;<strong>No se detall\u00f3 c\u00f3mo se controlar\u00e1 el cumplimiento de estas restricciones.<\/strong><\/p>\n\n\n\n<h2 class=\"wp-block-heading\">El reclamo de la familia de la v\u00edctima y la pol\u00e9mica por la decisi\u00f3n<\/h2>\n\n\n\n<p>La madre de Cecilia, Corintia Vila, expres\u00f3 su indignaci\u00f3n porque&nbsp;<strong>la familia de la v\u00edctima no fue escuchada durante la audiencia<\/strong>. &#8220;Estoy indignada porque mi hija no se puede defender, no puede hablar. Esta chica va a hacer su vida normalmente en Santo Tom\u00e9 y yo a mi hija no la tengo m\u00e1s&#8221;, reclam\u00f3.<\/p>\n\n\n\n<p>Vila tambi\u00e9n cuestion\u00f3 la cantidad de pruebas disponibles: &#8220;\u00bfQu\u00e9 m\u00e1s pruebas necesitan?&nbsp;<strong>Est\u00e1n todos los mensajes que la menor cruz\u00f3 con su novio<\/strong>, imputado como autor material del crimen&#8221;. Seg\u00fan la madre, la imputada &#8220;seguir\u00e1 estudiando, se va a recibir y luego todo quedar\u00e1 en el olvido&#8221;.<\/p>\n\n\n\n<p>El abogado querellante consider\u00f3 que&nbsp;<strong>hubo &#8220;manifiesta benevolencia&#8221;<\/strong>&nbsp;hacia la adolescente y anticip\u00f3 que recurrir\u00e1 la medida ante el Tribunal de Revisi\u00f3n.<\/p>\n\n\n\n<h2 class=\"wp-block-heading\">C\u00f3mo fue el crimen<\/h2>\n\n\n\n<p>Cecilia Emilce Lazcano fue atacada en la madrugada del&nbsp;<strong>16 de julio<\/strong>&nbsp;en la vieja estaci\u00f3n de trenes de Alvear, provincia de Corrientes. El homicida le provoc\u00f3 cortes en los brazos y una lesi\u00f3n profunda en el cuello. Para simular un suicidio, adem\u00e1s, el sospechoso envi\u00f3 desde el celular de la v\u00edctima mensajes de despedida a sus amigas.<\/p>\n\n\n\n<p>Cecilia alcanz\u00f3 a pedir ayuda en una casa cercana, pero muri\u00f3 horas despu\u00e9s cuando era trasladada a la ciudad de Corrientes. La noche anterior, hab\u00eda dormido en la casa de una amiga y sali\u00f3 cerca de las 3 para encontrarse con un compa\u00f1ero de colegio. Las c\u00e1maras de seguridad captaron sus \u00faltimos minutos de vida cuando caminaba hacia la estaci\u00f3n junto al adolescente imputado, quien llevaba una pala.<\/p>\n\n\n\n<p>En el celular del acusado,&nbsp;<strong>encontraron mensajes con su novia, la adolescente imputada<\/strong>, que evidencian que ella conoc\u00eda el plan y le sugiri\u00f3 c\u00f3mo evitar que encontraran el cuerpo. Adem\u00e1s, surgi\u00f3 la existencia de una tercera persona a la que deb\u00edan enviarle fotos y videos del ataque, aunque la Justicia a\u00fan no logr\u00f3 identificarla ni determinar su rol.<\/p>\n","protected":false},"excerpt":{"rendered":"<p>La decisi\u00f3n judicial gener\u00f3 indignaci\u00f3n en la familia de la v\u00edctima, que esperaba la detenci\u00f3n de la joven acusada de ser coautora del crimen. La adolescente de&nbsp;17 a\u00f1os&nbsp;imputada como coautora&hellip; <\/p>\n","protected":false},"author":4,"featured_media":269677,"comment_status":"closed","ping_status":"open","sticky":false,"template":"","format":"standard","meta":{"footnotes":""},"categories":[5],"tags":[],"class_list":["post-269676","post","type-post","status-publish","format-standard","has-post-thumbnail","hentry","category-crimen-y-justicia"],"_links":{"self":[{"href":"https:\/\/corrientesdetarde.com\/index.php\/wp-json\/wp\/v2\/posts\/269676","targetHints":{"allow":["GET"]}}],"collection":[{"href":"https:\/\/corrientesdetarde.com\/index.php\/wp-json\/wp\/v2\/posts"}],"about":[{"href":"https:\/\/corrientesdetarde.com\/index.php\/wp-json\/wp\/v2\/types\/post"}],"author":[{"embeddable":true,"href":"https:\/\/corrientesdetarde.com\/index.php\/wp-json\/wp\/v2\/users\/4"}],"replies":[{"embeddable":true,"href":"https:\/\/corrientesdetarde.com\/index.php\/wp-json\/wp\/v2\/comments?post=269676"}],"version-history":[{"count":1,"href":"https:\/\/corrientesdetarde.com\/index.php\/wp-json\/wp\/v2\/posts\/269676\/revisions"}],"predecessor-version":[{"id":269678,"href":"https:\/\/corrientesdetarde.com\/index.php\/wp-json\/wp\/v2\/posts\/269676\/revisions\/269678"}],"wp:featuredmedia":[{"embeddable":true,"href":"https:\/\/corrientesdetarde.com\/index.php\/wp-json\/wp\/v2\/media\/269677"}],"wp:attachment":[{"href":"https:\/\/corrientesdetarde.com\/index.php\/wp-json\/wp\/v2\/media?parent=269676"}],"wp:term":[{"taxonomy":"category","embeddable":true,"href":"https:\/\/corrientesdetarde.com\/index.php\/wp-json\/wp\/v2\/categories?post=269676"},{"taxonomy":"post_tag","embeddable":true,"href":"https:\/\/corrientesdetarde.com\/index.php\/wp-json\/wp\/v2\/tags?post=269676"}],"curies":[{"name":"wp","href":"https:\/\/api.w.org\/{rel}","templated":true}]}}