{"id":269679,"date":"2026-09-02T09:50:44","date_gmt":"2026-09-02T12:50:44","guid":{"rendered":"https:\/\/corrientesdetarde.com\/?p=269679"},"modified":"2026-09-02T09:50:56","modified_gmt":"2026-09-02T12:50:56","slug":"le-robaron-la-moto-en-segundos-del-estacionamiento-de-un-mayorista-y-pide-ayuda-para-recuperarla","status":"publish","type":"post","link":"https:\/\/corrientesdetarde.com\/index.php\/policiales\/le-robaron-la-moto-en-segundos-del-estacionamiento-de-un-mayorista-y-pide-ayuda-para-recuperarla\/","title":{"rendered":"Le robaron la moto en segundos del estacionamiento de un mayorista y pide ayuda para recuperarla"},"content":{"rendered":"\n<p>El hecho ocurri\u00f3 anoche en el predio de FACOR, sobre avenida 3 de Abril, y qued\u00f3 registrado por las c\u00e1maras de seguridad. Se trata de una Motomel Blitz blanca, \u00fanico medio de movilidad de la v\u00edctima.<\/p>\n\n\n\n<p>En cuesti\u00f3n de segundos y con total impunidad, un delincuente sustrajo una motocicleta estacionada en el predio del supermercado mayorista FACOR, ubicado sobre la avenida 3 de Abril en la ciudad de Corrientes. La maniobra delictiva qued\u00f3 completamente registrada por las c\u00e1maras de seguridad del lugar.<\/p>\n\n\n\n<p>El il\u00edcito ocurri\u00f3 este martes, alrededor de las 21:30 horas. Las im\u00e1genes de vigilancia dan cuenta de la rapidez y destreza con la que actu\u00f3 el autor del robo para llevarse el rodado sin levantar sospechas inmediatas.<\/p>\n\n\n\n<p>El veh\u00edculo sustra\u00eddo es una Motomel Blitz 110 cc, color blanca. Seg\u00fan relat\u00f3 el damnificado, la motocicleta constituye su \u00fanico medio de transporte diario, por lo que decidi\u00f3 difundir las grabaciones para solicitar la colaboraci\u00f3n de la comunidad.<\/p>\n\n\n\n<p>Ante cualquier informaci\u00f3n que ayude a dar con el paradero del rodado, solicitan comunicarse de inmediato al tel\u00e9fono 3794-942356 o dar aviso a la comisar\u00eda m\u00e1s cercana.<\/p>\n","protected":false},"excerpt":{"rendered":"<p>El hecho ocurri\u00f3 anoche en el predio de FACOR, sobre avenida 3 de Abril, y qued\u00f3 registrado por las c\u00e1maras de seguridad. Se trata de una Motomel Blitz blanca, \u00fanico&hellip; <\/p>\n","protected":false},"author":4,"featured_media":269680,"comment_status":"closed","ping_status":"open","sticky":false,"template":"","format":"standard","meta":{"footnotes":""},"categories":[33],"tags":[],"class_list":["post-269679","post","type-post","status-publish","format-standard","has-post-thumbnail","hentry","category-policiales"],"_links":{"self":[{"href":"https:\/\/corrientesdetarde.com\/index.php\/wp-json\/wp\/v2\/posts\/269679","targetHints":{"allow":["GET"]}}],"collection":[{"href":"https:\/\/corrientesdetarde.com\/index.php\/wp-json\/wp\/v2\/posts"}],"about":[{"href":"https:\/\/corrientesdetarde.com\/index.php\/wp-json\/wp\/v2\/types\/post"}],"author":[{"embeddable":true,"href":"https:\/\/corrientesdetarde.com\/index.php\/wp-json\/wp\/v2\/users\/4"}],"replies":[{"embeddable":true,"href":"https:\/\/corrientesdetarde.com\/index.php\/wp-json\/wp\/v2\/comments?post=269679"}],"version-history":[{"count":1,"href":"https:\/\/corrientesdetarde.com\/index.php\/wp-json\/wp\/v2\/posts\/269679\/revisions"}],"predecessor-version":[{"id":269681,"href":"https:\/\/corrientesdetarde.com\/index.php\/wp-json\/wp\/v2\/posts\/269679\/revisions\/269681"}],"wp:featuredmedia":[{"embeddable":true,"href":"https:\/\/corrientesdetarde.com\/index.php\/wp-json\/wp\/v2\/media\/269680"}],"wp:attachment":[{"href":"https:\/\/corrientesdetarde.com\/index.php\/wp-json\/wp\/v2\/media?parent=269679"}],"wp:term":[{"taxonomy":"category","embeddable":true,"href":"https:\/\/corrientesdetarde.com\/index.php\/wp-json\/wp\/v2\/categories?post=269679"},{"taxonomy":"post_tag","embeddable":true,"href":"https:\/\/corrientesdetarde.com\/index.php\/wp-json\/wp\/v2\/tags?post=269679"}],"curies":[{"name":"wp","href":"https:\/\/api.w.org\/{rel}","templated":true}]}}