{"id":269682,"date":"2026-09-02T09:55:04","date_gmt":"2026-09-02T12:55:04","guid":{"rendered":"https:\/\/corrientesdetarde.com\/?p=269682"},"modified":"2026-09-02T09:55:10","modified_gmt":"2026-09-02T12:55:10","slug":"el-gobierno-fijo-un-nuevo-salario-minimo-vital-y-movil","status":"publish","type":"post","link":"https:\/\/corrientesdetarde.com\/index.php\/nacionales\/el-gobierno-fijo-un-nuevo-salario-minimo-vital-y-movil\/","title":{"rendered":"El Gobierno fij\u00f3 un nuevo Salario M\u00ednimo, Vital y M\u00f3vil"},"content":{"rendered":"\n<p>La actualizaci\u00f3n fue definida por laudo luego de que el Consejo del Salario no alcanzara un acuerdo entre trabajadores y empresarios. El valor llegar\u00e1 a $437.000 en abril del pr\u00f3ximo a\u00f1o.<\/p>\n\n\n\n<p>El Gobierno nacional estableci\u00f3 el nuevo&nbsp;<strong>Salario M\u00ednimo, Vital y M\u00f3vil (SMVM) en $383.800 mensuales desde septiembre de 2026<\/strong>&nbsp;para los trabajadores que cumplen la jornada legal completa, con un esquema de aumentos escalonados que llevar\u00e1 el ingreso m\u00ednimo hasta&nbsp;<strong>$437.000 en abril de 2027<\/strong>.<\/p>\n\n\n\n<p>La medida qued\u00f3 formalizada mediante la&nbsp;<strong>Resoluci\u00f3n 4\/2026 del Consejo Nacional del Empleo, la Productividad y el Salario M\u00ednimo, Vital y M\u00f3vil<\/strong>, publicada en el Bolet\u00edn Oficial.<\/p>\n\n\n\n<p>La actualizaci\u00f3n alcanza a los trabajadores comprendidos en el&nbsp;<strong>R\u00e9gimen de Contrato de Trabajo, el R\u00e9gimen de Trabajo Agrario, la Administraci\u00f3n P\u00fablica Nacional y organismos del Estado Nacional que act\u00faen como empleadores<\/strong>.<\/p>\n\n\n\n<p>En el caso de trabajadores con jornadas inferiores a la legal, el salario deber\u00e1 abonarse de manera proporcional.<\/p>\n\n\n\n<h2 class=\"wp-block-heading\">El cronograma de aumentos<\/h2>\n\n\n\n<p>La resoluci\u00f3n fij\u00f3 ocho valores mensuales consecutivos para el salario m\u00ednimo:<\/p>\n\n\n\n<ul class=\"wp-block-list\">\n<li><strong>Septiembre de 2026:<\/strong>\u00a0$383.800 mensuales y $1.919 por hora.<\/li>\n\n\n\n<li><strong>Octubre de 2026:<\/strong>\u00a0$391.200 mensuales y $1.956 por hora.<\/li>\n\n\n\n<li><strong>Noviembre de 2026:<\/strong>\u00a0$398.800 mensuales y $1.994 por hora.<\/li>\n\n\n\n<li><strong>Diciembre de 2026:<\/strong>\u00a0$406.400 mensuales y $2.032 por hora.<\/li>\n\n\n\n<li><strong>Enero de 2027:<\/strong>\u00a0$414.200 mensuales y $2.071 por hora.<\/li>\n\n\n\n<li><strong>Febrero de 2027:<\/strong>\u00a0$422.000 mensuales y $2.110 por hora.<\/li>\n\n\n\n<li><strong>Marzo de 2027:<\/strong>\u00a0$429.600 mensuales y $2.148 por hora.<\/li>\n\n\n\n<li><strong>Abril de 2027:<\/strong>\u00a0$437.000 mensuales y $2.185 por hora.<\/li>\n<\/ul>\n\n\n\n<p>Los montos mensuales corresponden a trabajadores mensualizados con jornada completa, mientras que los valores horarios se aplican a quienes cobran por jornal.<\/p>\n\n\n\n<h2 class=\"wp-block-heading\">Sin acuerdo en el Consejo del Salario<\/h2>\n\n\n\n<p>La decisi\u00f3n del Ejecutivo lleg\u00f3 luego de la reuni\u00f3n del&nbsp;<strong>Consejo Nacional del Empleo, la Productividad y el Salario M\u00ednimo<\/strong>, realizada el 28 de agosto, donde representantes sindicales y empresarios no lograron alcanzar un consenso.<\/p>\n\n\n\n<p>Seg\u00fan la resoluci\u00f3n oficial, tras un &#8220;extenso intercambio de opiniones&#8221; no fue posible arribar a un acuerdo, por lo que correspondi\u00f3 al Gobierno establecer los nuevos valores mediante un laudo.<\/p>\n\n\n\n<p>La CGT y las dos CTA hab\u00edan rechazado la propuesta empresarial, que planteaba aumentos del 1,8% para septiembre y del 1,7% para los meses siguientes hasta abril.<\/p>\n\n\n\n<h2 class=\"wp-block-heading\">C\u00f3mo impacta en la prestaci\u00f3n por desempleo<\/h2>\n\n\n\n<p>La actualizaci\u00f3n del salario m\u00ednimo tambi\u00e9n modifica los valores de referencia para la&nbsp;<strong>Prestaci\u00f3n por Desempleo<\/strong>.<\/p>\n\n\n\n<p>El beneficio continuar\u00e1 calcul\u00e1ndose como el&nbsp;<strong>75% de la mejor remuneraci\u00f3n mensual, normal y habitual percibida por el trabajador durante los seis meses anteriores al cese laboral<\/strong>.<\/p>\n\n\n\n<p>Adem\u00e1s, tendr\u00e1 l\u00edmites vinculados al salario m\u00ednimo vigente:<\/p>\n\n\n\n<ul class=\"wp-block-list\">\n<li>No podr\u00e1 ser inferior al\u00a0<strong>50% del SMVM<\/strong>.<\/li>\n\n\n\n<li>No podr\u00e1 superar el\u00a0<strong>100% del SMVM<\/strong>.<\/li>\n<\/ul>\n\n\n\n<p>Por lo tanto, los pisos y techos de la prestaci\u00f3n se actualizar\u00e1n autom\u00e1ticamente con cada aumento del salario m\u00ednimo hasta abril de 2027.<\/p>\n\n\n\n<h2 class=\"wp-block-heading\">La discusi\u00f3n sobre el poder adquisitivo<\/h2>\n\n\n\n<p>Analistas del&nbsp;<strong>Instituto Interdisciplinario de Econom\u00eda Pol\u00edtica (IIEP) de la UBA<\/strong>&nbsp;se\u00f1alaron que el salario m\u00ednimo real acumul\u00f3 una ca\u00edda del&nbsp;<strong>40,5% entre noviembre de 2023 y julio de 2026<\/strong>.<\/p>\n\n\n\n<p>Seg\u00fan ese an\u00e1lisis, el ingreso m\u00ednimo pas\u00f3 de un equivalente de $626.106 en noviembre de 2023 a $372.400 en julio de 2026 medido en t\u00e9rminos reales.<\/p>\n\n\n\n<p>En paralelo, el Gobierno abri\u00f3 conversaciones para impulsar nuevas negociaciones colectivas entre sindicatos y empresas, con la intenci\u00f3n de que algunos salarios de convenio tengan un piso inicial cercano al&nbsp;<strong>mill\u00f3n de pesos brutos<\/strong>, aunque aclararon que se trat\u00f3 de intercambios informales.<\/p>\n","protected":false},"excerpt":{"rendered":"<p>La actualizaci\u00f3n fue definida por laudo luego de que el Consejo del Salario no alcanzara un acuerdo entre trabajadores y empresarios. El valor llegar\u00e1 a $437.000 en abril del pr\u00f3ximo&hellip; <\/p>\n","protected":false},"author":4,"featured_media":269683,"comment_status":"closed","ping_status":"open","sticky":false,"template":"","format":"standard","meta":{"footnotes":""},"categories":[10],"tags":[],"class_list":["post-269682","post","type-post","status-publish","format-standard","has-post-thumbnail","hentry","category-nacionales"],"_links":{"self":[{"href":"https:\/\/corrientesdetarde.com\/index.php\/wp-json\/wp\/v2\/posts\/269682","targetHints":{"allow":["GET"]}}],"collection":[{"href":"https:\/\/corrientesdetarde.com\/index.php\/wp-json\/wp\/v2\/posts"}],"about":[{"href":"https:\/\/corrientesdetarde.com\/index.php\/wp-json\/wp\/v2\/types\/post"}],"author":[{"embeddable":true,"href":"https:\/\/corrientesdetarde.com\/index.php\/wp-json\/wp\/v2\/users\/4"}],"replies":[{"embeddable":true,"href":"https:\/\/corrientesdetarde.com\/index.php\/wp-json\/wp\/v2\/comments?post=269682"}],"version-history":[{"count":1,"href":"https:\/\/corrientesdetarde.com\/index.php\/wp-json\/wp\/v2\/posts\/269682\/revisions"}],"predecessor-version":[{"id":269684,"href":"https:\/\/corrientesdetarde.com\/index.php\/wp-json\/wp\/v2\/posts\/269682\/revisions\/269684"}],"wp:featuredmedia":[{"embeddable":true,"href":"https:\/\/corrientesdetarde.com\/index.php\/wp-json\/wp\/v2\/media\/269683"}],"wp:attachment":[{"href":"https:\/\/corrientesdetarde.com\/index.php\/wp-json\/wp\/v2\/media?parent=269682"}],"wp:term":[{"taxonomy":"category","embeddable":true,"href":"https:\/\/corrientesdetarde.com\/index.php\/wp-json\/wp\/v2\/categories?post=269682"},{"taxonomy":"post_tag","embeddable":true,"href":"https:\/\/corrientesdetarde.com\/index.php\/wp-json\/wp\/v2\/tags?post=269682"}],"curies":[{"name":"wp","href":"https:\/\/api.w.org\/{rel}","templated":true}]}}