{"id":269685,"date":"2026-09-02T10:12:38","date_gmt":"2026-09-02T13:12:38","guid":{"rendered":"https:\/\/corrientesdetarde.com\/?p=269685"},"modified":"2026-09-02T10:12:50","modified_gmt":"2026-09-02T13:12:50","slug":"mas-de-500-estudiantes-correntinos-competiran-en-los-torneos-interescolares","status":"publish","type":"post","link":"https:\/\/corrientesdetarde.com\/index.php\/deportes\/mas-de-500-estudiantes-correntinos-competiran-en-los-torneos-interescolares\/","title":{"rendered":"M\u00e1s de 500 estudiantes correntinos competir\u00e1n en los Torneos Interescolares"},"content":{"rendered":"\n<p>M\u00e1s de 500 deportistas escolares participar\u00e1n de la instancia provincial de los Torneos Interescolares que se realizar\u00e1n el 4 y 5 de septiembre en la capital correntina. Las actividades se desarrollar\u00e1n desde las 11 en el Centro de Educaci\u00f3n F\u00edsica CEF N\u00b0 17 y las disciplinas en competencia ser\u00e1n atletismo convencional, atletismo adaptado, b\u00e1squet 3&#215;3, nataci\u00f3n, triatl\u00f3n y nataci\u00f3n adaptada entre otras.<\/p>\n\n\n\n<p>Los estudiantes llegan al provincial luego de haber superado las etapas local y zonal, representando a sus respectivas instituciones y localidades. En esta oportunidad los competidores buscar\u00e1n alcanzar la clasificaci\u00f3n que les permita representar a Corrientes en los Juegos Deportivos Nacionales Evita.<\/p>\n\n\n\n<p>Durante las jornadas habr\u00e1 competencias en diferentes disciplinas deportivas escolares, entre ellas atletismo convencional, atletismo adaptado, b\u00e1squet 3&#215;3, nataci\u00f3n, triatl\u00f3n y nataci\u00f3n adaptada.<\/p>\n\n\n\n<p>Adem\u00e1s tendr\u00e1n lugar destacado los deportes adaptados con competencias de boccia, tenis de mesa, b\u00e1squet en silla de ruedas, v\u00f3ley sentado y powerlifting, promoviendo la inclusi\u00f3n, la participaci\u00f3n y la igualdad de oportunidades a trav\u00e9s del deporte.<\/p>\n\n\n\n<p>Esta instancia es el resultado del trabajo y el esfuerzo realizado por estudiantes, docentes, entrenadores e instituciones deportivas y educativas a lo largo de todo el proceso clasificatorio.<\/p>\n\n\n\n<p>En estas dos jornadas Corrientes Capital ser\u00e1 escenario de una verdadera fiesta del deporte escolar, donde cientos de alumnos tendr\u00e1n la oportunidad de compartir, competir y representar con orgullo a sus comunidades, persiguiendo el sue\u00f1o de llegar a la instancia nacional.<\/p>\n\n\n\n<p>M\u00e1s de 500 deportistas, seis zonas, m\u00faltiples disciplinas y un mismo objetivo: representar a Corrientes ante el pa\u00eds.<\/p>\n","protected":false},"excerpt":{"rendered":"<p>M\u00e1s de 500 deportistas escolares participar\u00e1n de la instancia provincial de los Torneos Interescolares que se realizar\u00e1n el 4 y 5 de septiembre en la capital correntina. Las actividades se&hellip; <\/p>\n","protected":false},"author":4,"featured_media":269686,"comment_status":"closed","ping_status":"open","sticky":false,"template":"","format":"standard","meta":{"footnotes":""},"categories":[4],"tags":[],"class_list":["post-269685","post","type-post","status-publish","format-standard","has-post-thumbnail","hentry","category-deportes"],"_links":{"self":[{"href":"https:\/\/corrientesdetarde.com\/index.php\/wp-json\/wp\/v2\/posts\/269685","targetHints":{"allow":["GET"]}}],"collection":[{"href":"https:\/\/corrientesdetarde.com\/index.php\/wp-json\/wp\/v2\/posts"}],"about":[{"href":"https:\/\/corrientesdetarde.com\/index.php\/wp-json\/wp\/v2\/types\/post"}],"author":[{"embeddable":true,"href":"https:\/\/corrientesdetarde.com\/index.php\/wp-json\/wp\/v2\/users\/4"}],"replies":[{"embeddable":true,"href":"https:\/\/corrientesdetarde.com\/index.php\/wp-json\/wp\/v2\/comments?post=269685"}],"version-history":[{"count":1,"href":"https:\/\/corrientesdetarde.com\/index.php\/wp-json\/wp\/v2\/posts\/269685\/revisions"}],"predecessor-version":[{"id":269687,"href":"https:\/\/corrientesdetarde.com\/index.php\/wp-json\/wp\/v2\/posts\/269685\/revisions\/269687"}],"wp:featuredmedia":[{"embeddable":true,"href":"https:\/\/corrientesdetarde.com\/index.php\/wp-json\/wp\/v2\/media\/269686"}],"wp:attachment":[{"href":"https:\/\/corrientesdetarde.com\/index.php\/wp-json\/wp\/v2\/media?parent=269685"}],"wp:term":[{"taxonomy":"category","embeddable":true,"href":"https:\/\/corrientesdetarde.com\/index.php\/wp-json\/wp\/v2\/categories?post=269685"},{"taxonomy":"post_tag","embeddable":true,"href":"https:\/\/corrientesdetarde.com\/index.php\/wp-json\/wp\/v2\/tags?post=269685"}],"curies":[{"name":"wp","href":"https:\/\/api.w.org\/{rel}","templated":true}]}}