{"id":269688,"date":"2026-09-02T10:37:44","date_gmt":"2026-09-02T13:37:44","guid":{"rendered":"https:\/\/corrientesdetarde.com\/?p=269688"},"modified":"2026-09-02T10:37:49","modified_gmt":"2026-09-02T13:37:49","slug":"corrientes-fortalece-su-vinculo-con-paraguay-y-apuesta-al-desarrollo-tecnologico-y-los-nuevos-negocios","status":"publish","type":"post","link":"https:\/\/corrientesdetarde.com\/index.php\/politica\/corrientes-fortalece-su-vinculo-con-paraguay-y-apuesta-al-desarrollo-tecnologico-y-los-nuevos-negocios\/","title":{"rendered":"Corrientes fortalece su v\u00ednculo con Paraguay y apuesta al desarrollo tecnol\u00f3gico y los nuevos negocios"},"content":{"rendered":"\n<p>La Vicegobernaci\u00f3n y la C\u00e1mara de Comercio Argentino-Paraguaya firmaron un convenio de cooperaci\u00f3n, iniciativa que forma parte de la estrategia de articulaci\u00f3n p\u00fablico-privada impulsada por el vicegobernador Dr. Pedro Braillard Poccard, a trav\u00e9s del proyecto Corrientes Futuro Tecno, cuya responsable es la Dra. Naylan Faisal Marottoli.<\/p>\n\n\n\n<p>En el Sal\u00f3n de Acuerdos de la Vicegobernaci\u00f3n de la Provincia de Corrientes se concret\u00f3 este martes la firma de un Convenio Marco de Colaboraci\u00f3n y Alianza Estrat\u00e9gica entre la Vicegobernaci\u00f3n y la C\u00e1mara de Comercio Argentino-Paraguaya (CCARPA), en el marco de Corrientes Futuro Tecno, una iniciativa impulsada desde la Vicegobernaci\u00f3n para fortalecer la integraci\u00f3n regional, el desarrollo econ\u00f3mico y la innovaci\u00f3n tecnol\u00f3gica.<\/p>\n\n\n\n<figure class=\"wp-block-image size-large\"><img loading=\"lazy\" decoding=\"async\" width=\"1024\" height=\"683\" src=\"https:\/\/corrientesdetarde.com\/wp-content\/uploads\/2026\/09\/image-26-1024x683.png\" alt=\"\" class=\"wp-image-269689\" srcset=\"https:\/\/corrientesdetarde.com\/wp-content\/uploads\/2026\/09\/image-26-1024x683.png 1024w, https:\/\/corrientesdetarde.com\/wp-content\/uploads\/2026\/09\/image-26-300x200.png 300w, https:\/\/corrientesdetarde.com\/wp-content\/uploads\/2026\/09\/image-26-768x512.png 768w, https:\/\/corrientesdetarde.com\/wp-content\/uploads\/2026\/09\/image-26.png 1173w\" sizes=\"auto, (max-width: 1024px) 100vw, 1024px\" \/><\/figure>\n\n\n\n<p>La jornada tuvo adem\u00e1s un marcado car\u00e1cter regional y empresarial, al reunir a representantes de c\u00e1maras, entidades productivas y organizaciones vinculadas al comercio y al desarrollo econ\u00f3mico, dando un marco relevante a la firma.<\/p>\n\n\n\n<p>Braillard Poccard: \u201cUna tarea conjunta p\u00fablico-privada\u201d<br>Al referirse al convenio, el vicegobernador Pedro Braillard Poccard puso el acento en la importancia de consolidar una relaci\u00f3n permanente entre el Estado y el sector productivo. En ese sentido, destac\u00f3 el papel de los empresarios que se involucran y acompa\u00f1an este tipo de iniciativas, se\u00f1alando que ello es posible cuando existe un marco de confianza y un trabajo cotidiano.<\/p>\n\n\n\n<p>Braillard Poccard remarc\u00f3 que el Gobierno de Corrientes viene desarrollando desde hace tiempo una tarea conjunta con el sector privado y sostuvo que el aporte del empresariado y del sector productivo constituye un componente fundamental para avanzar en este tipo de iniciativas.<\/p>\n\n\n\n<p>Desde esa perspectiva, la Vicegobernaci\u00f3n se posiciona como un \u00e1mbito de articulaci\u00f3n, capaz de conectar actores, abrir canales de cooperaci\u00f3n y tender puentes institucionales y comerciales con la regi\u00f3n, particularmente con Paraguay.<\/p>\n\n\n\n<figure class=\"wp-block-image size-large\"><img loading=\"lazy\" decoding=\"async\" width=\"1024\" height=\"679\" src=\"https:\/\/corrientesdetarde.com\/wp-content\/uploads\/2026\/09\/image-27-1024x679.png\" alt=\"\" class=\"wp-image-269690\" srcset=\"https:\/\/corrientesdetarde.com\/wp-content\/uploads\/2026\/09\/image-27-1024x679.png 1024w, https:\/\/corrientesdetarde.com\/wp-content\/uploads\/2026\/09\/image-27-300x199.png 300w, https:\/\/corrientesdetarde.com\/wp-content\/uploads\/2026\/09\/image-27-768x509.png 768w, https:\/\/corrientesdetarde.com\/wp-content\/uploads\/2026\/09\/image-27.png 1184w\" sizes=\"auto, (max-width: 1024px) 100vw, 1024px\" \/><\/figure>\n\n\n\n<p>Un convenio para generar negocios y abrir nuevos mercados<br>El convenio establece un marco de cooperaci\u00f3n destinado a promover la integraci\u00f3n entre ambas instituciones mediante la implementaci\u00f3n de programas, proyectos y acciones conjuntas, con especial atenci\u00f3n al fomento de los negocios, la innovaci\u00f3n y la internacionalizaci\u00f3n.<\/p>\n\n\n\n<p>Uno de los aspectos centrales es la generaci\u00f3n de oportunidades para empresarios, emprendedores y referentes tecnol\u00f3gicos de Corrientes, Paraguay y la regi\u00f3n, procurando fortalecer los v\u00ednculos institucionales y empresariales.<\/p>\n\n\n\n<p>El acuerdo tambi\u00e9n contempla la realizaci\u00f3n de capacitaciones, cursos, talleres y seminarios virtuales sobre venta online, marketplaces, log\u00edstica y medios de pago, orientados especialmente a PyMEs correntinas y paraguayas.<\/p>\n\n\n\n<p>La articulaci\u00f3n buscar\u00e1 conectar a empresarios y actores del sector tecnol\u00f3gico con nuevos mercados, posibilidades de inversi\u00f3n, cooperaci\u00f3n y negocios, adem\u00e1s de promover proyectos vinculados al \u00e1mbito digital, la investigaci\u00f3n, la extensi\u00f3n, la transferencia tecnol\u00f3gica y las becas.<\/p>\n\n\n\n<p>Para llevar adelante estas acciones se conformar\u00e1 una Comisi\u00f3n Mixta, integrada por representantes de ambas partes, que tendr\u00e1 a su cargo la planificaci\u00f3n, gesti\u00f3n y evaluaci\u00f3n de los proyectos y la construcci\u00f3n de una agenda de trabajo destinada a que el talento y las empresas tecnol\u00f3gicas de la regi\u00f3n encuentren nuevos espacios para crecer e internacionalizarse.<\/p>\n\n\n\n<p>Una jornada con fuerte presencia institucional y empresarial<br>El encuentro cont\u00f3 con la presencia del presidente de la C\u00e1mara de Comercio Argentino-Paraguaya Lic. Leonardo Marcilio y de su prosecretario, Gonzalo Rodr\u00edguez, quienes viajaron especialmente desde Buenos Aires para participar de la firma y avanzar en una agenda conjunta con Corrientes.<\/p>\n\n\n\n<p>La mesa de trabajo cont\u00f3 con representantes de FEC, FECORR, AJEC, APICC, MID Corrientes, CAME Corrientes y CAME Formosa, adem\u00e1s de referentes empresariales de Santo Tom\u00e9, entre otros actores del sector privado y productivo. La convocatoria incluy\u00f3 tanto a autoridades de las distintas entidades como a vicepresidentes, representantes ejecutivos y referentes de \u00e1reas estrat\u00e9gicas vinculadas al desarrollo empresarial.<\/p>\n\n\n\n<p>La participaci\u00f3n de instituciones provenientes de distintas localidades y provincias permiti\u00f3 ampliar el alcance de la agenda y poner en com\u00fan distintas perspectivas sobre las oportunidades de integraci\u00f3n comercial del NEA con Paraguay.<\/p>\n\n\n\n<p>Marcilio: \u201cHay que dejarlo en manos de los j\u00f3venes\u201d<br>Por su parte, el presidente de la C\u00e1mara de Comercio Argentino-Paraguaya, Lic. Leonardo A. Marcilio, consider\u00f3 que la firma constituye el \u201cpuntapi\u00e9 inicial\u201d para comenzar a construir las bases de una relaci\u00f3n que permita avanzar en nuevos proyectos.<\/p>\n\n\n\n<p>Marcilio destac\u00f3 la hist\u00f3rica vinculaci\u00f3n de la C\u00e1mara con Paraguay y puso en valor la cercan\u00eda de Corrientes con ese pa\u00eds, no solamente desde el punto de vista geogr\u00e1fico sino tambi\u00e9n por los lazos humanos y culturales existentes.<\/p>\n\n\n\n<p>El titular de CCARPA puso especial \u00e9nfasis en la econom\u00eda del conocimiento y el desarrollo tecnol\u00f3gico, mencionando particularmente la inteligencia artificial y la tecnolog\u00eda blockchain como \u00e1reas capaces de generar nuevas oportunidades y marcar una diferencia.<\/p>\n\n\n\n<p>Tambi\u00e9n remarc\u00f3 la necesidad de que las nuevas generaciones sean protagonistas de este proceso. \u201cHay que dejarlo a la gente joven\u201d, sostuvo, al destacar que ser\u00e1n ellos quienes deber\u00e1n generar redes, establecer contactos y encontrar nuevas oportunidades en un mundo cada vez m\u00e1s conectado.<\/p>\n\n\n\n<p>Finalmente, se\u00f1al\u00f3 que Corrientes Futuro Tecno ofrece un marco para canalizar ese potencial y destac\u00f3 la importancia de que el sector dirigente brinde el acompa\u00f1amiento institucional, econ\u00f3mico y moral para que los j\u00f3venes puedan transformar sus conocimientos tecnol\u00f3gicos en proyectos y oportunidades de desarrollo.<\/p>\n","protected":false},"excerpt":{"rendered":"<p>La Vicegobernaci\u00f3n y la C\u00e1mara de Comercio Argentino-Paraguaya firmaron un convenio de cooperaci\u00f3n, iniciativa que forma parte de la estrategia de articulaci\u00f3n p\u00fablico-privada impulsada por el vicegobernador Dr. Pedro Braillard&hellip; <\/p>\n","protected":false},"author":4,"featured_media":269691,"comment_status":"closed","ping_status":"open","sticky":false,"template":"","format":"standard","meta":{"footnotes":""},"categories":[3],"tags":[],"class_list":["post-269688","post","type-post","status-publish","format-standard","has-post-thumbnail","hentry","category-politica"],"_links":{"self":[{"href":"https:\/\/corrientesdetarde.com\/index.php\/wp-json\/wp\/v2\/posts\/269688","targetHints":{"allow":["GET"]}}],"collection":[{"href":"https:\/\/corrientesdetarde.com\/index.php\/wp-json\/wp\/v2\/posts"}],"about":[{"href":"https:\/\/corrientesdetarde.com\/index.php\/wp-json\/wp\/v2\/types\/post"}],"author":[{"embeddable":true,"href":"https:\/\/corrientesdetarde.com\/index.php\/wp-json\/wp\/v2\/users\/4"}],"replies":[{"embeddable":true,"href":"https:\/\/corrientesdetarde.com\/index.php\/wp-json\/wp\/v2\/comments?post=269688"}],"version-history":[{"count":1,"href":"https:\/\/corrientesdetarde.com\/index.php\/wp-json\/wp\/v2\/posts\/269688\/revisions"}],"predecessor-version":[{"id":269693,"href":"https:\/\/corrientesdetarde.com\/index.php\/wp-json\/wp\/v2\/posts\/269688\/revisions\/269693"}],"wp:featuredmedia":[{"embeddable":true,"href":"https:\/\/corrientesdetarde.com\/index.php\/wp-json\/wp\/v2\/media\/269691"}],"wp:attachment":[{"href":"https:\/\/corrientesdetarde.com\/index.php\/wp-json\/wp\/v2\/media?parent=269688"}],"wp:term":[{"taxonomy":"category","embeddable":true,"href":"https:\/\/corrientesdetarde.com\/index.php\/wp-json\/wp\/v2\/categories?post=269688"},{"taxonomy":"post_tag","embeddable":true,"href":"https:\/\/corrientesdetarde.com\/index.php\/wp-json\/wp\/v2\/tags?post=269688"}],"curies":[{"name":"wp","href":"https:\/\/api.w.org\/{rel}","templated":true}]}}