{"id":269694,"date":"2026-09-02T10:46:41","date_gmt":"2026-09-02T13:46:41","guid":{"rendered":"https:\/\/corrientesdetarde.com\/?p=269694"},"modified":"2026-09-02T10:46:53","modified_gmt":"2026-09-02T13:46:53","slug":"lucia-mortola-sera-distinguida-como-joven-honorable-por-su-aporte-a-la-investigacion-del-cancer-colorrectal","status":"publish","type":"post","link":"https:\/\/corrientesdetarde.com\/index.php\/eventos\/lucia-mortola-sera-distinguida-como-joven-honorable-por-su-aporte-a-la-investigacion-del-cancer-colorrectal\/","title":{"rendered":"Luc\u00eda M\u00f3rtola ser\u00e1 distinguida como \u201cJoven Honorable\u201d por su aporte a la investigaci\u00f3n del c\u00e1ncer colorrectal"},"content":{"rendered":"\n<p>El jueves 3 de septiembre, al finalizar la Sesi\u00f3n Ordinaria del Senado, el vicegobernador Pedro Braillard Poccard entregar\u00e1 la distinci\u00f3n \u201cJoven Honorable\u201d a Luc\u00eda M\u00f3rtola, estudiante avanzada de Bioqu\u00edmica de la Universidad Nacional del Nordeste (UNNE), quien se destaca por su trayectoria acad\u00e9mica y cient\u00edfica.<\/p>\n\n\n\n<p>M\u00f3rtola cursa el sexto a\u00f1o de la carrera y realiza sus Pr\u00e1cticas Hospitalarias, con un promedio de 9,66, el m\u00e1s alto de su cohorte. Adem\u00e1s, es becaria de investigaci\u00f3n de pregrado en el Laboratorio de Investigaciones Bioqu\u00edmicas de la Facultad de Medicina (LIBIM-UNNE), donde integra un equipo interdisciplinario que estudia el papel de la inflamaci\u00f3n en el c\u00e1ncer colorrectal.<\/p>\n\n\n\n<p>Su investigaci\u00f3n se centra en analizar genes vinculados a la respuesta inflamatoria dentro del microambiente tumoral, con el objetivo de comprender su participaci\u00f3n en el desarrollo y progresi\u00f3n de la enfermedad y contribuir a futuras estrategias de prevenci\u00f3n, diagn\u00f3stico y tratamiento. Los avances del proyecto fueron presentados en la XXXI Reuni\u00f3n de Comunicaciones Cient\u00edficas y Tecnol\u00f3gicas de la UNNE, donde obtuvo la distinci\u00f3n a Mejor P\u00f3ster.<\/p>\n\n\n\n<figure class=\"wp-block-image size-full\"><img loading=\"lazy\" decoding=\"async\" width=\"521\" height=\"778\" src=\"https:\/\/corrientesdetarde.com\/wp-content\/uploads\/2026\/09\/image-28.png\" alt=\"\" class=\"wp-image-269695\" srcset=\"https:\/\/corrientesdetarde.com\/wp-content\/uploads\/2026\/09\/image-28.png 521w, https:\/\/corrientesdetarde.com\/wp-content\/uploads\/2026\/09\/image-28-201x300.png 201w\" sizes=\"auto, (max-width: 521px) 100vw, 521px\" \/><\/figure>\n\n\n\n<p>Su trayectoria tambi\u00e9n incluye la distinci\u00f3n \u201cJoven Ejemplar\u201d, otorgada en 2025 por el Honorable Concejo Deliberante de la Ciudad de Corrientes; su selecci\u00f3n, en 2024, entre 16 j\u00f3venes de todo el pa\u00eds para participar del programa Friends of Fulbright; y una Medalla de Bronce en la Olimpiada Argentina de Biolog\u00eda en 2020. A partir de esta \u00faltima experiencia, realiz\u00f3 un intercambio acad\u00e9mico en la Universidad de Indiana, Estados Unidos, donde profundiz\u00f3 su formaci\u00f3n en Inmunolog\u00eda y Biolog\u00eda Molecular.<\/p>\n\n\n\n<p>En 2021 cre\u00f3 @bioquimiqueando, un espacio destinado a compartir recursos y oportunidades para estudiantes universitarios y acercar las carreras cient\u00edficas de manera accesible.<\/p>\n\n\n\n<p>\u201cJoven Honorable\u201d<br>El programa \u201cJoven Honorable\u201d, surgido desde Senado Joven, reconoce a j\u00f3venes correntinos que se destacan por su trayectoria, compromiso, esfuerzo y aporte a la sociedad en distintos \u00e1mbitos. En este caso, la distinci\u00f3n pone en valor el compromiso de M\u00f3rtola con la investigaci\u00f3n cient\u00edfica y su objetivo de combinar su futura profesi\u00f3n como bioqu\u00edmica con la investigaci\u00f3n y el trabajo en salud, especialmente en beneficio de la regi\u00f3n.<\/p>\n\n\n\n<figure class=\"wp-block-image size-full\"><img loading=\"lazy\" decoding=\"async\" width=\"440\" height=\"776\" src=\"https:\/\/corrientesdetarde.com\/wp-content\/uploads\/2026\/09\/image-29.png\" alt=\"\" class=\"wp-image-269696\" srcset=\"https:\/\/corrientesdetarde.com\/wp-content\/uploads\/2026\/09\/image-29.png 440w, https:\/\/corrientesdetarde.com\/wp-content\/uploads\/2026\/09\/image-29-170x300.png 170w\" sizes=\"auto, (max-width: 440px) 100vw, 440px\" \/><\/figure>\n","protected":false},"excerpt":{"rendered":"<p>El jueves 3 de septiembre, al finalizar la Sesi\u00f3n Ordinaria del Senado, el vicegobernador Pedro Braillard Poccard entregar\u00e1 la distinci\u00f3n \u201cJoven Honorable\u201d a Luc\u00eda M\u00f3rtola, estudiante avanzada de Bioqu\u00edmica de&hellip; <\/p>\n","protected":false},"author":4,"featured_media":269697,"comment_status":"closed","ping_status":"open","sticky":false,"template":"","format":"standard","meta":{"footnotes":""},"categories":[22],"tags":[],"class_list":["post-269694","post","type-post","status-publish","format-standard","has-post-thumbnail","hentry","category-eventos"],"_links":{"self":[{"href":"https:\/\/corrientesdetarde.com\/index.php\/wp-json\/wp\/v2\/posts\/269694","targetHints":{"allow":["GET"]}}],"collection":[{"href":"https:\/\/corrientesdetarde.com\/index.php\/wp-json\/wp\/v2\/posts"}],"about":[{"href":"https:\/\/corrientesdetarde.com\/index.php\/wp-json\/wp\/v2\/types\/post"}],"author":[{"embeddable":true,"href":"https:\/\/corrientesdetarde.com\/index.php\/wp-json\/wp\/v2\/users\/4"}],"replies":[{"embeddable":true,"href":"https:\/\/corrientesdetarde.com\/index.php\/wp-json\/wp\/v2\/comments?post=269694"}],"version-history":[{"count":1,"href":"https:\/\/corrientesdetarde.com\/index.php\/wp-json\/wp\/v2\/posts\/269694\/revisions"}],"predecessor-version":[{"id":269700,"href":"https:\/\/corrientesdetarde.com\/index.php\/wp-json\/wp\/v2\/posts\/269694\/revisions\/269700"}],"wp:featuredmedia":[{"embeddable":true,"href":"https:\/\/corrientesdetarde.com\/index.php\/wp-json\/wp\/v2\/media\/269697"}],"wp:attachment":[{"href":"https:\/\/corrientesdetarde.com\/index.php\/wp-json\/wp\/v2\/media?parent=269694"}],"wp:term":[{"taxonomy":"category","embeddable":true,"href":"https:\/\/corrientesdetarde.com\/index.php\/wp-json\/wp\/v2\/categories?post=269694"},{"taxonomy":"post_tag","embeddable":true,"href":"https:\/\/corrientesdetarde.com\/index.php\/wp-json\/wp\/v2\/tags?post=269694"}],"curies":[{"name":"wp","href":"https:\/\/api.w.org\/{rel}","templated":true}]}}