{"id":26970,"date":"2022-12-12T18:42:39","date_gmt":"2022-12-12T21:42:39","guid":{"rendered":"https:\/\/corrientesdetarde.com\/?p=26970"},"modified":"2022-12-12T18:42:43","modified_gmt":"2022-12-12T21:42:43","slug":"todo-lo-que-tenes-que-saber-ante-la-nueva-ola-de-covid-19","status":"publish","type":"post","link":"https:\/\/corrientesdetarde.com\/index.php\/informacion-general\/todo-lo-que-tenes-que-saber-ante-la-nueva-ola-de-covid-19\/","title":{"rendered":"Todo lo que ten\u00e9s que saber ante la nueva ola de Covid-19"},"content":{"rendered":"\n<p>Los casos de Covid-19 en Argentina contin\u00faan subiendo y es importante mantener todas las precauciones para detener los contagios.<\/p>\n\n\n\n<p>En las \u00faltimas semanas&nbsp;los casos de Covid-19 aumentaron exponencialmente en Argentina&nbsp;y especialmente en la regi\u00f3n del&nbsp;AMBA donde se registraron m\u00e1s del 85% de los casos totales, aunque la suba se est\u00e1 dando en todas las jurisdicciones del pa\u00eds .&nbsp;Los casos confirmados de esta semana se duplicaron respecto a la anterior.<\/p>\n\n\n\n<p>Las variantes que est\u00e1n circulando actualmente son&nbsp;sublinajes de Omicron, que&nbsp;son altamente transmisibles,&nbsp;se replican en el tracto respiratorio superior y tienen mutaciones que los hacen escapar a la respuesta inmune.<\/p>\n\n\n\n<p>Para prevenir el aumento de contagios, es muy importante&nbsp;mantener la protecci\u00f3n por vacunas, en especial en mayores de 50 a\u00f1os y personas con alguna condici\u00f3n de riesgo.&nbsp;Si pasaron m\u00e1s de cuatro meses desde la \u00faltima dosis, corresponde aplicarse un refuerzo.<\/p>\n\n\n\n<p><strong>Aumento de vacunaci\u00f3n en Argentina<\/strong><\/p>\n\n\n\n<p>A partir de esta suba de casos, el mismo aumento se pudo ver en la vacunaci\u00f3n.&nbsp;Se triplic\u00f3 el n\u00famero de personas que recibieron la dosis de refuerzo. Es muy importante que se sigan aplicando los refuerzos en todas las personas de 18 a\u00f1os o m\u00e1s,&nbsp;priorizando las personas de 50 a\u00f1os o m\u00e1s y quienes tienen condiciones de riesgo.<\/p>\n\n\n\n<p><strong>Recomendaciones para evitar contagios<\/strong><\/p>\n\n\n\n<ul class=\"wp-block-list\"><li>Uso adecuado de barbijo&nbsp;en espacios cerrados, especialmente en momentos de alta circulaci\u00f3n de virus respiratorios.<\/li><li>Asegurar adecuada&nbsp;ventilaci\u00f3n de ambientes.<\/li><li>Lavado de manos&nbsp;frecuente.<\/li><li>No acudir a actividades laborales, educativas, sociales o lugares p\u00fablicos ante la presencia de s\u00edntomas.<\/li><\/ul>\n\n\n\n<p><strong>Recomendaciones dentro de establecimientos de salud<\/strong><\/p>\n\n\n\n<ul class=\"wp-block-list\"><li>Verificar estado de vacunaci\u00f3n&nbsp;de todos los y las trabajadoras.<\/li><li>Establecer estrategias de triage, estableciendo&nbsp;flujos bien diferenciados entre pacientes&nbsp;con s\u00edntomas respiratorios y el resto de los que acuden a sectores de emergencia o de demanda espont\u00e1nea.<\/li><li>Mantener&nbsp;precauciones est\u00e1ndar para prevenci\u00f3n de infecciones respiratorias agudas.<\/li><li>Uso de barbijo: se recomienda que&nbsp;todas aquellas personas que asistan a un establecimiento de salud utilicen barbijo, tanto pacientes como acompa\u00f1antes, para reducir la exposici\u00f3n a virus respiratorios. Lo mismo aplica para todo personal de salud en contacto directo con pacientes<\/li><\/ul>\n\n\n\n<p><strong>En caso de tener s\u00edntomas<\/strong><\/p>\n\n\n\n<ul class=\"wp-block-list\"><li>Los mayores de 50 a\u00f1os, con condiciones de riesgo o&nbsp;personal que trabaja con personas vulnerables, tendr\u00e1n prioridad para hacerte una prueba diagn\u00f3stica ante la aparici\u00f3n de s\u00edntomas.<\/li><li>En caso de no pertenecer a estos grupos y tener s\u00edntomas leves, lo mejor es&nbsp;tomar precauciones para no transmitir a los dem\u00e1s. No hace falta testearse: las precauciones son las mismas para todas las respiratorias.<\/li><li>NO acudir a actividades laborales, educativas o lugares p\u00fablicos con s\u00edntomas.<\/li><li>Usar barbijo&nbsp;durante 10 d\u00edas desde el comienzo de s\u00edntomas en lugares cerrados.<\/li><li>Lavado de manos.<\/li><li>Ventilaci\u00f3n de ambientes.<\/li><li>Evitar contacto con personas vulnerables.<\/li><\/ul>\n\n\n\n<p><strong>Qu\u00e9 hacer en caso de tener Covid-19<\/strong><\/p>\n\n\n\n<ul class=\"wp-block-list\"><li>Los mayores de 50 a\u00f1os o las personas con condiciones de riesgo que tengan positivo en el test, tendr\u00e1n que hacer todo lo recomendado renglones arriba pero, adem\u00e1s,&nbsp;control cl\u00ednico estricto y seguir las recomendaciones que sean indicadas.<\/li><li>En caso de trabajar con poblaciones vulnerables (personal de salud, carcelario, personas que prestan cuidado a personas vulnerables.) y tener un resultado positivo:<\/li><li>NO acudir a actividades laborales, durante 5 d\u00edas al menos, o hasta 24 horas despu\u00e9s de que desaparezcan s\u00edntomas.<\/li><li>Extremar cuidados durante 10 d\u00edas&nbsp;(uso adecuado y permanente de barbijo, ventilaci\u00f3n adecuada de ambientes, lavado de manos e higiene respiratoria).<\/li><li>En caso de ser contacto estrecho,&nbsp;no es necesario que aislarse ni testearse. Estar atento\/a a la aparici\u00f3n de s\u00edntomas; si aparecen, seguir las indicaciones de arriba.<\/li><\/ul>\n","protected":false},"excerpt":{"rendered":"<p>Los casos de Covid-19 en Argentina contin\u00faan subiendo y es importante mantener todas las precauciones para detener los contagios. En las \u00faltimas semanas&nbsp;los casos de Covid-19 aumentaron exponencialmente en Argentina&nbsp;y&hellip; <\/p>\n","protected":false},"author":8,"featured_media":26971,"comment_status":"closed","ping_status":"open","sticky":false,"template":"","format":"standard","meta":{"footnotes":""},"categories":[1],"tags":[],"class_list":["post-26970","post","type-post","status-publish","format-standard","has-post-thumbnail","hentry","category-informacion-general"],"_links":{"self":[{"href":"https:\/\/corrientesdetarde.com\/index.php\/wp-json\/wp\/v2\/posts\/26970","targetHints":{"allow":["GET"]}}],"collection":[{"href":"https:\/\/corrientesdetarde.com\/index.php\/wp-json\/wp\/v2\/posts"}],"about":[{"href":"https:\/\/corrientesdetarde.com\/index.php\/wp-json\/wp\/v2\/types\/post"}],"author":[{"embeddable":true,"href":"https:\/\/corrientesdetarde.com\/index.php\/wp-json\/wp\/v2\/users\/8"}],"replies":[{"embeddable":true,"href":"https:\/\/corrientesdetarde.com\/index.php\/wp-json\/wp\/v2\/comments?post=26970"}],"version-history":[{"count":1,"href":"https:\/\/corrientesdetarde.com\/index.php\/wp-json\/wp\/v2\/posts\/26970\/revisions"}],"predecessor-version":[{"id":26972,"href":"https:\/\/corrientesdetarde.com\/index.php\/wp-json\/wp\/v2\/posts\/26970\/revisions\/26972"}],"wp:featuredmedia":[{"embeddable":true,"href":"https:\/\/corrientesdetarde.com\/index.php\/wp-json\/wp\/v2\/media\/26971"}],"wp:attachment":[{"href":"https:\/\/corrientesdetarde.com\/index.php\/wp-json\/wp\/v2\/media?parent=26970"}],"wp:term":[{"taxonomy":"category","embeddable":true,"href":"https:\/\/corrientesdetarde.com\/index.php\/wp-json\/wp\/v2\/categories?post=26970"},{"taxonomy":"post_tag","embeddable":true,"href":"https:\/\/corrientesdetarde.com\/index.php\/wp-json\/wp\/v2\/tags?post=26970"}],"curies":[{"name":"wp","href":"https:\/\/api.w.org\/{rel}","templated":true}]}}