{"id":269714,"date":"2026-09-02T14:19:32","date_gmt":"2026-09-02T17:19:32","guid":{"rendered":"https:\/\/corrientesdetarde.com\/?p=269714"},"modified":"2026-09-02T14:19:44","modified_gmt":"2026-09-02T17:19:44","slug":"murio-motociclista-tras-sufrir-un-siniestro-vial","status":"publish","type":"post","link":"https:\/\/corrientesdetarde.com\/index.php\/sociales\/murio-motociclista-tras-sufrir-un-siniestro-vial\/","title":{"rendered":"muri\u00f3 motociclista tras sufrir un siniestro vial"},"content":{"rendered":"\n<p>Ocurri\u00f3 este martes por la noche en San Luis del Palmar.\u00a0 El accidente tambi\u00e9n involucr\u00f3 a otro motociclista que se encuentra internado en grave estado en el hospital Escuela.\u00a0<a href=\"https:\/\/api.whatsapp.com\/send?text=Joven%20motociclista%20muri%C3%B3%20tras%20sufrir%20un%20siniestro%20vial%20-%20https:\/\/www.diarioepoca.com\/1388917-joven-motociclista-murio-tras-sufrir-un-siniestro-vial?utm_source=WhatsApp%26utm_medium=WhatsApp%26utm_campaign=WhatsApp%26utm_term=WhatsApp\" target=\"_blank\" rel=\"noreferrer noopener\"><\/a><a href=\"https:\/\/www.diarioepoca.com\/1388917-joven-motociclista-murio-tras-sufrir-un-siniestro-vial#\"><\/a><a href=\"https:\/\/www.diarioepoca.com\/1388917-joven-motociclista-murio-tras-sufrir-un-siniestro-vial#\"><\/a><\/p>\n\n\n\n<p>Este martes por la noche se produjo el fallecimiento de un joven motociclista como consecuencia de haber chocado contra otra motocicleta, en la localidad correntina de San Luis del Palmar.<\/p>\n\n\n\n<p>El siniestro fatal se produjo cerca de las 22:15, sobre la ruta provincial N\u00b05, a la altura del kil\u00f3metro 24. La v\u00edctima ten\u00eda 21 a\u00f1os y fue identificada con el apellido Gim\u00e9nez. Su muerte se produjo en el acto. Al momento del choque se movilizaba en una moto Honda Wave 110cc.<\/p>\n\n\n\n<p>En tanto, el otro conductor, de apellido N\u00fa\u00f1ez y 30 a\u00f1os de edad, debi\u00f3 ser derivado al hospital Escuela en grave estado.<\/p>\n\n\n\n<p>En el lugar se realizaron las diligencias del caso con intervenci\u00f3n de la unidad fiscal interviniente, en tanto, en la Comisar\u00eda de distrito San Luis del Palmar se prosigue con los tr\u00e1mites que corresponde.<\/p>\n","protected":false},"excerpt":{"rendered":"<p>Ocurri\u00f3 este martes por la noche en San Luis del Palmar.\u00a0 El accidente tambi\u00e9n involucr\u00f3 a otro motociclista que se encuentra internado en grave estado en el hospital Escuela.\u00a0 Este&hellip; <\/p>\n","protected":false},"author":8,"featured_media":269715,"comment_status":"closed","ping_status":"open","sticky":false,"template":"","format":"standard","meta":{"footnotes":""},"categories":[17],"tags":[],"class_list":["post-269714","post","type-post","status-publish","format-standard","has-post-thumbnail","hentry","category-sociales"],"_links":{"self":[{"href":"https:\/\/corrientesdetarde.com\/index.php\/wp-json\/wp\/v2\/posts\/269714","targetHints":{"allow":["GET"]}}],"collection":[{"href":"https:\/\/corrientesdetarde.com\/index.php\/wp-json\/wp\/v2\/posts"}],"about":[{"href":"https:\/\/corrientesdetarde.com\/index.php\/wp-json\/wp\/v2\/types\/post"}],"author":[{"embeddable":true,"href":"https:\/\/corrientesdetarde.com\/index.php\/wp-json\/wp\/v2\/users\/8"}],"replies":[{"embeddable":true,"href":"https:\/\/corrientesdetarde.com\/index.php\/wp-json\/wp\/v2\/comments?post=269714"}],"version-history":[{"count":1,"href":"https:\/\/corrientesdetarde.com\/index.php\/wp-json\/wp\/v2\/posts\/269714\/revisions"}],"predecessor-version":[{"id":269716,"href":"https:\/\/corrientesdetarde.com\/index.php\/wp-json\/wp\/v2\/posts\/269714\/revisions\/269716"}],"wp:featuredmedia":[{"embeddable":true,"href":"https:\/\/corrientesdetarde.com\/index.php\/wp-json\/wp\/v2\/media\/269715"}],"wp:attachment":[{"href":"https:\/\/corrientesdetarde.com\/index.php\/wp-json\/wp\/v2\/media?parent=269714"}],"wp:term":[{"taxonomy":"category","embeddable":true,"href":"https:\/\/corrientesdetarde.com\/index.php\/wp-json\/wp\/v2\/categories?post=269714"},{"taxonomy":"post_tag","embeddable":true,"href":"https:\/\/corrientesdetarde.com\/index.php\/wp-json\/wp\/v2\/tags?post=269714"}],"curies":[{"name":"wp","href":"https:\/\/api.w.org\/{rel}","templated":true}]}}