{"id":269717,"date":"2026-09-02T14:26:41","date_gmt":"2026-09-02T17:26:41","guid":{"rendered":"https:\/\/corrientesdetarde.com\/?p=269717"},"modified":"2026-09-02T14:26:47","modified_gmt":"2026-09-02T17:26:47","slug":"en-la-previa-a-la-visita-de-milei-el-presidente-de-chile-reafirmo-la-soberania-sobre-el-estrecho-de-magallanes","status":"publish","type":"post","link":"https:\/\/corrientesdetarde.com\/index.php\/internacionales\/en-la-previa-a-la-visita-de-milei-el-presidente-de-chile-reafirmo-la-soberania-sobre-el-estrecho-de-magallanes\/","title":{"rendered":"En la previa a la visita de Milei, el presidente de Chile reafirm\u00f3 la soberan\u00eda sobre el estrecho de Magallanes"},"content":{"rendered":"\n<p>Jos\u00e9 Antonio Kast se refiri\u00f3 a la pol\u00e9mica que generaron las declaraciones del jefe del Estado Mayor General de la Fuerza A\u00e9rea Argentina, Gustavo Javier Valverde, sobre el territorio patag\u00f3nico. Este jueves recibir\u00e1 a Javier Milei en Santiago, en el marco del Foro de Madrid.<\/p>\n\n\n\n<p>El presidente chileno,&nbsp;<strong>Jos\u00e9 Antonio Kast<\/strong>, le envi\u00f3 un mensaje a&nbsp;<strong>Javier Milei<\/strong>&nbsp;en la previa de la visita del mandatario argentino a Santiago de Chile.<\/p>\n\n\n\n<p><strong>\u201cEs chileno\u201d<\/strong>, dijo el jefe de Estado trasandino desde la regi\u00f3n de Magallanes, tras la pol\u00e9mica que generaron\u00a0las declaraciones del jefe del Estado Mayor General de la Fuerza A\u00e9rea Argentina,\u00a0<strong>Gustavo Javier Valverde<\/strong>, quien pidi\u00f3 \u201chacer presencia\u201d en ese territorio y plante\u00f3 una presunta soberan\u00eda argentina sobre la zona.<\/p>\n\n\n\n<p>Kast plante\u00f3 la visita al extremo sur del pa\u00eds como&nbsp;<strong>\u201cuna manera de hacer patria, hacer soberan\u00eda\u201d.<\/strong>&nbsp;El mandatario reconoci\u00f3, de todos modos, las distintas posiciones de las autoridades de ambos pa\u00edses y valor\u00f3 el pedido de disculpas del ministro de Defensa argentino,&nbsp;<strong>Carlos Presti<\/strong>, que contribuy\u00f3 finalmente a bajarle el tono a la controversia.<\/p>\n\n\n\n<p>El tema hab\u00eda tensionado la previa de la\u00a0visita que Milei realizar\u00e1 este jueves a Chile, con motivo del Foro de Madrid que se llevar\u00e1 a cabo en Santiago.<\/p>\n\n\n\n<p>El mandatario argentino tiene en agenda un&nbsp;<strong>encuentro con su aliado Kast y con Sarah Brooke Rogers<\/strong>, subsecretaria de Estado de los Estados Unidos para la Diplomacia P\u00fablica y los Asuntos P\u00fablicos.<\/p>\n\n\n\n<figure class=\"wp-block-image size-large\"><img loading=\"lazy\" decoding=\"async\" width=\"1024\" height=\"577\" src=\"https:\/\/corrientesdetarde.com\/wp-content\/uploads\/2026\/09\/image-34-1024x577.png\" alt=\"\" class=\"wp-image-269719\" srcset=\"https:\/\/corrientesdetarde.com\/wp-content\/uploads\/2026\/09\/image-34-1024x577.png 1024w, https:\/\/corrientesdetarde.com\/wp-content\/uploads\/2026\/09\/image-34-300x169.png 300w, https:\/\/corrientesdetarde.com\/wp-content\/uploads\/2026\/09\/image-34-768x433.png 768w, https:\/\/corrientesdetarde.com\/wp-content\/uploads\/2026\/09\/image-34.png 1440w\" sizes=\"auto, (max-width: 1024px) 100vw, 1024px\" \/><\/figure>\n\n\n\n<p>Tras las declaraciones de Valverde, todo el arco pol\u00edtico chileno hab\u00eda salido a repudiar sus dichos, que dieron a entender que la soberan\u00eda del estrecho de Magallanes era argentina, cuando en realidad es de Chile por un&nbsp;<strong>tratado bilateral de 1881, ratificado por el Tratado de Paz y Amistad de 1984.<\/strong><\/p>\n\n\n\n<p>Aquel primer acuerdo consagr\u00f3 adem\u00e1s la neutralidad perpetua y la libre navegaci\u00f3n del estrecho para las banderas de terceras naciones, incluida la brit\u00e1nica, un punto conflictivo para la Argentina.<\/p>\n\n\n\n<p>El pacto de 1984, en el que ofici\u00f3 como mediador el&nbsp;<strong>papa Juan Pablo II<\/strong>&nbsp;tras las tensiones b\u00e9licas entre las dictaduras de ambos pa\u00edses, ratific\u00f3 y reafirm\u00f3 ese marco territorial, reconociendo la soberan\u00eda chilena absoluta sobre el estrecho.<\/p>\n\n\n\n<p>El reclamo de la presidencia y la canciller\u00eda chilenas, formalizado por nota a la Argentina, y las fuertes declaraciones del otro lado de la cordillera\u00a0obligaron al canciller argentino, Pablo Quirno, a emitir un comunicado para enfriar la tensi\u00f3n, en el que<strong>\u00a0reconoci\u00f3 que el estrecho de Magallanes es de Chile<\/strong>.<\/p>\n\n\n\n<figure class=\"wp-block-image\"><img decoding=\"async\" src=\"https:\/\/tn.com.ar\/resizer\/v2\/jose-antonio-kast-recibira-a-javier-milei-este-jueves-en-santiago-foto-presidencia-N2PIL3XUZNH4PDPMFO4JZ6MCAE.jpg?auth=5e56043316bed6036c10a7950cb9f426531042b6de9b50b668b2dd7bd45085e5&amp;width=767\" alt=\"Jos\u00e9 Antonio Kast recibir\u00e1 a Javier Milei este jueves en Santiago. (Foto: Presidencia)\"\/><\/figure>\n\n\n\n<p>Los ministros de Defensa de ambos pa\u00edses, Presti y Fernando Barrios, tambi\u00e9n mantuvieron una conversaci\u00f3n para<strong>&nbsp;bajar la temperatura del enojo chileno.<\/strong><\/p>\n\n\n\n<p>En paralelo, medios trasandinos se\u00f1alan que el gobierno de Kast \u2014aliado ideol\u00f3gicamente con Milei\u2014 le exige ahora a la Argentina que&nbsp;<strong>modifique formalmente el decreto 457 de 2021, q<\/strong>ue define al estrecho de Magallanes como un \u201cespacio compartido\u201d. En Santiago consideran que esa expresi\u00f3n contradice la soberan\u00eda chilena sobre el paso.<\/p>\n\n\n\n<p>En su recorrida por Punta Arenas, Kast particip\u00f3 adem\u00e1s de una actividad vinculada a un programa de viviendas, que comparti\u00f3 con el ministro del Interior y vocero de Gobierno, Claudio Alvarado, y con el ministro de Vivienda y Urbanismo, Iv\u00e1n Poduje.<\/p>\n\n\n\n<p>La actividad se realiz\u00f3 en la sede vecinal Juan Pablo II, y el presidente aludi\u00f3 al nombre del lugar para recordar que fue tras la firma, en 1984, del Tratado de Paz y Amistad con la Argentina que ambos pa\u00edses terminaron de despejar sus diferencias en torno al dominio y la soberan\u00eda sobre el estrecho de Magallanes.<\/p>\n","protected":false},"excerpt":{"rendered":"<p>Jos\u00e9 Antonio Kast se refiri\u00f3 a la pol\u00e9mica que generaron las declaraciones del jefe del Estado Mayor General de la Fuerza A\u00e9rea Argentina, Gustavo Javier Valverde, sobre el territorio patag\u00f3nico.&hellip; <\/p>\n","protected":false},"author":8,"featured_media":269718,"comment_status":"closed","ping_status":"open","sticky":false,"template":"","format":"standard","meta":{"footnotes":""},"categories":[11],"tags":[],"class_list":["post-269717","post","type-post","status-publish","format-standard","has-post-thumbnail","hentry","category-internacionales"],"_links":{"self":[{"href":"https:\/\/corrientesdetarde.com\/index.php\/wp-json\/wp\/v2\/posts\/269717","targetHints":{"allow":["GET"]}}],"collection":[{"href":"https:\/\/corrientesdetarde.com\/index.php\/wp-json\/wp\/v2\/posts"}],"about":[{"href":"https:\/\/corrientesdetarde.com\/index.php\/wp-json\/wp\/v2\/types\/post"}],"author":[{"embeddable":true,"href":"https:\/\/corrientesdetarde.com\/index.php\/wp-json\/wp\/v2\/users\/8"}],"replies":[{"embeddable":true,"href":"https:\/\/corrientesdetarde.com\/index.php\/wp-json\/wp\/v2\/comments?post=269717"}],"version-history":[{"count":1,"href":"https:\/\/corrientesdetarde.com\/index.php\/wp-json\/wp\/v2\/posts\/269717\/revisions"}],"predecessor-version":[{"id":269720,"href":"https:\/\/corrientesdetarde.com\/index.php\/wp-json\/wp\/v2\/posts\/269717\/revisions\/269720"}],"wp:featuredmedia":[{"embeddable":true,"href":"https:\/\/corrientesdetarde.com\/index.php\/wp-json\/wp\/v2\/media\/269718"}],"wp:attachment":[{"href":"https:\/\/corrientesdetarde.com\/index.php\/wp-json\/wp\/v2\/media?parent=269717"}],"wp:term":[{"taxonomy":"category","embeddable":true,"href":"https:\/\/corrientesdetarde.com\/index.php\/wp-json\/wp\/v2\/categories?post=269717"},{"taxonomy":"post_tag","embeddable":true,"href":"https:\/\/corrientesdetarde.com\/index.php\/wp-json\/wp\/v2\/tags?post=269717"}],"curies":[{"name":"wp","href":"https:\/\/api.w.org\/{rel}","templated":true}]}}