{"id":269724,"date":"2026-09-02T14:48:09","date_gmt":"2026-09-02T17:48:09","guid":{"rendered":"https:\/\/corrientesdetarde.com\/?p=269724"},"modified":"2026-09-02T14:48:21","modified_gmt":"2026-09-02T17:48:21","slug":"la-legislatura-abrira-sus-puertas-por-la-semana-de-virasoro","status":"publish","type":"post","link":"https:\/\/corrientesdetarde.com\/index.php\/eventos\/la-legislatura-abrira-sus-puertas-por-la-semana-de-virasoro\/","title":{"rendered":"La Legislatura abrir\u00e1 sus puertas por la \u201cSemana de Virasoro\u201d"},"content":{"rendered":"\n<p>7 AL 11 DE SEPTIEMBRE<\/p>\n\n\n\n<p>El Vicegobernador Dr. Pedro Braillard Poccard invita a participar de las actividades programadas en el marco de la celebraci\u00f3n de los 100 a\u00f1os de Gobernador Virasoro, por tal motivo, del 7 al 11 de septiembre ser\u00e1 una semana destinada a poner en valor su historia, identidad, cultura y desarrollo productivo. Este evento cuenta con la iniciativa de la senadora Mar\u00eda Carlota Carballo, oriunda de dicha localidad.<\/p>\n\n\n\n<p>El lunes 7 septiembre a las 9.30 h en la Legislatura de la Provincia de Corrientes, quedar\u00e1 abierta la muestra sobre Virasoro; se podr\u00e1 acceder a exposici\u00f3n de cuadros, fotograf\u00edas y productos de la localidad en el Sal\u00f3n de los Pasos Perdidos.<\/p>\n\n\n\n<p>En tanto que el martes 8, desde las 9.30 tendr\u00e1 lugar una charla sobre aves de Virasoro, mientras que a las 10, Adolfo Navajas Fournier, realizar\u00e1 una disertaci\u00f3n sobre el establecimiento Las Mar\u00edas; y para cerrar la jornada, a las 11 h, se har\u00e1 la entrega simb\u00f3lica de un \u00e1rbol de yerba mate al Municipio de la Ciudad de Corrientes.<\/p>\n\n\n\n<p>En tanto que el jueves 10 a las 18 h habr\u00e1 un encuentro sobre historia, turismo, patrimonio y escritores virasore\u00f1os y a las 19.30 se entregar\u00e1n certificados y la distinci\u00f3n \u201cGeneral Don Jos\u00e9 de San Mart\u00edn\u201d, que es el m\u00e1ximo galard\u00f3n que entrega el Senado a la escritora y art\u00edstica pl\u00e1stica oriunda de Virasoro, Juana Rodr\u00edguez, quien es una referente fundamental de la cultura de su comunidad.<\/p>\n\n\n\n<p>Para cerrar la Semana de Virasoro, el viernes 11 a las 18:30 h habr\u00e1 Conversatorio Productivo y a las 19.30 un cierre art\u00edstico a cargo de \u201cRa\u00edz Guaran\u00ed\u201d.<\/p>\n\n\n\n<figure class=\"wp-block-image size-large\"><img loading=\"lazy\" decoding=\"async\" width=\"852\" height=\"1024\" src=\"https:\/\/corrientesdetarde.com\/wp-content\/uploads\/2026\/09\/WhatsApp-Image-2026-09-02-at-14.30.10-852x1024.jpeg\" alt=\"\" class=\"wp-image-269726\" srcset=\"https:\/\/corrientesdetarde.com\/wp-content\/uploads\/2026\/09\/WhatsApp-Image-2026-09-02-at-14.30.10-852x1024.jpeg 852w, https:\/\/corrientesdetarde.com\/wp-content\/uploads\/2026\/09\/WhatsApp-Image-2026-09-02-at-14.30.10-249x300.jpeg 249w, https:\/\/corrientesdetarde.com\/wp-content\/uploads\/2026\/09\/WhatsApp-Image-2026-09-02-at-14.30.10-768x924.jpeg 768w, https:\/\/corrientesdetarde.com\/wp-content\/uploads\/2026\/09\/WhatsApp-Image-2026-09-02-at-14.30.10.jpeg 1165w\" sizes=\"auto, (max-width: 852px) 100vw, 852px\" \/><\/figure>\n\n\n\n<figure class=\"wp-block-image size-large\"><img loading=\"lazy\" decoding=\"async\" width=\"795\" height=\"1024\" src=\"https:\/\/corrientesdetarde.com\/wp-content\/uploads\/2026\/09\/WhatsApp-Image-2026-09-02-at-14.30.10-1-795x1024.jpeg\" alt=\"\" class=\"wp-image-269725\" srcset=\"https:\/\/corrientesdetarde.com\/wp-content\/uploads\/2026\/09\/WhatsApp-Image-2026-09-02-at-14.30.10-1-795x1024.jpeg 795w, https:\/\/corrientesdetarde.com\/wp-content\/uploads\/2026\/09\/WhatsApp-Image-2026-09-02-at-14.30.10-1-233x300.jpeg 233w, https:\/\/corrientesdetarde.com\/wp-content\/uploads\/2026\/09\/WhatsApp-Image-2026-09-02-at-14.30.10-1-768x990.jpeg 768w, https:\/\/corrientesdetarde.com\/wp-content\/uploads\/2026\/09\/WhatsApp-Image-2026-09-02-at-14.30.10-1.jpeg 1105w\" sizes=\"auto, (max-width: 795px) 100vw, 795px\" \/><\/figure>\n","protected":false},"excerpt":{"rendered":"<p>7 AL 11 DE SEPTIEMBRE El Vicegobernador Dr. Pedro Braillard Poccard invita a participar de las actividades programadas en el marco de la celebraci\u00f3n de los 100 a\u00f1os de Gobernador&hellip; <\/p>\n","protected":false},"author":8,"featured_media":269726,"comment_status":"closed","ping_status":"open","sticky":false,"template":"","format":"standard","meta":{"footnotes":""},"categories":[22],"tags":[],"class_list":["post-269724","post","type-post","status-publish","format-standard","has-post-thumbnail","hentry","category-eventos"],"_links":{"self":[{"href":"https:\/\/corrientesdetarde.com\/index.php\/wp-json\/wp\/v2\/posts\/269724","targetHints":{"allow":["GET"]}}],"collection":[{"href":"https:\/\/corrientesdetarde.com\/index.php\/wp-json\/wp\/v2\/posts"}],"about":[{"href":"https:\/\/corrientesdetarde.com\/index.php\/wp-json\/wp\/v2\/types\/post"}],"author":[{"embeddable":true,"href":"https:\/\/corrientesdetarde.com\/index.php\/wp-json\/wp\/v2\/users\/8"}],"replies":[{"embeddable":true,"href":"https:\/\/corrientesdetarde.com\/index.php\/wp-json\/wp\/v2\/comments?post=269724"}],"version-history":[{"count":1,"href":"https:\/\/corrientesdetarde.com\/index.php\/wp-json\/wp\/v2\/posts\/269724\/revisions"}],"predecessor-version":[{"id":269727,"href":"https:\/\/corrientesdetarde.com\/index.php\/wp-json\/wp\/v2\/posts\/269724\/revisions\/269727"}],"wp:featuredmedia":[{"embeddable":true,"href":"https:\/\/corrientesdetarde.com\/index.php\/wp-json\/wp\/v2\/media\/269726"}],"wp:attachment":[{"href":"https:\/\/corrientesdetarde.com\/index.php\/wp-json\/wp\/v2\/media?parent=269724"}],"wp:term":[{"taxonomy":"category","embeddable":true,"href":"https:\/\/corrientesdetarde.com\/index.php\/wp-json\/wp\/v2\/categories?post=269724"},{"taxonomy":"post_tag","embeddable":true,"href":"https:\/\/corrientesdetarde.com\/index.php\/wp-json\/wp\/v2\/tags?post=269724"}],"curies":[{"name":"wp","href":"https:\/\/api.w.org\/{rel}","templated":true}]}}