{"id":26973,"date":"2022-12-12T18:48:29","date_gmt":"2022-12-12T21:48:29","guid":{"rendered":"https:\/\/corrientesdetarde.com\/?p=26973"},"modified":"2022-12-12T18:48:33","modified_gmt":"2022-12-12T21:48:33","slug":"la-salud-de-bruce-willis-desmejoro-y-la-familia-reza-por-un-milagro","status":"publish","type":"post","link":"https:\/\/corrientesdetarde.com\/index.php\/espectaculos\/la-salud-de-bruce-willis-desmejoro-y-la-familia-reza-por-un-milagro\/","title":{"rendered":"La salud de Bruce Willis desmejor\u00f3 y la familia reza por un milagro"},"content":{"rendered":"\n<p>El actor de \u201cDuro de matar\u201d sufre un trastorno cognitivo que se profundiz\u00f3 en los \u00faltimos meses.<\/p>\n\n\n\n<p>A principios de abril de este a\u00f1o, la familia de&nbsp;Bruce Willis&nbsp;comunic\u00f3 que el actor&nbsp;se retiraba del cine luego de haber recibido el diagn\u00f3stico de&nbsp;afasia, un trastorno cognitivo. Esta situaci\u00f3n oblig\u00f3 a que toda su familia, incluida la mam\u00e1 de sus hijos,&nbsp;Demi Moore, estuvieran pendientes de \u00e9l.<\/p>\n\n\n\n<p>Un medio especializado en Hollywood arroj\u00f3 la versi\u00f3n de que las personas m\u00e1s cercanas al protagonista de Duro de matar est\u00e1n esperando que\u00a0ocurra un milagro ya que el actor desmejor\u00f3 su salud en los \u00faltimos meses.<\/p>\n\n\n\n<p>De acuerdo a lo que inform\u00f3&nbsp;Radar Online, una fuente cercana a la familia de&nbsp;Willis&nbsp;asegur\u00f3 que&nbsp;Demi Moore est\u00e1 cada vez m\u00e1s cerca del actor&nbsp;y de su actual mujer,&nbsp;Emma Heming.<\/p>\n\n\n\n<p>\u201cElla est\u00e1 aprovechando todas las oportunidades que tiene para pasar tiempo con \u00e9l.&nbsp;Si no est\u00e1 a su lado, llama por tel\u00e9fono para que Bruce pueda escuchar su voz\u201d, indic\u00f3 un allegado sobre la actriz de&nbsp;Ghost, la sombra del amor.<\/p>\n\n\n\n<p>El mismo informante asegur\u00f3 que las hijas de Willis est\u00e1n convencidas que un desenlace malo puede darse en cualquier momento.\u00a0\u201cSaben que no estar\u00e1 ac\u00e1 para siempre, as\u00ed que est\u00e1n apreciando cada instante\u201d, indic\u00f3.<\/p>\n\n\n\n<p>La salud de Willis se deterior\u00f3 a tal punto que el actor no entiende lo que le hablan. \u201cBruce no puede decir mucho, y no parece que est\u00e9 captando mucho de lo que dicen los dem\u00e1s. As\u00ed que Emma realmente es su voz y la que le comunica las cosas a \u00e9l\u201d, remarc\u00f3 la fuente a&nbsp;Radar Online.<\/p>\n\n\n\n<p>Seg\u00fan parece, hay d\u00edas en los que Willis&nbsp;parece ser el de siempre, pero esos momentos \u201cson breves y distantes entre s\u00ed\u201d cada vez m\u00e1s. \u201cSe est\u00e1 alejando cada vez m\u00e1s de todos y eso les rompe el coraz\u00f3n\u201d, agreg\u00f3 el informante. Por eso, para esta Navidad,&nbsp;las mujeres que rodean a Willis \u201crezan por un milagro\u201d.<\/p>\n\n\n\n<h2 class=\"wp-block-heading\"><strong>Por qu\u00e9 Bruce Willis se retir\u00f3 de la actuaci\u00f3n<\/strong><\/h2>\n\n\n\n<p>La familia de&nbsp;Bruce Willis&nbsp;anunci\u00f3 que el protagonista de&nbsp;Duro de matar&nbsp;se retira de la actuaci\u00f3n porque tiene&nbsp;\u201clas habilidades cognitivas\u201d reducidas&nbsp;debido al diagn\u00f3stico de una afasia. \u201cComo resultado de esto y con mucha consideraci\u00f3n,&nbsp;Bruce se est\u00e1 alejando de la carrera&nbsp;que significa tanto para \u00e9l\u201d, coment\u00f3 su hija Rumer.<\/p>\n\n\n\n<p>\u201cPara los incre\u00edbles seguidores de Bruce, como familia, queremos compartirles que nuestro amado Bruce estuvo experimentando algunos problemas de salud y recientemente\u00a0le diagnosticaron afasia, que est\u00e1 afectando sus habilidades cognitivas\u201d, escribi\u00f3 la chica, junto a una imagen de Willis.<\/p>\n\n\n\n<p>Luego, asegur\u00f3 que como resultado del problema que enfrenta y con mucha consideraci\u00f3n, Willis&nbsp;se \u201cest\u00e1 alejando de la carrera que signific\u00f3 tanto para \u00e9l\u201d. \u201cEste es un momento realmente desafiante para nuestra familia y estamos muy agradecidos por su continuo amor, compasi\u00f3n y apoyo.&nbsp;Estamos atravesando esto como una unidad familiar s\u00f3lida&nbsp;y quer\u00edamos atraer a sus fan\u00e1ticos porque sabemos cu\u00e1nto significa \u00e9l para ustedes, al igual que ustedes para \u00e9l\u201d, comparti\u00f3.<\/p>\n\n\n\n<p>La afasia es una&nbsp;lesi\u00f3n cerebral&nbsp;que pudo haber sido causada por un&nbsp;ACV, un traumatismo de cr\u00e1neo, tumores, meningitis, encefalitis o intoxicaciones por mon\u00f3xido de carbono, entre otros problemas. El&nbsp;accidente cerebrovascular&nbsp;es la&nbsp;causa m\u00e1s frecuente y grave&nbsp;a nivel global.<\/p>\n","protected":false},"excerpt":{"rendered":"<p>El actor de \u201cDuro de matar\u201d sufre un trastorno cognitivo que se profundiz\u00f3 en los \u00faltimos meses. A principios de abril de este a\u00f1o, la familia de&nbsp;Bruce Willis&nbsp;comunic\u00f3 que el&hellip; <\/p>\n","protected":false},"author":8,"featured_media":26974,"comment_status":"closed","ping_status":"open","sticky":false,"template":"","format":"standard","meta":{"footnotes":""},"categories":[19],"tags":[],"class_list":["post-26973","post","type-post","status-publish","format-standard","has-post-thumbnail","hentry","category-espectaculos"],"_links":{"self":[{"href":"https:\/\/corrientesdetarde.com\/index.php\/wp-json\/wp\/v2\/posts\/26973","targetHints":{"allow":["GET"]}}],"collection":[{"href":"https:\/\/corrientesdetarde.com\/index.php\/wp-json\/wp\/v2\/posts"}],"about":[{"href":"https:\/\/corrientesdetarde.com\/index.php\/wp-json\/wp\/v2\/types\/post"}],"author":[{"embeddable":true,"href":"https:\/\/corrientesdetarde.com\/index.php\/wp-json\/wp\/v2\/users\/8"}],"replies":[{"embeddable":true,"href":"https:\/\/corrientesdetarde.com\/index.php\/wp-json\/wp\/v2\/comments?post=26973"}],"version-history":[{"count":1,"href":"https:\/\/corrientesdetarde.com\/index.php\/wp-json\/wp\/v2\/posts\/26973\/revisions"}],"predecessor-version":[{"id":26975,"href":"https:\/\/corrientesdetarde.com\/index.php\/wp-json\/wp\/v2\/posts\/26973\/revisions\/26975"}],"wp:featuredmedia":[{"embeddable":true,"href":"https:\/\/corrientesdetarde.com\/index.php\/wp-json\/wp\/v2\/media\/26974"}],"wp:attachment":[{"href":"https:\/\/corrientesdetarde.com\/index.php\/wp-json\/wp\/v2\/media?parent=26973"}],"wp:term":[{"taxonomy":"category","embeddable":true,"href":"https:\/\/corrientesdetarde.com\/index.php\/wp-json\/wp\/v2\/categories?post=26973"},{"taxonomy":"post_tag","embeddable":true,"href":"https:\/\/corrientesdetarde.com\/index.php\/wp-json\/wp\/v2\/tags?post=26973"}],"curies":[{"name":"wp","href":"https:\/\/api.w.org\/{rel}","templated":true}]}}