{"id":269735,"date":"2026-09-02T15:52:50","date_gmt":"2026-09-02T18:52:50","guid":{"rendered":"https:\/\/corrientesdetarde.com\/?p=269735"},"modified":"2026-09-02T15:53:02","modified_gmt":"2026-09-02T18:53:02","slug":"en-el-hospital-juan-pablo-ii-se-utilizo-por-primera-vez-una-tecnologia-de-neuronavegacion","status":"publish","type":"post","link":"https:\/\/corrientesdetarde.com\/index.php\/bienestar-y-salud\/en-el-hospital-juan-pablo-ii-se-utilizo-por-primera-vez-una-tecnologia-de-neuronavegacion\/","title":{"rendered":"En el Hospital \u201cJuan Pablo II\u201d se utiliz\u00f3 por primera vez una tecnolog\u00eda de neuronavegaci\u00f3n"},"content":{"rendered":"\n<p>Es un hito para la neurocirug\u00eda pedi\u00e1trica en Corrientes ya que no se hab\u00eda realizado antes en otro centro de salud. Se trata de una herramienta tecnol\u00f3gica de \u00faltima generaci\u00f3n que funciona como un verdadero \u201cGPS dentro del cerebro\u201d.<\/p>\n\n\n\n<p>En el Hospital \u201cJuan Pablo II\u201d se realiz\u00f3 por primera vez una cirug\u00eda utilizando tecnolog\u00eda de neuronavegaci\u00f3n. Se trat\u00f3 de una adolescente de Capital que est\u00e1 evolucionando favorablemente. El equipo m\u00e9dico que estuvo a cargo, sostuvo que es un hito para la neurocirug\u00eda pedi\u00e1trica de Corrientes.&nbsp;<br>El ministro de Salud P\u00fablica, Emilio Lanari Zubiaur, expres\u00f3 que \u201cesto demuestra la capacidad de nuestros profesionales y que la provincia avanza en procedimientos que deben estar a la altura de nuestros pacientes\u201d.&nbsp;<\/p>\n\n\n\n<p>\u201cEs la primera vez que se usa el neuronavegador en Neurocirug\u00eda Pedi\u00e1trica del hospital, no hay antecedentes de esto tampoco en la actividad privada. Corroborada la imagen de tomograf\u00eda y resonancia, se cargaron en el neuronavegador que proyect\u00f3 los datos exactos para que se efectuara el peque\u00f1o oficio en el hueso y con una peque\u00f1a incisi\u00f3n de piel se hizo la aspiraci\u00f3n de dos peque\u00f1os abscesos cerebrales profundos\u201d, dijo el director asociado del hospital y neurocirujano que dirigi\u00f3 la operaci\u00f3n, Romilio Monz\u00f3n.<\/p>\n\n\n\n<p>A su vez, remarc\u00f3 que \u201cfue un procedimiento totalmente satisfactorio para el equipo\u201d. Adem\u00e1s, \u201cestos pacientes ya no tienen necesidad de viajar a Buenos Aires para este tipo de cirug\u00eda. Al ser una cirug\u00eda m\u00ednimamente invasiva, en 72 horas estar\u00e1 en su casa, con actividades habituales y en una semana escolaridad com\u00fan\u201d.<\/p>\n\n\n\n<p>El procedimiento fue realizado por el equipo de Neurocirug\u00eda integrado por los doctores Alejandro Szkope, Ver\u00f3nica Vanazco y Rodrigo Blanco, en conjunto con los equipos de Anestesiolog\u00eda, Instrumentaci\u00f3n Quir\u00fargica, Enfermer\u00eda, personal circulante y el Servicio de Cl\u00ednica Pedi\u00e1trica, cuyo trabajo coordinado fue clave para el \u00e9xito del procedimiento.<\/p>\n\n\n\n<p>La neuronavegaci\u00f3n es una herramienta tecnol\u00f3gica de \u00faltima generaci\u00f3n que funciona como un verdadero \u201cGPS dentro del cerebro\u201d. A partir de im\u00e1genes de tomograf\u00eda o resonancia, permite al neurocirujano visualizar en tiempo real la ubicaci\u00f3n de los instrumentos y alcanzar con gran precisi\u00f3n zonas profundas del cerebro, minimizando el da\u00f1o al tejido cerebral sano.<\/p>\n\n\n\n<p>Esta tecnolog\u00eda aporta mayor seguridad y precisi\u00f3n, permite realizar abordajes e incisiones m\u00e1s peque\u00f1as cuando es posible, reduce riesgos y aumenta la eficacia del tratamiento.&nbsp;<\/p>\n\n\n\n<p>Este avance reafirma el compromiso del hospital con la innovaci\u00f3n, la capacitaci\u00f3n continua y la mejora en la calidad de atenci\u00f3n, ofreciendo a los ni\u00f1os de Corrientes y de la regi\u00f3n acceso a tratamientos de alta complejidad con est\u00e1ndares de primer nivel.<\/p>\n\n\n\n<figure class=\"wp-block-image size-full\"><img loading=\"lazy\" decoding=\"async\" width=\"981\" height=\"736\" src=\"https:\/\/corrientesdetarde.com\/wp-content\/uploads\/2026\/09\/image-41.png\" alt=\"\" class=\"wp-image-269737\" srcset=\"https:\/\/corrientesdetarde.com\/wp-content\/uploads\/2026\/09\/image-41.png 981w, https:\/\/corrientesdetarde.com\/wp-content\/uploads\/2026\/09\/image-41-300x225.png 300w, https:\/\/corrientesdetarde.com\/wp-content\/uploads\/2026\/09\/image-41-768x576.png 768w\" sizes=\"auto, (max-width: 981px) 100vw, 981px\" \/><\/figure>\n","protected":false},"excerpt":{"rendered":"<p>Es un hito para la neurocirug\u00eda pedi\u00e1trica en Corrientes ya que no se hab\u00eda realizado antes en otro centro de salud. Se trata de una herramienta tecnol\u00f3gica de \u00faltima generaci\u00f3n&hellip; <\/p>\n","protected":false},"author":8,"featured_media":269736,"comment_status":"closed","ping_status":"open","sticky":false,"template":"","format":"standard","meta":{"footnotes":""},"categories":[16,26],"tags":[],"class_list":["post-269735","post","type-post","status-publish","format-standard","has-post-thumbnail","hentry","category-bienestar-y-salud","category-destacados"],"_links":{"self":[{"href":"https:\/\/corrientesdetarde.com\/index.php\/wp-json\/wp\/v2\/posts\/269735","targetHints":{"allow":["GET"]}}],"collection":[{"href":"https:\/\/corrientesdetarde.com\/index.php\/wp-json\/wp\/v2\/posts"}],"about":[{"href":"https:\/\/corrientesdetarde.com\/index.php\/wp-json\/wp\/v2\/types\/post"}],"author":[{"embeddable":true,"href":"https:\/\/corrientesdetarde.com\/index.php\/wp-json\/wp\/v2\/users\/8"}],"replies":[{"embeddable":true,"href":"https:\/\/corrientesdetarde.com\/index.php\/wp-json\/wp\/v2\/comments?post=269735"}],"version-history":[{"count":1,"href":"https:\/\/corrientesdetarde.com\/index.php\/wp-json\/wp\/v2\/posts\/269735\/revisions"}],"predecessor-version":[{"id":269738,"href":"https:\/\/corrientesdetarde.com\/index.php\/wp-json\/wp\/v2\/posts\/269735\/revisions\/269738"}],"wp:featuredmedia":[{"embeddable":true,"href":"https:\/\/corrientesdetarde.com\/index.php\/wp-json\/wp\/v2\/media\/269736"}],"wp:attachment":[{"href":"https:\/\/corrientesdetarde.com\/index.php\/wp-json\/wp\/v2\/media?parent=269735"}],"wp:term":[{"taxonomy":"category","embeddable":true,"href":"https:\/\/corrientesdetarde.com\/index.php\/wp-json\/wp\/v2\/categories?post=269735"},{"taxonomy":"post_tag","embeddable":true,"href":"https:\/\/corrientesdetarde.com\/index.php\/wp-json\/wp\/v2\/tags?post=269735"}],"curies":[{"name":"wp","href":"https:\/\/api.w.org\/{rel}","templated":true}]}}