{"id":269742,"date":"2026-09-02T17:19:54","date_gmt":"2026-09-02T20:19:54","guid":{"rendered":"https:\/\/corrientesdetarde.com\/?p=269742"},"modified":"2026-09-02T17:20:06","modified_gmt":"2026-09-02T20:20:06","slug":"la-dpec-realizara-trabajos-de-mejoras-en-capital-y-el-interior-de-la-provincia-35","status":"publish","type":"post","link":"https:\/\/corrientesdetarde.com\/index.php\/informacion-general\/la-dpec-realizara-trabajos-de-mejoras-en-capital-y-el-interior-de-la-provincia-35\/","title":{"rendered":"La DPEC realizar\u00e1 trabajos de mejoras en Capital y el interior de la provincia"},"content":{"rendered":"\n<p><em>La Direcci\u00f3n Provincial de Energ\u00eda de Corrientes comunica que, por ejecutar diversos trabajos de mantenimiento para la mejora del servicio en las localidades de Colonia Carlos Pellegrini, Bella Vista, la ciudad Capital, Ituzaing\u00f3 y Paso de los Libres, se interrumpir\u00e1 el suministro de energ\u00eda el\u00e9ctrica entre los d\u00edas jueves 3 y s\u00e1bado 5 de septiembre de 2026.<\/em><\/p>\n\n\n\n<p>Es por eso que, en la localidad de Colonia Carlos Pellegrini y zonas de influencia, la Direcci\u00f3n Provincial de Energ\u00eda de Corrientes (DPEC), ejecutar\u00e1 tareas de instalaci\u00f3n de un nuevo seccionador y por tal motivo, interrumpir\u00e1 el suministro de energ\u00eda el\u00e9ctrica, el jueves 3 de septiembre de 2026 en el horario de 14:00 a 18:00.<\/p>\n\n\n\n<p>Adem\u00e1s, informa que, con motivo de realizar mejoras en el servicio, se ejecutar\u00e1n tareas de mantenimiento de L\u00edneas de Media Tensi\u00f3n, por lo cual se interrumpir\u00e1 el suministro de energ\u00eda el\u00e9ctrica en la localidad de Bella Vista, el jueves 3 de septiembre de 2026, en el horario de 07:00 a 12:00 en las zonas del Pje. Desmochado, Arroyo Gonz\u00e1lez y zonas de influencia.<\/p>\n\n\n\n<p>Tambi\u00e9n, en la ciudad Capital, la Direcci\u00f3n Provincial de Energ\u00eda de Corrientes (DPEC), informa que, con motivo de realizar mejoras en el servicio, se ejecutar\u00e1n tareas de mantenimiento de L\u00edneas de Media Tensi\u00f3n, por lo cual se interrumpir\u00e1 el suministro de energ\u00eda el\u00e9ctrica el jueves 3 de septiembre de 2026 de 08:00 a 09:00 hs, en las zonas del barrio Libertad, calle Jujuy y Bolivar y zonas de influencia y de 08:00 a 10:00 hs en los barrios Molina Punta, Punta Taitalo, Docente, Jard\u00edn y zonas de influencia.<\/p>\n\n\n\n<p>Asimismo, informa que, con motivo de realizar mejoras en el servicio, se ejecutar\u00e1n tareas de mantenimiento de equipos de Media Tensi\u00f3n, por lo cual se interrumpir\u00e1 el suministro de energ\u00eda el\u00e9ctrica en la localidad de Paso de los Libres, el d\u00eda s\u00e1bado 5 de septiembre de 2026, en el horario de 08:00 a 10:00 en las zonas de Aguas de Corrientes, Hotel Casino, Municipalidad, Banco Naci\u00f3n y zonas de influencia.<\/p>\n\n\n\n<p>Por otro lado, comunica que, con motivo de realizar mejoras en el servicio en la localidad de Ituzaing\u00f3, se ejecutar\u00e1n tareas de mantenimiento de L\u00edneas de Media Tensi\u00f3n, por lo cual se interrumpir\u00e1 el suministro de energ\u00eda el\u00e9ctrica el jueves 3 de septiembre de 2026, en el horario de 06:30 a 11:00 hs, en las zonas de las oficinas del ANSES, Almacenes EBY, y los barrios G2, 51 Viviendas, 45 Viviendas INVICO, Don Tom\u00e1s, Don Ben\u00edtez y zonas de influencia.<\/p>\n","protected":false},"excerpt":{"rendered":"<p>La Direcci\u00f3n Provincial de Energ\u00eda de Corrientes comunica que, por ejecutar diversos trabajos de mantenimiento para la mejora del servicio en las localidades de Colonia Carlos Pellegrini, Bella Vista, la&hellip; <\/p>\n","protected":false},"author":8,"featured_media":269743,"comment_status":"closed","ping_status":"open","sticky":false,"template":"","format":"standard","meta":{"footnotes":""},"categories":[1],"tags":[],"class_list":["post-269742","post","type-post","status-publish","format-standard","has-post-thumbnail","hentry","category-informacion-general"],"_links":{"self":[{"href":"https:\/\/corrientesdetarde.com\/index.php\/wp-json\/wp\/v2\/posts\/269742","targetHints":{"allow":["GET"]}}],"collection":[{"href":"https:\/\/corrientesdetarde.com\/index.php\/wp-json\/wp\/v2\/posts"}],"about":[{"href":"https:\/\/corrientesdetarde.com\/index.php\/wp-json\/wp\/v2\/types\/post"}],"author":[{"embeddable":true,"href":"https:\/\/corrientesdetarde.com\/index.php\/wp-json\/wp\/v2\/users\/8"}],"replies":[{"embeddable":true,"href":"https:\/\/corrientesdetarde.com\/index.php\/wp-json\/wp\/v2\/comments?post=269742"}],"version-history":[{"count":1,"href":"https:\/\/corrientesdetarde.com\/index.php\/wp-json\/wp\/v2\/posts\/269742\/revisions"}],"predecessor-version":[{"id":269744,"href":"https:\/\/corrientesdetarde.com\/index.php\/wp-json\/wp\/v2\/posts\/269742\/revisions\/269744"}],"wp:featuredmedia":[{"embeddable":true,"href":"https:\/\/corrientesdetarde.com\/index.php\/wp-json\/wp\/v2\/media\/269743"}],"wp:attachment":[{"href":"https:\/\/corrientesdetarde.com\/index.php\/wp-json\/wp\/v2\/media?parent=269742"}],"wp:term":[{"taxonomy":"category","embeddable":true,"href":"https:\/\/corrientesdetarde.com\/index.php\/wp-json\/wp\/v2\/categories?post=269742"},{"taxonomy":"post_tag","embeddable":true,"href":"https:\/\/corrientesdetarde.com\/index.php\/wp-json\/wp\/v2\/tags?post=269742"}],"curies":[{"name":"wp","href":"https:\/\/api.w.org\/{rel}","templated":true}]}}