{"id":269745,"date":"2026-09-02T17:22:20","date_gmt":"2026-09-02T20:22:20","guid":{"rendered":"https:\/\/corrientesdetarde.com\/?p=269745"},"modified":"2026-09-02T17:22:32","modified_gmt":"2026-09-02T20:22:32","slug":"la-municipalidad-invita-a-participar-del-primer-mercado-de-pulgas","status":"publish","type":"post","link":"https:\/\/corrientesdetarde.com\/index.php\/sociales\/la-municipalidad-invita-a-participar-del-primer-mercado-de-pulgas\/","title":{"rendered":"La Municipalidad invita a participar del primer Mercado de Pulgas"},"content":{"rendered":"\n<p><em>La propuesta se realizar\u00e1 el domingo 13 de septiembre y est\u00e1 destinada a personas que quieran vender objetos usados, antiguos o de colecci\u00f3n que se encuentren en buen estado. La inscripci\u00f3n previa estar\u00e1 abierta hasta el 6 de septiembre, inclusive.<\/em><\/p>\n\n\n\n<p>La Municipalidad de Corrientes llevar\u00e1 adelante el primer Mercado de Pulgas, una iniciativa que busca generar un espacio para que vecinos puedan ofrecer objetos usados, antiguos o de colecci\u00f3n que ya no utilizan, pero que todav\u00eda se encuentran en buenas condiciones y pueden tener una nueva oportunidad de uso.<br><br>La jornada se desarrollar\u00e1 el domingo 13 de septiembre y contar\u00e1 con una convocatoria abierta a todas aquellas personas interesadas en participar como vendedores.&nbsp;Para participar deben tener desde 10 objetos para vender.<br><br>La inscripci\u00f3n previa deber\u00e1 realizarse hasta el 6 de septiembre, inclusive, a trav\u00e9s del formulario que se puede encontrar en el siguiente link:&nbsp;<a href=\"http:\/\/bit.ly\/MercadodePulgas26\" target=\"_blank\" rel=\"noreferrer noopener\">bit.ly\/MercadodePulgas26<\/a>. O bien el c\u00f3digo QR del flyer difundido por las redes sociales de la&nbsp;Municipalidad de la ciudad de Corrientes.<br><br>Cualquier duda se puede despejar consultando por WhatsApp al 3794-266445.<br><br>DAR UNA SEGUNDA OPORTUNIDAD A LOS OBJETOS<br>La subsecretaria de Pol\u00edticas Ambientales,&nbsp;Mercedes Mestres destac\u00f3 que la iniciativa apunta a instalar la importancia de la circularidad de los objetos y la reutilizaci\u00f3n como pr\u00e1cticas vinculadas al cuidado del ambiente.<br><br>\u201cEl objetivo es generar un espacio donde la gente que tenga estos objetos que est\u00e9n bien y que les quiera dar una segunda oportunidad, pueda venderlos ah\u00ed y colaborar con ellos, permitirles generar alg\u00fan ingreso extra\u201d, sostuvo Mestres.<br><br>En esa l\u00ednea, agreg\u00f3 que la propuesta tambi\u00e9n busca \u201cempezar a hablar del tema de la circularidad de los objetos, de darles una segunda vida a objetos que ya fueron usados, que no son nuevos, pero que est\u00e1n en buen estado y que se pueden seguir usando\u201d.<br><br>De esta manera, el Mercado de Pulgas propone recuperar el valor de aquellos objetos que, aunque ya no tienen utilidad para sus propietarios actuales, pueden continuar su ciclo de uso en manos de otras personas.<\/p>\n\n\n\n<figure class=\"wp-block-image size-full\"><img loading=\"lazy\" decoding=\"async\" width=\"618\" height=\"506\" src=\"https:\/\/corrientesdetarde.com\/wp-content\/uploads\/2026\/09\/image-43.png\" alt=\"\" class=\"wp-image-269746\" srcset=\"https:\/\/corrientesdetarde.com\/wp-content\/uploads\/2026\/09\/image-43.png 618w, https:\/\/corrientesdetarde.com\/wp-content\/uploads\/2026\/09\/image-43-300x246.png 300w\" sizes=\"auto, (max-width: 618px) 100vw, 618px\" \/><\/figure>\n","protected":false},"excerpt":{"rendered":"<p>La propuesta se realizar\u00e1 el domingo 13 de septiembre y est\u00e1 destinada a personas que quieran vender objetos usados, antiguos o de colecci\u00f3n que se encuentren en buen estado. La&hellip; <\/p>\n","protected":false},"author":8,"featured_media":269747,"comment_status":"closed","ping_status":"open","sticky":false,"template":"","format":"standard","meta":{"footnotes":""},"categories":[17],"tags":[],"class_list":["post-269745","post","type-post","status-publish","format-standard","has-post-thumbnail","hentry","category-sociales"],"_links":{"self":[{"href":"https:\/\/corrientesdetarde.com\/index.php\/wp-json\/wp\/v2\/posts\/269745","targetHints":{"allow":["GET"]}}],"collection":[{"href":"https:\/\/corrientesdetarde.com\/index.php\/wp-json\/wp\/v2\/posts"}],"about":[{"href":"https:\/\/corrientesdetarde.com\/index.php\/wp-json\/wp\/v2\/types\/post"}],"author":[{"embeddable":true,"href":"https:\/\/corrientesdetarde.com\/index.php\/wp-json\/wp\/v2\/users\/8"}],"replies":[{"embeddable":true,"href":"https:\/\/corrientesdetarde.com\/index.php\/wp-json\/wp\/v2\/comments?post=269745"}],"version-history":[{"count":1,"href":"https:\/\/corrientesdetarde.com\/index.php\/wp-json\/wp\/v2\/posts\/269745\/revisions"}],"predecessor-version":[{"id":269748,"href":"https:\/\/corrientesdetarde.com\/index.php\/wp-json\/wp\/v2\/posts\/269745\/revisions\/269748"}],"wp:featuredmedia":[{"embeddable":true,"href":"https:\/\/corrientesdetarde.com\/index.php\/wp-json\/wp\/v2\/media\/269747"}],"wp:attachment":[{"href":"https:\/\/corrientesdetarde.com\/index.php\/wp-json\/wp\/v2\/media?parent=269745"}],"wp:term":[{"taxonomy":"category","embeddable":true,"href":"https:\/\/corrientesdetarde.com\/index.php\/wp-json\/wp\/v2\/categories?post=269745"},{"taxonomy":"post_tag","embeddable":true,"href":"https:\/\/corrientesdetarde.com\/index.php\/wp-json\/wp\/v2\/tags?post=269745"}],"curies":[{"name":"wp","href":"https:\/\/api.w.org\/{rel}","templated":true}]}}