{"id":269749,"date":"2026-09-02T17:28:11","date_gmt":"2026-09-02T20:28:11","guid":{"rendered":"https:\/\/corrientesdetarde.com\/?p=269749"},"modified":"2026-09-02T17:28:23","modified_gmt":"2026-09-02T20:28:23","slug":"la-legislatura-de-chaco-aprobo-este-miercoles-la-suspension-de-las-paso","status":"publish","type":"post","link":"https:\/\/corrientesdetarde.com\/index.php\/actualidad\/la-legislatura-de-chaco-aprobo-este-miercoles-la-suspension-de-las-paso\/","title":{"rendered":"La Legislatura de\u00a0Chaco\u00a0aprob\u00f3 este mi\u00e9rcoles la suspensi\u00f3n de las (PASO)"},"content":{"rendered":"\n<p>La iniciativa del gobernador Leandro Zdero fue aprobada por la Legislatura por 17 votos a favor y regir\u00e1 por un a\u00f1o. El grueso del peronismo se ausent\u00f3 de la sesi\u00f3n. Triunfo para la alianza entre radicales y libertarios.<a href=\"https:\/\/api.whatsapp.com\/send?text=Chaco%20es%20la%20primera%20provincia%20en%20suspender%20las%20PASO%20-%20https:\/\/www.diarioepoca.com\/1388968-chaco-es-la-primera-provincia-en-suspender-las-paso?utm_source=WhatsApp%26utm_medium=WhatsApp%26utm_campaign=WhatsApp%26utm_term=WhatsApp\" target=\"_blank\" rel=\"noreferrer noopener\"><\/a><a href=\"https:\/\/www.diarioepoca.com\/1388968-chaco-es-la-primera-provincia-en-suspender-las-paso#\"><\/a><a href=\"https:\/\/www.diarioepoca.com\/1388968-chaco-es-la-primera-provincia-en-suspender-las-paso#\"><\/a><\/p>\n\n\n\n<p id=\"p-1788355317650-90575\">La Legislatura de&nbsp;<strong>Chaco&nbsp;<\/strong>aprob\u00f3 este mi\u00e9rcoles la suspensi\u00f3n de las&nbsp;<strong>Primarias Abiertas Simult\u00e1neas y Obligatorias (PASO),<\/strong>&nbsp;una iniciativa del gobernador&nbsp;<strong>Leandro Zdero<\/strong>. De esta manera,&nbsp;la provincia se adelant\u00f3 a la agenda de la Casa Rosada&nbsp;e ir\u00e1 a las urnas el a\u00f1o pr\u00f3ximo para renovar su Poder Ejecutivo sin PASO, tal como sucedi\u00f3 el a\u00f1o pasado en las legislativas.<\/p>\n\n\n\n<p id=\"p-1788355317650-67514\">El tr\u00e1mite se resolvi\u00f3 en la C\u00e1mara de Diputados&nbsp;<strong>local por 17 votos a favor y ninguno en contra<\/strong>, ya que el grueso de los representantes de la oposici\u00f3n peronista, nucleados en el&nbsp;<strong>Frente Chaque\u00f1o<\/strong>, se ausent\u00f3 de la sesi\u00f3n. Sin embargo, el oficialismo logr\u00f3 el respaldo de la legisladora&nbsp;<strong>Katia Blanc<\/strong>, del Frente Renovador, clave para destrabar la pulseada.<\/p>\n\n\n\n<p id=\"p-1788374968993-45596\">Como parte de la negociaci\u00f3n, se acord\u00f3 que los cerca de $5.000 millones que la provincia contempla ahorrar por la suspensi\u00f3n del proceso sean destinados al hospital pedi\u00e1trico de Resistencia.<\/p>\n\n\n\n<p id=\"p-1788355317650-17103\">La iniciativa suspende&nbsp;<strong>durante un a\u00f1o la vigencia de la Ley 2073-Q<\/strong>. Esto quiere decir que&nbsp;<strong>no elimina definitivamente la modalidad<\/strong>, sino que evita su aplicaci\u00f3n en el pr\u00f3ximo proceso electoral provincial.<\/p>\n\n\n\n<h2 class=\"wp-block-heading\">El debate por el futuro de las PASO<\/h2>\n\n\n\n<p id=\"p-1788355317650-24553\">La suspensi\u00f3n de las primarias era un anhelo del mandatario Zdero, quien ya hab\u00eda logrado hacer lo mismo el a\u00f1o pasado. De origen radical, el jefe provincial mantiene un alianza con La Libertad Avanza (LLA), sector que presionaba para avanzar con el proyecto con miras al 2027. De hecho,&nbsp;<strong>Javier Milei intenta eliminar las PASO a nivel nacional,&nbsp;<\/strong>en el marco de la reforma electoral, proyecto que el Senado espera tratar.<\/p>\n\n\n\n<p id=\"p-1788355317650-53597\">La propuesta, sin embargo, todav\u00eda no cuenta con el visto bueno del grueso de los gobernadores dialoguistas y aliados, que se inclinan por una suspensi\u00f3n y no por eliminar definitivamente el sistema. La Casa Rosada intenta destrabar los votos necesarios con sus negociadores&nbsp;<strong>Diego Santilli<\/strong>&nbsp;y&nbsp;<strong>Patricia Bullrich<\/strong>&nbsp;a la cabeza.<\/p>\n\n\n\n<p id=\"p-1788355317650-6282\">En cuanto al caso chaque\u00f1o,&nbsp;<strong>Leandro Zdero impuls\u00f3 la suspensi\u00f3n de las primarias ampar\u00e1ndose en los gastos que conlleva la organizaci\u00f3n de un comicio provincial<\/strong>, un libreto similar al que esgrimen sus socios libertarios. El cacique lleg\u00f3 al poder en 2023, luego de derrotar al peronista&nbsp;<strong>Jorge Capitanich<\/strong>&nbsp;en primera vuelta y de despojar al peronismo de uno de sus bastiones hist\u00f3ricos.<\/p>\n\n\n\n<p id=\"p-1788355317650-47534\">El a\u00f1o pasado, cerr\u00f3 un acuerdo con los ap\u00f3stoles de Milei y logr\u00f3 revalidar el triunfo en las legislativas. Adem\u00e1s, Chaco Puede + LLA le arrebat\u00f3 una banca al PJ en el Senado y coloc\u00f3 a&nbsp;<strong>Juan Cruz Godoy<\/strong>&nbsp;y la n\u00famero dos de Zdero,&nbsp;<strong>Silvana Schneider<\/strong>, en la C\u00e1mara alta. Por la minor\u00eda ingres\u00f3 el celeste Capitanich.<\/p>\n\n\n\n<p id=\"p-1788355315660-39431\">Aunque la confluencia con LLA le garantiza al oficialismo provincial evitar fugas hacia candidaturas reactivas al peronismo,&nbsp;<strong>lo cierto es que el justicialismo se mantiene competitivo en la provincia y aspira a recuperar la gobernaci\u00f3n el a\u00f1o pr\u00f3ximo. Es un hecho que la votaci\u00f3n ser\u00e1 desdoblada de la nacional, ya que la Constituci\u00f3n local as\u00ed lo estipula.<\/strong>&nbsp;Hasta el momento, solo Tucum\u00e1n defini\u00f3 fecha: el domingo 9 de mayo.<\/p>\n\n\n\n<p id=\"p-1788355994001-60136\">En 2025, gobernadores de pelajes distintos se plegaron a la propuesta libertaria y suspendieron sus primarias. As\u00ed ocurri\u00f3, por ejemplo, en&nbsp;<strong>CABA<\/strong>, la&nbsp;<strong>provincia de Buenos Aires,<\/strong>&nbsp;<strong>Mendoza<\/strong>,&nbsp;<strong>Catamarca&nbsp;<\/strong>y&nbsp;<strong>Jujuy<\/strong>, adem\u00e1s del ya mencionado caso chaque\u00f1o. Se trata de distritos que tuvieron elecciones locales, por fuera de la reyerta nacional.<\/p>\n\n\n\n<p id=\"p-1788355994001-54640\">Lo propio hab\u00edan hecho previamente&nbsp;<strong>San Luis&nbsp;<\/strong>y&nbsp;<strong>Salta, otras<\/strong>&nbsp;dos jurisdicciones que decidieron dejar sin efecto el sistema, aunque de manera definitiva. Por el contrario, en&nbsp;<strong>Santa Fe<\/strong>&nbsp;siguen rigiendo las primarias. Incluso se utilizaron el a\u00f1o pasado y prev\u00e9 que volver\u00e1n a disputarse en 2027.<\/p>\n\n\n\n<p id=\"p-1788356090659-12052\">De hecho, la Legislatura santafesina acaba de&nbsp;<strong>aprobar la reforma electoral impulsada por la fuerza del gobernador Maximiliano Pullaro<\/strong>, que si bien contempla cambios en los pisos electorales y en la modalidad de votaci\u00f3n, sostiene las internas abiertas.<\/p>\n\n\n\n<p id=\"p-1788356278838-81410\">En cuanto al escenario en el pa\u00eds, el Gobierno sigue buscando respaldos para avanzar con la eliminaci\u00f3n o, en su defecto, una suspensi\u00f3n. La situaci\u00f3n es compleja, porque varios mandamases aliados y dialoguistas ya marcaron reparos.<\/p>\n\n\n\n<p id=\"p-1788356278838-58515\">Uno de ellos es el tucumano&nbsp;<strong>Osvaldo Jaldo,&nbsp;<\/strong>quien&nbsp;desde el principio se expres\u00f3 en contra de la iniciativa mile\u00edsta. Jaldo acus\u00f3 al Presidente de armarse un &#8220;traje a medida&#8221;. Esta semana ratific\u00f3 esa posici\u00f3n: &#8220;Para nada estoy de acuerdo&#8221;, dispar\u00f3. Por un lado,&nbsp;<strong>se trata de una nueva diferenciaci\u00f3n del oficialismo,&nbsp;<\/strong>tal como ya hab\u00eda hecho con la modificaci\u00f3n la ley de Tierras; por otra parte, es un gui\u00f1o al PJ nacional, que intenta unificar a sus tribus en torno al rechazo al proyecto.<\/p>\n\n\n\n<p id=\"p-1788356278430-97348\">El viernes pasado, el exministro del Interior&nbsp;Lisandro Catal\u00e1n se lanz\u00f3 como candidato violeta&nbsp;en territorio tucumano, un desaf\u00edo abierto al actual gobernador, quien tiene intenci\u00f3n de competir por la reelecci\u00f3n.<\/p>\n\n\n\n<p id=\"p-1788356904270-19587\">La postulaci\u00f3n de Catal\u00e1n, uno de los dirigentes fuertes de la Casa Rosada,&nbsp;<strong>es un mensaje hacia otros l\u00edderes dialoguistas<\/strong>. La semana pasada, el vocero presidencial,&nbsp;<strong>Adri\u00e1n Ravier<\/strong>, anticip\u00f3 que&nbsp;<strong>el Gobierno analizar\u00e1 provincia por provincia la posibilidad de trabar acuerdos electorales<\/strong>, aunque avis\u00f3 que tienen estructura en los 24 territorios.<\/p>\n\n\n\n<p id=\"p-1788356903721-17831\">Adem\u00e1s de Zdero, Alfredo Cornejo y Rogelio Frigerio, los tres jefes provinciales con los que trabaron alianzas en 2023, podr\u00edan sum\u00e1rseles ahora otros, como el sanjuanino Marcelo Orrego, el puntano Claudio Poggi y el chubutense Nacho Torres. En CABA, Jorge Macri intenta acercar posiciones con los violetas, aunque la moneda todav\u00eda est\u00e1 en el aire.<\/p>\n","protected":false},"excerpt":{"rendered":"<p>La iniciativa del gobernador Leandro Zdero fue aprobada por la Legislatura por 17 votos a favor y regir\u00e1 por un a\u00f1o. El grueso del peronismo se ausent\u00f3 de la sesi\u00f3n.&hellip; <\/p>\n","protected":false},"author":8,"featured_media":269750,"comment_status":"closed","ping_status":"open","sticky":false,"template":"","format":"standard","meta":{"footnotes":""},"categories":[23],"tags":[],"class_list":["post-269749","post","type-post","status-publish","format-standard","has-post-thumbnail","hentry","category-actualidad"],"_links":{"self":[{"href":"https:\/\/corrientesdetarde.com\/index.php\/wp-json\/wp\/v2\/posts\/269749","targetHints":{"allow":["GET"]}}],"collection":[{"href":"https:\/\/corrientesdetarde.com\/index.php\/wp-json\/wp\/v2\/posts"}],"about":[{"href":"https:\/\/corrientesdetarde.com\/index.php\/wp-json\/wp\/v2\/types\/post"}],"author":[{"embeddable":true,"href":"https:\/\/corrientesdetarde.com\/index.php\/wp-json\/wp\/v2\/users\/8"}],"replies":[{"embeddable":true,"href":"https:\/\/corrientesdetarde.com\/index.php\/wp-json\/wp\/v2\/comments?post=269749"}],"version-history":[{"count":1,"href":"https:\/\/corrientesdetarde.com\/index.php\/wp-json\/wp\/v2\/posts\/269749\/revisions"}],"predecessor-version":[{"id":269751,"href":"https:\/\/corrientesdetarde.com\/index.php\/wp-json\/wp\/v2\/posts\/269749\/revisions\/269751"}],"wp:featuredmedia":[{"embeddable":true,"href":"https:\/\/corrientesdetarde.com\/index.php\/wp-json\/wp\/v2\/media\/269750"}],"wp:attachment":[{"href":"https:\/\/corrientesdetarde.com\/index.php\/wp-json\/wp\/v2\/media?parent=269749"}],"wp:term":[{"taxonomy":"category","embeddable":true,"href":"https:\/\/corrientesdetarde.com\/index.php\/wp-json\/wp\/v2\/categories?post=269749"},{"taxonomy":"post_tag","embeddable":true,"href":"https:\/\/corrientesdetarde.com\/index.php\/wp-json\/wp\/v2\/tags?post=269749"}],"curies":[{"name":"wp","href":"https:\/\/api.w.org\/{rel}","templated":true}]}}