{"id":269752,"date":"2026-09-02T17:32:48","date_gmt":"2026-09-02T20:32:48","guid":{"rendered":"https:\/\/corrientesdetarde.com\/?p=269752"},"modified":"2026-09-02T17:32:53","modified_gmt":"2026-09-02T20:32:53","slug":"la-delegacion-del-vaticano-recorrio-el-cottolengo-don-orione-y-la-basilica-de-lujan-para-preparar-la-llegada-del-papa","status":"publish","type":"post","link":"https:\/\/corrientesdetarde.com\/index.php\/internacionales\/la-delegacion-del-vaticano-recorrio-el-cottolengo-don-orione-y-la-basilica-de-lujan-para-preparar-la-llegada-del-papa\/","title":{"rendered":"La delegaci\u00f3n del Vaticano recorri\u00f3 el Cottolengo Don Orione y la Bas\u00edlica de Luj\u00e1n para preparar la llegada del Papa"},"content":{"rendered":"\n<p>Luego de un encuentro entre las autoridades del Episcopado con el gobernador bonaerense, Axel Kicillof, los enviados de la Santa Sede caminaron por los dos puntos de la provincia de Buenos Aires que visitar\u00e1 el sumo pont\u00edfice.<\/p>\n\n\n\n<p>Tras sus recorridas por la Ciudad de Buenos Aires y C\u00f3rdoba, los&nbsp;<strong>enviados del Vaticano<\/strong>&nbsp;recorrieron este mi\u00e9rcoles el&nbsp;<strong>Cottolengo Don Orione de Claypole<\/strong>&nbsp;y&nbsp;<strong>la bas\u00edlica de Luj\u00e1n<\/strong>, los dos puntos de la provincia de Buenos Aires donde estar\u00e1 el papa&nbsp;<strong>Le\u00f3n XIV&nbsp;<\/strong>cuando venga a la Argentina entre el 8 y el 11 de noviembre.<\/p>\n\n\n\n<p>La Bas\u00edlica de Luj\u00e1n fue confirmada como sede de una de las\u00a0<strong>tres grandes misas<\/strong>\u00a0que el papa Le\u00f3n XIV celebrar\u00e1 en su paso por el pa\u00eds, junto con las de Buenos Aires y C\u00f3rdoba, seg\u00fan hab\u00eda adelantado el presidente del Episcopado, Marcelo Colombo, d\u00edas atr\u00e1s.<\/p>\n\n\n\n<p>En ese sentido, la delegaci\u00f3n papal mantuvo una reuni\u00f3n por la tarde con<strong>&nbsp;autoridades de la provincia de Buenos Aires<\/strong>, entre ellas el ministro de Seguridad, Javier Alonso, para discutir los detalles del operativo de seguridad para recibir al sumo pont\u00edfice.<\/p>\n\n\n\n<p>Seg\u00fan pudo saber este medio, se discuti\u00f3&nbsp;<strong>c\u00f3mo podr\u00eda ser el recorrido del papa y su llegada a la Bas\u00edlica<\/strong>, al igual que c\u00f3mo se organizar\u00e1n los tres anillos de seguridad previstos para el evento. El primero y el m\u00e1s importante, la c\u00e1psula que protege a Le\u00f3n XIV, estar\u00e1 en manos de la Guardia Suiza y la Gendarmer\u00eda italiana, que viajan permanentemente con el Papa.<\/p>\n\n\n\n<figure class=\"wp-block-image\"><img decoding=\"async\" src=\"https:\/\/tn.com.ar\/resizer\/v2\/la-plaza-de-la-basilica-de-lujan-fue-uno-de-los-tres-lugares-elegidos-por-el-vaticano-para-realizar-las-misas-de-leon-xiv-en-la-argentina-por-jopstock-stockadobecom-ZLBIV33DSZDPZMRCOU2MT2HFYY.jpg?auth=6210d18560dba0d84de3135855c763cb174ff4736722ee4c1d17f8cbb13e611e&amp;width=767\" alt=\"La plaza de la Bas\u00edlica de Luj\u00e1n fue uno de los tres lugares elegidos por el Vaticano para realizar las misas de Le\u00f3n XIV en la Argentina. (Por: Jopstock - stock.adobe.com).\"\/><\/figure>\n\n\n\n<p>Luego, el segundo y tercer anillo se planificar\u00e1n entre las fuerzas federales y provinciales. El operativo tambi\u00e9n prev\u00e9&nbsp;<strong>cortar los accesos de tr\u00e1nsito a la plaza<\/strong>, donde montar\u00e1n un escenario para que Le\u00f3n XI pueda brindar su misa. Alrededor, los puestos y locales permanecer\u00e1n cerrados.<\/p>\n\n\n\n<p>Tambi\u00e9n participaron el intendente de Luj\u00e1n, Leonardo Boto, y su secretario de Seguridad, Daniel Dom\u00ednguez. Por parte de la Iglesia, asistieron el arzobispo de Buenos Aires, Jorge Garc\u00eda Cuerva, y el arzobispo de Mercedes-Luj\u00e1n, Jorge Eduardo Scheinig.<\/p>\n\n\n\n<p>Horas antes, la delegaci\u00f3n tambi\u00e9n recorri\u00f3 el Cottolengo Don Orione, el lugar que la Iglesia se\u00f1al\u00f3 con \u201cuna posibilidad muy fuerte\u201d para una de las&nbsp;<strong>dos actividades vinculadas a situaciones de vulnerabilidad<\/strong>&nbsp;que tendr\u00e1 la agenda papal. Se trata de un complejo de&nbsp;<strong>49 manzanas<\/strong>&nbsp;en Claypole que est\u00e1 destinado al cuidado de personas con discapacidad.<\/p>\n\n\n\n<h2 class=\"wp-block-heading\">Los preparativos previos, el encuentro con Axel Kicillof y el fin de la visita de la delegaci\u00f3n papal<\/h2>\n\n\n\n<p>En la previa de la llegada de los enviados de la Santa Sede, el presidente del Episcopado, Marcelo Colombo, mantuvo un encuentro en La Plata con el gobernador bonaerense,&nbsp;<strong>Axel Kicillof<\/strong>, para definir los detalles de la visita del sumo pont\u00edfice.<\/p>\n\n\n\n<p><strong>\u201cCoordinamos detalles de las actividades previstas en Luj\u00e1n y tambi\u00e9n del operativo de seguridad para la misa programada para el 11 de noviembre en esa ciudad\u201d<\/strong>, se\u00f1al\u00f3 Kicillof en sus redes tras la reuni\u00f3n. Y agreg\u00f3: \u201cTodas las \u00e1reas del Gobierno de la Provincia estar\u00e1n a disposici\u00f3n para que esta visita tan esperada por los bonaerenses se desarrolle en paz y de la mejor manera\u201d.<\/p>\n\n\n\n<figure class=\"wp-block-image\"><img decoding=\"async\" src=\"https:\/\/tn.com.ar\/resizer\/v2\/axel-kicillof-y-el-titular-de-la-cea-marcelo-colombo-foto-x-kicillofok-FETBC6IYYNFHTN2WRFTIPUSBOE.jfif?auth=36cc5bace3160429a3ebb204df82fcf0bfa95746e3803daff9b288772b6f1f6f&amp;width=767\" alt=\"Axel Kicillof y el titular de la CEA, Marcelo Colombo. (Foto: X @Kicillofok)\"\/><\/figure>\n\n\n\n<p>Desde el Episcopado remarcaron que estas recorridas que se realizaron este mi\u00e9rcoles todav\u00eda tienen car\u00e1cter exploratorio. \u201cSon reuniones m\u00e1s informativas, est\u00e1n mirando lugares, no est\u00e1n definiendo nada. Eso despu\u00e9s se enviar\u00e1 a secretar\u00eda de Estado y se decide\u201d, hab\u00edan se\u00f1alado desde la Episcopal a este medio esta semana.<\/p>\n\n\n\n<p>Con la visita a Luj\u00e1n y Claypole, los enviados vaticanos cierran una semana de relevamientos que arranc\u00f3 el lunes en la Ciudad de Buenos Aires, con paradas en el Monumento de los Espa\u00f1oles, el Palacio Libertad y el Palacio San Mart\u00edn -donde mantuvieron una reuni\u00f3n de trabajo con la Secretar\u00eda General de la Presidencia, la Nunciatura Apost\u00f3lica, la Conferencia Episcopal Argentina y la Canciller\u00eda\u2014 y continu\u00f3 el martes en C\u00f3rdoba, para relevar los sitios del encuentro que el papa tendr\u00e1 all\u00ed con obispos y seminaristas.<\/p>\n\n\n\n<p>La delegaci\u00f3n de la Santa Sede partir\u00e1 del pa\u00eds este jueves por la ma\u00f1ana, una vez completado el recorrido por los tres distritos que integrar\u00e1n la visita papal de noviembre.<\/p>\n","protected":false},"excerpt":{"rendered":"<p>Luego de un encuentro entre las autoridades del Episcopado con el gobernador bonaerense, Axel Kicillof, los enviados de la Santa Sede caminaron por los dos puntos de la provincia de&hellip; <\/p>\n","protected":false},"author":8,"featured_media":269753,"comment_status":"closed","ping_status":"open","sticky":false,"template":"","format":"standard","meta":{"footnotes":""},"categories":[11],"tags":[],"class_list":["post-269752","post","type-post","status-publish","format-standard","has-post-thumbnail","hentry","category-internacionales"],"_links":{"self":[{"href":"https:\/\/corrientesdetarde.com\/index.php\/wp-json\/wp\/v2\/posts\/269752","targetHints":{"allow":["GET"]}}],"collection":[{"href":"https:\/\/corrientesdetarde.com\/index.php\/wp-json\/wp\/v2\/posts"}],"about":[{"href":"https:\/\/corrientesdetarde.com\/index.php\/wp-json\/wp\/v2\/types\/post"}],"author":[{"embeddable":true,"href":"https:\/\/corrientesdetarde.com\/index.php\/wp-json\/wp\/v2\/users\/8"}],"replies":[{"embeddable":true,"href":"https:\/\/corrientesdetarde.com\/index.php\/wp-json\/wp\/v2\/comments?post=269752"}],"version-history":[{"count":1,"href":"https:\/\/corrientesdetarde.com\/index.php\/wp-json\/wp\/v2\/posts\/269752\/revisions"}],"predecessor-version":[{"id":269754,"href":"https:\/\/corrientesdetarde.com\/index.php\/wp-json\/wp\/v2\/posts\/269752\/revisions\/269754"}],"wp:featuredmedia":[{"embeddable":true,"href":"https:\/\/corrientesdetarde.com\/index.php\/wp-json\/wp\/v2\/media\/269753"}],"wp:attachment":[{"href":"https:\/\/corrientesdetarde.com\/index.php\/wp-json\/wp\/v2\/media?parent=269752"}],"wp:term":[{"taxonomy":"category","embeddable":true,"href":"https:\/\/corrientesdetarde.com\/index.php\/wp-json\/wp\/v2\/categories?post=269752"},{"taxonomy":"post_tag","embeddable":true,"href":"https:\/\/corrientesdetarde.com\/index.php\/wp-json\/wp\/v2\/tags?post=269752"}],"curies":[{"name":"wp","href":"https:\/\/api.w.org\/{rel}","templated":true}]}}