{"id":269755,"date":"2026-09-02T22:32:31","date_gmt":"2026-09-03T01:32:31","guid":{"rendered":"https:\/\/corrientesdetarde.com\/?p=269755"},"modified":"2026-09-02T22:32:44","modified_gmt":"2026-09-03T01:32:44","slug":"se-realizo-en-el-puerto-de-corrientes-la-descarga-de-maquinaria-para-la-primera-planta-de-clt-del-pais","status":"publish","type":"post","link":"https:\/\/corrientesdetarde.com\/index.php\/informacion-general\/se-realizo-en-el-puerto-de-corrientes-la-descarga-de-maquinaria-para-la-primera-planta-de-clt-del-pais\/","title":{"rendered":"Se realiz\u00f3 en el Puerto de Corrientes la descarga de maquinaria para la primera planta de CLT del pa\u00eds"},"content":{"rendered":"\n<p><em>En el D\u00eda de la Industria, Corrientes fue protagonista este mi\u00e9rcoles de un hecho hist\u00f3rico para el desarrollo de esta actividad, ya que se llev\u00f3 adelante en el Puerto de la ciudad Capital la operaci\u00f3n de descarga de contenedores con equipamiento y maquinaria para la instalaci\u00f3n en Virasoro de la primera planta industrial de madera contralaminada (CLT, por sus siglas en ingl\u00e9s) del pa\u00eds, Cambium Build.<\/em><\/p>\n\n\n\n<figure class=\"wp-block-image size-full\"><img loading=\"lazy\" decoding=\"async\" width=\"982\" height=\"658\" src=\"https:\/\/corrientesdetarde.com\/wp-content\/uploads\/2026\/09\/image-50.png\" alt=\"\" class=\"wp-image-269763\" srcset=\"https:\/\/corrientesdetarde.com\/wp-content\/uploads\/2026\/09\/image-50.png 982w, https:\/\/corrientesdetarde.com\/wp-content\/uploads\/2026\/09\/image-50-300x201.png 300w, https:\/\/corrientesdetarde.com\/wp-content\/uploads\/2026\/09\/image-50-768x515.png 768w\" sizes=\"auto, (max-width: 982px) 100vw, 982px\" \/><\/figure>\n\n\n\n<p><\/p>\n\n\n\n<p>En este marco, el gobernador Juan Pablo Vald\u00e9s recorri\u00f3 las instalaciones del Puerto, donde destac\u00f3 la importancia de esta inversi\u00f3n para el desarrollo de la industria forestal y la generaci\u00f3n de empleo.<\/p>\n\n\n\n<p>\u201cEstamos muy contentos porque hoy estamos recibiendo la primera planta industrial de CLT ac\u00e1, en el puerto de Corrientes. Muy agradecido con la empresa que apuesta y cree en el potencial de la materia prima de Corrientes\u201d, expres\u00f3.<\/p>\n\n\n\n<p>El mandatario se\u00f1al\u00f3 que la llegada de esta planta constituye \u201cun hito important\u00edsimo\u201d y permite visibilizar el potencial que tiene la industria forestal en la provincia.<\/p>\n\n\n\n<p>\u201cEso va a significar m\u00e1s trabajo, m\u00e1s transformaci\u00f3n de materia prima y m\u00e1s oportunidades para los correntinos\u201d, afirm\u00f3.<\/p>\n\n\n\n<p><strong>Llegada de 50 contenedores<\/strong><\/p>\n\n\n\n<p>El director de Operaciones de la firma Cambium Build, Alex Ochoaizpuro, explic\u00f3 que la carga comenzar\u00e1 ahora con los tr\u00e1mites aduaneros correspondientes y posteriormente ser\u00e1 trasladada a Virasoro, donde se realizar\u00e1 el montaje de la planta.<\/p>\n\n\n\n<p>La operaci\u00f3n log\u00edstica permiti\u00f3 que los contenedores llegaran directamente al puerto correntino, evitando su ingreso por Buenos Aires. Gretel Rubel, responsable de Comercio Exterior de Insud, se\u00f1al\u00f3 que se trata de una planta trasladada desde el puerto de Gotemburgo hasta Corrientes mediante tres trasbordos.<\/p>\n\n\n\n<p>El director de Transporte Fluvial y Puertos de la Provincia, Adolfo Escobar Dam\u00fas, detall\u00f3 que se trata de 50 contenedores con toda la infraestructura y la maquinaria necesaria para poner en marcha la actividad.<\/p>\n\n\n\n<p>El cargamento complet\u00f3 un tr\u00e1nsito internacional de 32 d\u00edas desde Suecia hasta la capital correntina, combinando un primer tramo en buques oce\u00e1nicos hasta Buenos Aires y el posterior trasbordo a barcazas para realizar el recorrido fluvial por la hidrov\u00eda.<\/p>\n\n\n\n<p>La llegada de este equipamiento marca un nuevo paso para la industrializaci\u00f3n de la materia prima forestal correntina y posiciona a la provincia como protagonista de un proyecto in\u00e9dito para la industria argentina.<\/p>\n","protected":false},"excerpt":{"rendered":"<p>En el D\u00eda de la Industria, Corrientes fue protagonista este mi\u00e9rcoles de un hecho hist\u00f3rico para el desarrollo de esta actividad, ya que se llev\u00f3 adelante en el Puerto de&hellip; <\/p>\n","protected":false},"author":1,"featured_media":269764,"comment_status":"closed","ping_status":"open","sticky":false,"template":"","format":"standard","meta":{"footnotes":""},"categories":[1],"tags":[],"class_list":["post-269755","post","type-post","status-publish","format-standard","has-post-thumbnail","hentry","category-informacion-general"],"_links":{"self":[{"href":"https:\/\/corrientesdetarde.com\/index.php\/wp-json\/wp\/v2\/posts\/269755","targetHints":{"allow":["GET"]}}],"collection":[{"href":"https:\/\/corrientesdetarde.com\/index.php\/wp-json\/wp\/v2\/posts"}],"about":[{"href":"https:\/\/corrientesdetarde.com\/index.php\/wp-json\/wp\/v2\/types\/post"}],"author":[{"embeddable":true,"href":"https:\/\/corrientesdetarde.com\/index.php\/wp-json\/wp\/v2\/users\/1"}],"replies":[{"embeddable":true,"href":"https:\/\/corrientesdetarde.com\/index.php\/wp-json\/wp\/v2\/comments?post=269755"}],"version-history":[{"count":1,"href":"https:\/\/corrientesdetarde.com\/index.php\/wp-json\/wp\/v2\/posts\/269755\/revisions"}],"predecessor-version":[{"id":269766,"href":"https:\/\/corrientesdetarde.com\/index.php\/wp-json\/wp\/v2\/posts\/269755\/revisions\/269766"}],"wp:featuredmedia":[{"embeddable":true,"href":"https:\/\/corrientesdetarde.com\/index.php\/wp-json\/wp\/v2\/media\/269764"}],"wp:attachment":[{"href":"https:\/\/corrientesdetarde.com\/index.php\/wp-json\/wp\/v2\/media?parent=269755"}],"wp:term":[{"taxonomy":"category","embeddable":true,"href":"https:\/\/corrientesdetarde.com\/index.php\/wp-json\/wp\/v2\/categories?post=269755"},{"taxonomy":"post_tag","embeddable":true,"href":"https:\/\/corrientesdetarde.com\/index.php\/wp-json\/wp\/v2\/tags?post=269755"}],"curies":[{"name":"wp","href":"https:\/\/api.w.org\/{rel}","templated":true}]}}