{"id":269757,"date":"2026-09-02T22:27:39","date_gmt":"2026-09-03T01:27:39","guid":{"rendered":"https:\/\/corrientesdetarde.com\/?p=269757"},"modified":"2026-09-02T22:27:51","modified_gmt":"2026-09-03T01:27:51","slug":"un-automovil-volco-y-termino-dentro-de-un-canal","status":"publish","type":"post","link":"https:\/\/corrientesdetarde.com\/index.php\/destacados\/un-automovil-volco-y-termino-dentro-de-un-canal\/","title":{"rendered":"un autom\u00f3vil volc\u00f3 y termin\u00f3 dentro de un canal"},"content":{"rendered":"\n<p>Un autom\u00f3vil protagoniz\u00f3 un vuelco durante la madrugada de este mi\u00e9rcoles 2 de septiembre, cuando, por circunstancias que son materia de investigaci\u00f3n, termin\u00f3 dentro de un canal ubicado en la zona de calle 750 y calle 752.<\/p>\n\n\n\n<p>El siniestro ocurri\u00f3 durante la madrugada de este mi\u00e9rcoles en la intersecci\u00f3n de las calles 750 y 752. Los ocupantes del veh\u00edculo no sufrieron lesiones.<\/p>\n\n\n\n<p><\/p>\n\n\n\n<figure class=\"wp-block-image size-full\"><img loading=\"lazy\" decoding=\"async\" width=\"957\" height=\"720\" src=\"https:\/\/corrientesdetarde.com\/wp-content\/uploads\/2026\/09\/image-48.png\" alt=\"\" class=\"wp-image-269759\" srcset=\"https:\/\/corrientesdetarde.com\/wp-content\/uploads\/2026\/09\/image-48.png 957w, https:\/\/corrientesdetarde.com\/wp-content\/uploads\/2026\/09\/image-48-300x226.png 300w, https:\/\/corrientesdetarde.com\/wp-content\/uploads\/2026\/09\/image-48-768x578.png 768w\" sizes=\"auto, (max-width: 957px) 100vw, 957px\" \/><\/figure>\n\n\n\n<p><\/p>\n\n\n\n<p>El hecho ocurri\u00f3 alrededor de las 1:28, cuando el personal de guardia fue alertado sobre el accidente y acudi\u00f3 al lugar.<\/p>\n\n\n\n<p>Seg\u00fan la informaci\u00f3n disponible, no se registraron personas lesionadas entre los ocupantes del veh\u00edculo.<\/p>\n","protected":false},"excerpt":{"rendered":"<p>Un autom\u00f3vil protagoniz\u00f3 un vuelco durante la madrugada de este mi\u00e9rcoles 2 de septiembre, cuando, por circunstancias que son materia de investigaci\u00f3n, termin\u00f3 dentro de un canal ubicado en la&hellip; <\/p>\n","protected":false},"author":1,"featured_media":269758,"comment_status":"closed","ping_status":"open","sticky":false,"template":"","format":"standard","meta":{"footnotes":""},"categories":[26],"tags":[],"class_list":["post-269757","post","type-post","status-publish","format-standard","has-post-thumbnail","hentry","category-destacados"],"_links":{"self":[{"href":"https:\/\/corrientesdetarde.com\/index.php\/wp-json\/wp\/v2\/posts\/269757","targetHints":{"allow":["GET"]}}],"collection":[{"href":"https:\/\/corrientesdetarde.com\/index.php\/wp-json\/wp\/v2\/posts"}],"about":[{"href":"https:\/\/corrientesdetarde.com\/index.php\/wp-json\/wp\/v2\/types\/post"}],"author":[{"embeddable":true,"href":"https:\/\/corrientesdetarde.com\/index.php\/wp-json\/wp\/v2\/users\/1"}],"replies":[{"embeddable":true,"href":"https:\/\/corrientesdetarde.com\/index.php\/wp-json\/wp\/v2\/comments?post=269757"}],"version-history":[{"count":1,"href":"https:\/\/corrientesdetarde.com\/index.php\/wp-json\/wp\/v2\/posts\/269757\/revisions"}],"predecessor-version":[{"id":269760,"href":"https:\/\/corrientesdetarde.com\/index.php\/wp-json\/wp\/v2\/posts\/269757\/revisions\/269760"}],"wp:featuredmedia":[{"embeddable":true,"href":"https:\/\/corrientesdetarde.com\/index.php\/wp-json\/wp\/v2\/media\/269758"}],"wp:attachment":[{"href":"https:\/\/corrientesdetarde.com\/index.php\/wp-json\/wp\/v2\/media?parent=269757"}],"wp:term":[{"taxonomy":"category","embeddable":true,"href":"https:\/\/corrientesdetarde.com\/index.php\/wp-json\/wp\/v2\/categories?post=269757"},{"taxonomy":"post_tag","embeddable":true,"href":"https:\/\/corrientesdetarde.com\/index.php\/wp-json\/wp\/v2\/tags?post=269757"}],"curies":[{"name":"wp","href":"https:\/\/api.w.org\/{rel}","templated":true}]}}