{"id":269765,"date":"2026-09-02T22:33:24","date_gmt":"2026-09-03T01:33:24","guid":{"rendered":"https:\/\/corrientesdetarde.com\/?p=269765"},"modified":"2026-09-02T22:33:26","modified_gmt":"2026-09-03T01:33:26","slug":"el-barrio-anahi-recupero-un-espacio-publico-con-participacion-del-municipio-una-empresa-y-la-comunidad","status":"publish","type":"post","link":"https:\/\/corrientesdetarde.com\/index.php\/informacion-general\/el-barrio-anahi-recupero-un-espacio-publico-con-participacion-del-municipio-una-empresa-y-la-comunidad\/","title":{"rendered":"El barrio Anah\u00ed recuper\u00f3 un espacio p\u00fablico con participaci\u00f3n del Municipio, una empresa y la comunidad"},"content":{"rendered":"\n<p><em>La jornada \u201cEspacio Recuperado\u201d permiti\u00f3 erradicar un mini basural, poner en valor una plaza, plantar \u00e1rboles, recuperar juegos y realizar un mural comunitario. Participaron trabajadores municipales, voluntarios de ARCA Continental, docentes, alumnos de la Escuela Secundaria Edgar Romero Maciel y vecinos.<\/em><\/p>\n\n\n\n<figure class=\"wp-block-image size-full\"><img loading=\"lazy\" decoding=\"async\" width=\"973\" height=\"639\" src=\"https:\/\/corrientesdetarde.com\/wp-content\/uploads\/2026\/09\/image-52.png\" alt=\"\" class=\"wp-image-269767\" srcset=\"https:\/\/corrientesdetarde.com\/wp-content\/uploads\/2026\/09\/image-52.png 973w, https:\/\/corrientesdetarde.com\/wp-content\/uploads\/2026\/09\/image-52-300x197.png 300w, https:\/\/corrientesdetarde.com\/wp-content\/uploads\/2026\/09\/image-52-768x504.png 768w\" sizes=\"auto, (max-width: 973px) 100vw, 973px\" \/><\/figure>\n\n\n\n<p><\/p>\n\n\n\n<p><\/p>\n\n\n\n<p>La articulaci\u00f3n entre el sector p\u00fablico, el privado y la comunidad se tradujo este mi\u00e9rcoles en una nueva acci\u00f3n de recuperaci\u00f3n urbana y concientizaci\u00f3n ambiental en el barrio Anah\u00ed.<\/p>\n\n\n\n<p>En el espacio ubicado entre las calles Mart\u00edn Fierro y Vera Pe\u00f1aloza, la Municipalidad de Corrientes, la firma ARCA Continental \u2014embotelladora de Coca-Cola\u2014 y alumnos de la Escuela Secundaria Edgar Romero Maciel trabajaron conjuntamente para transformar un punto utilizado como mini basural en un lugar recuperado para el disfrute de los vecinos.<\/p>\n\n\n\n<p>La intervenci\u00f3n incluy\u00f3 limpieza integral, recuperaci\u00f3n de juegos, plantaci\u00f3n de \u00e1rboles y la realizaci\u00f3n de un mural comunitario. Los estudiantes participaron activamente de la propuesta art\u00edstica junto con voluntarios de la empresa y trabajadores municipales.<\/p>\n\n\n\n<p>EL COMPROMISO DE TODOS<br>El intendente Claudio Polich acompa\u00f1\u00f3 la jornada, dialog\u00f3 con alumnos, docentes, trabajadores municipales y representantes de la empresa, y hasta dej\u00f3 impresas sus manos en uno de los murales realizados por los estudiantes.<\/p>\n\n\n\n<p>\u201cEstamos participando en la recuperaci\u00f3n de una plaza, plantando gran cantidad de \u00e1rboles, pero principalmente tambi\u00e9n trabajando entre lo p\u00fablico, el privado y las instituciones de la ciudad\u201d, destac\u00f3.<\/p>\n\n\n\n<p>El jefe comunal remarc\u00f3 la necesidad de generar conciencia para garantizar el mantenimiento de los espacios p\u00fablicos y mejorar la gesti\u00f3n de los residuos urbanos. &#8220;Uno de los problemas m\u00e1s grandes que tenemos es la gesti\u00f3n de los residuos urbanos en la ciudad de Corrientes. Hay mucha gente tirando basura en cualquier lado&#8221;, se\u00f1al\u00f3.<\/p>\n\n\n\n<p>En ese sentido, valor\u00f3 las iniciativas que re\u00fanen al Estado, el sector privado y las instituciones educativas para corregir conductas que afectan a toda la comunidad. \u201cTratamos de corregir conductas que nos van a da\u00f1ar a todos, sin importar d\u00f3nde vivamos\u201d, sostuvo.<\/p>\n\n\n\n<p>Polich tambi\u00e9n destac\u00f3 a los j\u00f3venes como multiplicadores del mensaje ambiental y plante\u00f3 que pueden contribuir a modificar h\u00e1bitos dentro de sus propias familias. \u201cTenemos que propender a que los j\u00f3venes sean los que eduquen a sus padres\u201d, afirm\u00f3, en referencia al cuidado del ambiente, los espacios p\u00fablicos, la convivencia con el entorno y los animales.<\/p>\n\n\n\n<p>V\u00cdNCULO CON EL SECTOR PRIVADO<br>La participaci\u00f3n de la Escuela Secundaria Edgar Romero Maciel responde tambi\u00e9n a su cercan\u00eda con el centro log\u00edstico de ARCA Continental y su vinculaci\u00f3n directa con la comunidad del sector intervenido.<\/p>\n\n\n\n<p>Luego de recorrer la obra, Polich visit\u00f3 la planta de ARCA Continental, donde se interioriz\u00f3 sobre el proceso de producci\u00f3n. Posteriormente, mantuvo una reuni\u00f3n con directivos de la empresa para abordar cuestiones relacionadas con la actividad industrial, posibles nuevas inversiones en la ciudad y la predisposici\u00f3n para continuar trabajando de manera conjunta en iniciativas sociales y laborales.<\/p>\n\n\n\n<p>El secretario de Servicios P\u00fablicos, Ignacio Maldonado Yonna, destac\u00f3 el car\u00e1cter integral de la jornada y la participaci\u00f3n de distintos actores del barrio. \u201cIntercambiamos muchas acciones, el voluntariado ambiental de la empresa, m\u00e1s la actividad de la delegaci\u00f3n municipal del barrio Anah\u00ed, sumado a la Subsecretar\u00eda de Espacio P\u00fablico y la Subsecretar\u00eda de Higiene Urbana, trabajando todos en conjunto\u201d, explic\u00f3.<\/p>\n\n\n\n<p>El funcionario se\u00f1al\u00f3 que el objetivo es fortalecer el compromiso con el cuidado de plazas, espacios comunes y la correcta disposici\u00f3n de los residuos. \u201cBuscamos transmitir el mensaje de la responsabilidad del vecino en el cuidado del ambiente, de cuidar su metro cuadrado, el barrio y la ciudad\u201d, afirm\u00f3.<\/p>\n\n\n\n<p>VOLUNTARIADO AMBIENTAL<br>Desde el sector privado, ARCA Continental aport\u00f3 materiales, log\u00edstica y voluntarios para concretar la intervenci\u00f3n. Su jefa de Asuntos P\u00fablicos, Comunicaci\u00f3n y Sostenibilidad, Mora Dicembrino, destac\u00f3 el trabajo junto al Municipio y la comunidad educativa.<\/p>\n\n\n\n<p>Adem\u00e1s, resalt\u00f3 la realizaci\u00f3n del mural comunitario, cuyos mensajes estuvieron vinculados con el cuidado del planeta y el reciclaje. \u201cLas tem\u00e1ticas tuvieron que ver con el cuidado del planeta, el reciclaje, vemos un mont\u00f3n de tem\u00e1ticas que hablan justamente de c\u00f3mo involucrarnos con la comunidad y c\u00f3mo trabajar juntos\u201d, se\u00f1al\u00f3.<\/p>\n\n\n\n<p>Dicembrino explic\u00f3 que la jornada forma parte del programa de voluntariado de ARCA Continental, a trav\u00e9s del cual sus colaboradores participantes en acciones destinadas a generar un impacto positivo en las comunidades donde la empresa desarrolla sus actividades.<\/p>\n\n\n\n<p>\u201cSolo puede ser sostenible si le aport\u00e1s valor a todos y eso es lo que generamos\u201d, concluy\u00f3.<\/p>\n","protected":false},"excerpt":{"rendered":"<p>La jornada \u201cEspacio Recuperado\u201d permiti\u00f3 erradicar un mini basural, poner en valor una plaza, plantar \u00e1rboles, recuperar juegos y realizar un mural comunitario. Participaron trabajadores municipales, voluntarios de ARCA Continental,&hellip; <\/p>\n","protected":false},"author":1,"featured_media":269768,"comment_status":"closed","ping_status":"open","sticky":false,"template":"","format":"standard","meta":{"footnotes":""},"categories":[1],"tags":[],"class_list":["post-269765","post","type-post","status-publish","format-standard","has-post-thumbnail","hentry","category-informacion-general"],"_links":{"self":[{"href":"https:\/\/corrientesdetarde.com\/index.php\/wp-json\/wp\/v2\/posts\/269765","targetHints":{"allow":["GET"]}}],"collection":[{"href":"https:\/\/corrientesdetarde.com\/index.php\/wp-json\/wp\/v2\/posts"}],"about":[{"href":"https:\/\/corrientesdetarde.com\/index.php\/wp-json\/wp\/v2\/types\/post"}],"author":[{"embeddable":true,"href":"https:\/\/corrientesdetarde.com\/index.php\/wp-json\/wp\/v2\/users\/1"}],"replies":[{"embeddable":true,"href":"https:\/\/corrientesdetarde.com\/index.php\/wp-json\/wp\/v2\/comments?post=269765"}],"version-history":[{"count":1,"href":"https:\/\/corrientesdetarde.com\/index.php\/wp-json\/wp\/v2\/posts\/269765\/revisions"}],"predecessor-version":[{"id":269769,"href":"https:\/\/corrientesdetarde.com\/index.php\/wp-json\/wp\/v2\/posts\/269765\/revisions\/269769"}],"wp:featuredmedia":[{"embeddable":true,"href":"https:\/\/corrientesdetarde.com\/index.php\/wp-json\/wp\/v2\/media\/269768"}],"wp:attachment":[{"href":"https:\/\/corrientesdetarde.com\/index.php\/wp-json\/wp\/v2\/media?parent=269765"}],"wp:term":[{"taxonomy":"category","embeddable":true,"href":"https:\/\/corrientesdetarde.com\/index.php\/wp-json\/wp\/v2\/categories?post=269765"},{"taxonomy":"post_tag","embeddable":true,"href":"https:\/\/corrientesdetarde.com\/index.php\/wp-json\/wp\/v2\/tags?post=269765"}],"curies":[{"name":"wp","href":"https:\/\/api.w.org\/{rel}","templated":true}]}}