{"id":269776,"date":"2026-09-03T08:39:53","date_gmt":"2026-09-03T11:39:53","guid":{"rendered":"https:\/\/corrientesdetarde.com\/?p=269776"},"modified":"2026-09-03T08:40:05","modified_gmt":"2026-09-03T11:40:05","slug":"hola-soy-fiona-y-tengo-algo-muy-lindo-para-contarles-la-emotiva-historia-de-una-perra-rescatada-en-el-interior-de-corrientes","status":"publish","type":"post","link":"https:\/\/corrientesdetarde.com\/index.php\/sociales\/hola-soy-fiona-y-tengo-algo-muy-lindo-para-contarles-la-emotiva-historia-de-una-perra-rescatada-en-el-interior-de-corrientes\/","title":{"rendered":"&#8220;Hola, soy Fiona y tengo algo muy lindo para contarles\u2026&#8221;: la emotiva historia de una perra rescatada en el interior de Corrientes"},"content":{"rendered":"\n<p>La de Fiona es una historia emotiva y que deber\u00eda servir de ejemplo y perseverancia. Ella es una dulce perra de raza pitbull que sufri\u00f3 maltrato animal y que fue rescatada a tiempo. Fue a parar al Vivero Municipal de la comuna de Mocoret\u00e1, donde fue recibida como una reina. Parece haber encontrado su &#8220;lugar en el mundo&#8221;.&nbsp;<\/p>\n\n\n\n<p>En sus redes sociales, la comuna de Mocoret\u00e1 viraliz\u00f3 el caso de Fiona y la &#8220;hizo&#8221; escribir su historia.<\/p>\n\n\n\n<p>&#8220;Hace unos d\u00edas mi vida cambi\u00f3. Despu\u00e9s de atravesar una situaci\u00f3n de maltrato, llegu\u00e9 al Vivero Municipal, donde me recibieron para darme un lugar seguro mientras comenzaba una nueva etapa.<br>&nbsp;Pero hoy tengo una noticia todav\u00eda m\u00e1s especial: \u00a1la Municipalidad decidi\u00f3 adoptarme y este va a ser mi hogar!&#8221;, &#8220;escribi\u00f3&#8221; Fiona<\/p>\n\n\n\n<p>En primera persona,&nbsp; la simp\u00e1tica mascota agreg\u00f3: &#8220;Ac\u00e1 tengo personas que todos los d\u00edas se ocupan de m\u00ed, me dan mi comida, me cuidan y, sobre todo, me regalan much\u00edsimo cari\u00f1o. Durante el d\u00eda corro por el vivero, juego, exploro cada rinc\u00f3n y disfruto de todos los mimos que recibo de quienes pasan por ac\u00e1.&nbsp;Dicen que me adapt\u00e9 muy r\u00e1pido\u2026 pero creo que es porque enseguida entend\u00ed que estaba en un lugar donde me quieren.Ahora el Vivero Municipal no es solamente el lugar donde estoy de tr\u00e1nsito. Es mi casa. Y parece que tambi\u00e9n consegu\u00ed un nuevo trabajo: recibir con mucha alegr\u00eda a todos los que vienen a visitarnos&#8221;<\/p>\n\n\n\n<p>&#8220;Mi historia empieza una nueva etapa, rodeada de cuidado, respeto y mucho amor&#8221;, agreg\u00f3.<\/p>\n","protected":false},"excerpt":{"rendered":"<p>La de Fiona es una historia emotiva y que deber\u00eda servir de ejemplo y perseverancia. Ella es una dulce perra de raza pitbull que sufri\u00f3 maltrato animal y que fue&hellip; <\/p>\n","protected":false},"author":4,"featured_media":269797,"comment_status":"closed","ping_status":"open","sticky":false,"template":"","format":"standard","meta":{"footnotes":""},"categories":[17],"tags":[],"class_list":["post-269776","post","type-post","status-publish","format-standard","has-post-thumbnail","hentry","category-sociales"],"_links":{"self":[{"href":"https:\/\/corrientesdetarde.com\/index.php\/wp-json\/wp\/v2\/posts\/269776","targetHints":{"allow":["GET"]}}],"collection":[{"href":"https:\/\/corrientesdetarde.com\/index.php\/wp-json\/wp\/v2\/posts"}],"about":[{"href":"https:\/\/corrientesdetarde.com\/index.php\/wp-json\/wp\/v2\/types\/post"}],"author":[{"embeddable":true,"href":"https:\/\/corrientesdetarde.com\/index.php\/wp-json\/wp\/v2\/users\/4"}],"replies":[{"embeddable":true,"href":"https:\/\/corrientesdetarde.com\/index.php\/wp-json\/wp\/v2\/comments?post=269776"}],"version-history":[{"count":1,"href":"https:\/\/corrientesdetarde.com\/index.php\/wp-json\/wp\/v2\/posts\/269776\/revisions"}],"predecessor-version":[{"id":269798,"href":"https:\/\/corrientesdetarde.com\/index.php\/wp-json\/wp\/v2\/posts\/269776\/revisions\/269798"}],"wp:featuredmedia":[{"embeddable":true,"href":"https:\/\/corrientesdetarde.com\/index.php\/wp-json\/wp\/v2\/media\/269797"}],"wp:attachment":[{"href":"https:\/\/corrientesdetarde.com\/index.php\/wp-json\/wp\/v2\/media?parent=269776"}],"wp:term":[{"taxonomy":"category","embeddable":true,"href":"https:\/\/corrientesdetarde.com\/index.php\/wp-json\/wp\/v2\/categories?post=269776"},{"taxonomy":"post_tag","embeddable":true,"href":"https:\/\/corrientesdetarde.com\/index.php\/wp-json\/wp\/v2\/tags?post=269776"}],"curies":[{"name":"wp","href":"https:\/\/api.w.org\/{rel}","templated":true}]}}