{"id":269777,"date":"2026-09-03T07:55:30","date_gmt":"2026-09-03T10:55:30","guid":{"rendered":"https:\/\/corrientesdetarde.com\/?p=269777"},"modified":"2026-09-03T07:55:42","modified_gmt":"2026-09-03T10:55:42","slug":"caso-loan-walter-maciel-pidio-declarar-y-sera-el-primero-de-los-siete-imputados-en-romper-el-silencio","status":"publish","type":"post","link":"https:\/\/corrientesdetarde.com\/index.php\/policiales\/caso-loan-walter-maciel-pidio-declarar-y-sera-el-primero-de-los-siete-imputados-en-romper-el-silencio\/","title":{"rendered":"Caso Loan: Walter Maciel pidi\u00f3 declarar y ser\u00e1 el primero de los siete imputados en romper el silencio"},"content":{"rendered":"\n<p>El debate oral por la desaparici\u00f3n de Loan Pe\u00f1a retom\u00f3 este mi\u00e9rcoles con testimonios de efectivos de la Prefectura Naval Argentina. Durante la jornada tambi\u00e9n se confirm\u00f3 que el excomisario Walter Maciel declarar\u00e1 ante el tribunal el pr\u00f3ximo jueves.&nbsp;<\/p>\n\n\n\n<p>El juicio por la desaparici\u00f3n de&nbsp;<strong>Loan Danilo Pe\u00f1a<\/strong>&nbsp;retom\u00f3 este mi\u00e9rcoles sus audiencias con la declaraci\u00f3n de&nbsp;<strong>cuatro efectivos de la Prefectura Naval Argentina<\/strong>, quienes tuvieron participaci\u00f3n en distintos operativos de b\u00fasqueda y en la custodia de personas vinculadas con la investigaci\u00f3n.<\/p>\n\n\n\n<p>La jornada se desarroll\u00f3 luego de que la Justicia rechazara el planteo presentado por&nbsp;<strong>Enzo Di Tella<\/strong>, abogado defensor de Antonio Ben\u00edtez, quien hab\u00eda solicitado el apartamiento del presidente del Tribunal Oral Federal,&nbsp;<strong>Ferm\u00edn Amado Ceroleni<\/strong>.<\/p>\n\n\n\n<p>Al inicio de la audiencia, Ceroleni rechaz\u00f3 cualquier se\u00f1alamiento de parcialidad y defendi\u00f3 el desarrollo del debate.&nbsp;<strong>&#8220;Muy lejos estoy de tener animosidad con alguna de las partes&#8221;<\/strong>, sostuvo el magistrado, y remarc\u00f3 que durante el juicio&nbsp;<strong>&#8220;se garantiz\u00f3 el derecho de defensa a rajatabla&#8221;<\/strong>.<\/p>\n\n\n\n<p>Adem\u00e1s, destac\u00f3 que todas las instancias del debate quedan registradas y afirm\u00f3:&nbsp;<strong>&#8220;Nosotros no estamos para agradar a nadie, venimos a juzgar&#8221;<\/strong>.<\/p>\n\n\n\n<h3 class=\"wp-block-heading\">Los cuatro prefectos que declararon<\/h3>\n\n\n\n<p>Los testigos convocados para la jornada fueron&nbsp;<strong>Jos\u00e9 Gerardo Alfonzo, Carlos Cuevas, Mat\u00edas Ram\u00edrez y Gonzalo Avenda\u00f1o<\/strong>.<\/p>\n\n\n\n<p>Sus testimonios adquirieron especial relevancia debido a que integrantes de la Prefectura estuvieron a cargo de la custodia del&nbsp;<strong>hotel Despertar del Iber\u00e1<\/strong>, donde fueron alojados&nbsp;<strong>Macarena Pe\u00f1a y sus hermanos menores<\/strong>, junto con&nbsp;<strong>Camila N\u00fa\u00f1ez y su hija<\/strong>, luego de la desaparici\u00f3n de Loan.<\/p>\n\n\n\n<p>Se trata de personas que tuvieron contacto con algunos de los menores y adultos que estuvieron entre quienes vieron al ni\u00f1o por \u00faltima vez antes de su desaparici\u00f3n.<\/p>\n\n\n\n<p>El primero en declarar fue&nbsp;<strong>Jos\u00e9 Gerardo Alfonzo<\/strong>, quien relat\u00f3 que durante los primeros d\u00edas particip\u00f3 de los operativos de b\u00fasqueda y posteriormente cumpli\u00f3 funciones de custodia en el hotel y en la vivienda de Camila N\u00fa\u00f1ez.<\/p>\n\n\n\n<p>Sobre su tarea en el hotel, explic\u00f3 que recibi\u00f3 la orden de realizar una&nbsp;<strong>custodia perimetral<\/strong>&nbsp;y evitar que se registrara el interior del establecimiento debido a la presencia de menores.<\/p>\n\n\n\n<p>Alfonzo record\u00f3 que el frente del hotel ten\u00eda grandes ventanales, aunque indic\u00f3 que la visi\u00f3n hacia el interior estaba bloqueada con&nbsp;<strong>manteles y banners<\/strong>.<\/p>\n\n\n\n<p>Tambi\u00e9n relat\u00f3 que tuvo contacto con uno de los hombres alojados all\u00ed. Seg\u00fan su testimonio, alrededor de las 11 un hombre sali\u00f3 a fumar, convers\u00f3 con los prefectos y se present\u00f3 como&nbsp;<strong>&#8220;El Tucumano&#8221;<\/strong>, asegurando ser m\u00e9dico forense. El testigo habr\u00eda hecho referencia a&nbsp;<strong>Federico Rossi Colombo<\/strong>, se\u00f1alado en la causa por presunto entorpecimiento de la investigaci\u00f3n.<\/p>\n\n\n\n<p>Adem\u00e1s, se\u00f1al\u00f3 que sus compa\u00f1eros le hab\u00edan informado que en el hotel se encontraba una persona vinculada con&nbsp;<strong>Interpol<\/strong>, aunque aclar\u00f3 que \u00e9l no tuvo contacto con ella. Se tratar\u00eda de&nbsp;<strong>Nicol\u00e1s &#8220;El Americano&#8221; Soria<\/strong>, acusado de haberse presentado como integrante de esa organizaci\u00f3n internacional.<\/p>\n\n\n\n<p>Luego declar\u00f3&nbsp;<strong>Carlos Cuevas<\/strong>, quien explic\u00f3 que particip\u00f3 en dos tareas vinculadas con la causa: como custodio del hotel y en una b\u00fasqueda realizada en una laguna.<\/p>\n\n\n\n<p>Cuevas tambi\u00e9n estuvo de guardia en el&nbsp;<strong>Despertar del Iber\u00e1 el 7 de julio de 2024<\/strong>. Seg\u00fan relat\u00f3, al llegar recibi\u00f3 el relevo y fue informado de que dentro del establecimiento se encontraban Camila, Macarena y menores, adem\u00e1s de integrantes de una organizaci\u00f3n identificada como&nbsp;<strong>Fundaci\u00f3n Dupuy<\/strong>.<\/p>\n\n\n\n<h3 class=\"wp-block-heading\">&#8220;El Americano&#8221; visit\u00f3 la casa de Camila N\u00fa\u00f1ez<\/h3>\n\n\n\n<p>El tercer testigo fue&nbsp;<strong>Mat\u00edas Ram\u00edrez<\/strong>, efectivo que cumpli\u00f3 funciones de consigna en la casa de Camila N\u00fa\u00f1ez entre&nbsp;<strong>julio de 2024 y enero de 2025<\/strong>.<\/p>\n\n\n\n<p>Durante su declaraci\u00f3n, Ram\u00edrez mencion\u00f3 una visita de&nbsp;<strong>Nicol\u00e1s &#8220;El Americano&#8221; Soria<\/strong>&nbsp;a la vivienda.<\/p>\n\n\n\n<p>Seg\u00fan cont\u00f3, Soria lleg\u00f3 en un autom\u00f3vil, descendi\u00f3, se present\u00f3 ante los efectivos que estaban de custodia y mantuvo un breve di\u00e1logo con Camila desde la reja.<\/p>\n\n\n\n<p>El \u00faltimo testigo de la jornada fue&nbsp;<strong>Gonzalo Avenda\u00f1o<\/strong>, tambi\u00e9n integrante de Prefectura. El efectivo particip\u00f3 de la custodia del hotel el&nbsp;<strong>8 de julio de 2024<\/strong>&nbsp;y posteriormente pas\u00f3 a cumplir funciones en la vivienda de Camila N\u00fa\u00f1ez.<\/p>\n\n\n\n<h3 class=\"wp-block-heading\">Walter Maciel declarar\u00e1 la pr\u00f3xima semana<\/h3>\n\n\n\n<p>Durante la audiencia tambi\u00e9n hubo una novedad relevante respecto de uno de los principales acusados:&nbsp;<strong>Walter Maciel<\/strong>, excomisario de 9 de Julio, declarar\u00e1 ante el Tribunal Oral Federal el&nbsp;<strong>jueves de la pr\u00f3xima semana<\/strong>, seg\u00fan confirm\u00f3 su abogado,&nbsp;<strong>Richard Vallejos<\/strong>.<\/p>\n\n\n\n<p>Maciel era jefe de la comisar\u00eda de 9 de Julio cuando desapareci\u00f3 Loan y estuvo a cargo de coordinar parte del operativo inicial de b\u00fasqueda, adem\u00e1s de recibir los primeros testimonios.<\/p>\n\n\n\n<p>Con el avance de la investigaci\u00f3n, el excomisario qued\u00f3 se\u00f1alado por presuntas irregularidades en el procedimiento y actualmente enfrenta acusaciones vinculadas con la desaparici\u00f3n del ni\u00f1o.<\/p>\n\n\n\n<h3 class=\"wp-block-heading\">Marcelo Ponce asumi\u00f3 tambi\u00e9n la defensa de Pablo N\u00fa\u00f1ez<\/h3>\n\n\n\n<p>Otro de los movimientos registrados durante la jornada fue la presentaci\u00f3n de&nbsp;<strong>Marcelo Ponce<\/strong>, abogado de Nicol\u00e1s Soria, como nuevo defensor de&nbsp;<strong>Pablo N\u00fa\u00f1ez<\/strong>.<\/p>\n\n\n\n<p>N\u00fa\u00f1ez integra el grupo de imputados acusado de&nbsp;<strong>entorpecer la investigaci\u00f3n<\/strong>&nbsp;y es se\u00f1alado como uno de los supuestos integrantes de la Fundaci\u00f3n Dupuy que lleg\u00f3 a 9 de Julio despu\u00e9s de la desaparici\u00f3n de Loan.<\/p>\n\n\n\n<p>Su anterior abogado,&nbsp;<strong>Mart\u00edn Castillo<\/strong>, fue detenido en Buenos Aires en una causa por presuntos v\u00ednculos con una organizaci\u00f3n narcocriminal de Rosario.<\/p>\n\n\n\n<p>De acuerdo con la investigaci\u00f3n, Pablo N\u00fa\u00f1ez habr\u00eda sido presentado ante el entorno de Loan como psic\u00f3logo para acompa\u00f1ar a uno de los menores que hab\u00eda sido testigo directo de los hechos ocurridos en la zona del naranjal.<\/p>\n\n\n\n<h3 class=\"wp-block-heading\">Daniel &#8220;Fierrito&#8221; Ram\u00edrez no estuvo en la sala<\/h3>\n\n\n\n<p>Finalmente,&nbsp;<strong>Daniel &#8220;Fierrito&#8221; Ram\u00edrez<\/strong>, uno de los imputados por su presunta participaci\u00f3n en la desaparici\u00f3n de Loan, no pudo ser trasladado al&nbsp;<strong>Escuadr\u00f3n 48 de Gendarmer\u00eda<\/strong>, donde se desarrolla el juicio.<\/p>\n\n\n\n<p>Seg\u00fan se inform\u00f3, el acusado no estuvo presente en la sala debido a&nbsp;<strong>un problema de salud<\/strong>.<\/p>\n\n\n\n<p>El debate continuar\u00e1 con nuevas declaraciones testimoniales y tendr\u00e1 como uno de sus momentos de mayor expectativa la presentaci\u00f3n de&nbsp;<strong>Walter Maciel<\/strong>, quien la pr\u00f3xima semana deber\u00e1 responder ante el tribunal sobre su actuaci\u00f3n durante las primeras horas y d\u00edas posteriores a la desaparici\u00f3n de Loan.<\/p>\n","protected":false},"excerpt":{"rendered":"<p>El debate oral por la desaparici\u00f3n de Loan Pe\u00f1a retom\u00f3 este mi\u00e9rcoles con testimonios de efectivos de la Prefectura Naval Argentina. Durante la jornada tambi\u00e9n se confirm\u00f3 que el excomisario&hellip; <\/p>\n","protected":false},"author":4,"featured_media":269778,"comment_status":"closed","ping_status":"open","sticky":false,"template":"","format":"standard","meta":{"footnotes":""},"categories":[33],"tags":[],"class_list":["post-269777","post","type-post","status-publish","format-standard","has-post-thumbnail","hentry","category-policiales"],"_links":{"self":[{"href":"https:\/\/corrientesdetarde.com\/index.php\/wp-json\/wp\/v2\/posts\/269777","targetHints":{"allow":["GET"]}}],"collection":[{"href":"https:\/\/corrientesdetarde.com\/index.php\/wp-json\/wp\/v2\/posts"}],"about":[{"href":"https:\/\/corrientesdetarde.com\/index.php\/wp-json\/wp\/v2\/types\/post"}],"author":[{"embeddable":true,"href":"https:\/\/corrientesdetarde.com\/index.php\/wp-json\/wp\/v2\/users\/4"}],"replies":[{"embeddable":true,"href":"https:\/\/corrientesdetarde.com\/index.php\/wp-json\/wp\/v2\/comments?post=269777"}],"version-history":[{"count":1,"href":"https:\/\/corrientesdetarde.com\/index.php\/wp-json\/wp\/v2\/posts\/269777\/revisions"}],"predecessor-version":[{"id":269779,"href":"https:\/\/corrientesdetarde.com\/index.php\/wp-json\/wp\/v2\/posts\/269777\/revisions\/269779"}],"wp:featuredmedia":[{"embeddable":true,"href":"https:\/\/corrientesdetarde.com\/index.php\/wp-json\/wp\/v2\/media\/269778"}],"wp:attachment":[{"href":"https:\/\/corrientesdetarde.com\/index.php\/wp-json\/wp\/v2\/media?parent=269777"}],"wp:term":[{"taxonomy":"category","embeddable":true,"href":"https:\/\/corrientesdetarde.com\/index.php\/wp-json\/wp\/v2\/categories?post=269777"},{"taxonomy":"post_tag","embeddable":true,"href":"https:\/\/corrientesdetarde.com\/index.php\/wp-json\/wp\/v2\/tags?post=269777"}],"curies":[{"name":"wp","href":"https:\/\/api.w.org\/{rel}","templated":true}]}}