{"id":269780,"date":"2026-09-03T07:57:06","date_gmt":"2026-09-03T10:57:06","guid":{"rendered":"https:\/\/corrientesdetarde.com\/?p=269780"},"modified":"2026-09-03T07:57:18","modified_gmt":"2026-09-03T10:57:18","slug":"jueves-con-cielo-despejado-y-noche-ventosa-el-pronostico-para-este-3-de-septiembre-en-corrientes","status":"publish","type":"post","link":"https:\/\/corrientesdetarde.com\/index.php\/locales\/jueves-con-cielo-despejado-y-noche-ventosa-el-pronostico-para-este-3-de-septiembre-en-corrientes\/","title":{"rendered":"Jueves con cielo despejado y noche ventosa: el pron\u00f3stico para este 3 de septiembre en Corrientes"},"content":{"rendered":"\n<p>La ciudad de Corrientes comienza este jueves 3 de septiembre con condiciones de tiempo estable, ambiente templado y visibilidad reducida en las primeras horas debido a la niebla. De acuerdo con los datos oficiales del Servicio Meteorol\u00f3gico Nacional (SMN), se espera una jornada agradable, con cielo completamente despejado hacia la tarde y un incremento en la intensidad del viento hacia el final del d\u00eda.<\/p>\n\n\n\n<p>A las 6 de la ma\u00f1ana, la capital correntina registr\u00f3 una temperatura de&nbsp;<strong>17.1 \u00b0C<\/strong>, bajo un cielo&nbsp;<strong>algo nublado<\/strong>. En ese momento, la humedad se situ\u00f3 en el&nbsp;<strong>89%<\/strong>, con vientos del sector&nbsp;<strong>Noreste a 8 km\/h<\/strong>&nbsp;y una visibilidad horizontal de&nbsp;<strong>10 kil\u00f3metros<\/strong>. La presi\u00f3n atmosf\u00e9rica marc\u00f3&nbsp;<strong>1002.8 hPa<\/strong>. Para hoy, la salida del sol se registr\u00f3 a las&nbsp;<strong>07:07<\/strong>&nbsp;y su puesta se prev\u00e9 para las&nbsp;<strong>18:43<\/strong>.<\/p>\n\n\n\n<p><strong>Por la ma\u00f1ana<\/strong>, la temperatura se ubicar\u00e1 en torno a los&nbsp;<strong>14 \u00b0C<\/strong>. Se prev\u00e9 la presencia de&nbsp;<strong>niebla<\/strong>&nbsp;en la zona, con una probabilidad de lluvias completamente nula (<strong>0%<\/strong>) y vientos del sector&nbsp;<strong>Norte (N)<\/strong>&nbsp;de entre 13 y 22 km\/h.<\/p>\n\n\n\n<p><strong>Por la tarde<\/strong>, se alcanzar\u00e1 la temperatura m\u00e1xima prevista de&nbsp;<strong>28 \u00b0C<\/strong>. El cielo se presentar\u00e1 completamente&nbsp;<strong>despejado<\/strong>&nbsp;y los vientos rotar\u00e1n hacia el sector&nbsp;<strong>Noroeste (NO)<\/strong>, manteniendo una velocidad de entre 13 y 22 km\/h, sin probabilidad de lluvias (0%).<\/p>\n\n\n\n<p><strong>Por la noche<\/strong>, el term\u00f3metro descender\u00e1 hasta los&nbsp;<strong>21 \u00b0C<\/strong>. El cielo estar\u00e1&nbsp;<strong>algo nublado<\/strong>&nbsp;y se anticipa un desmejoramiento en las condiciones del viento, que soplar\u00e1 desde el sector&nbsp;<strong>Sudeste (SE)<\/strong>&nbsp;con una velocidad de entre 13 y 22 km\/h y&nbsp;<strong>r\u00e1fagas que podr\u00edan alcanzar velocidades de entre 42 y 50 km\/h<\/strong>. La probabilidad de precipitaciones se mantendr\u00e1 en 0%.<\/p>\n\n\n\n<h3 class=\"wp-block-heading\"><strong>PRON\u00d3STICO EXTENDIDO<\/strong><\/h3>\n\n\n\n<p>De acuerdo al informe del organismo nacional para los pr\u00f3ximos siete d\u00edas, se anticipa un desmejoramiento temporario de cara al viernes, seguido de un&nbsp;<strong>marcado descenso de la temperatura<\/strong>&nbsp;hacia el fin de semana:<\/p>\n\n\n\n<ul class=\"wp-block-list\">\n<li><strong>Viernes 4:<\/strong>\u00a0Se espera una jornada inestable, con registros t\u00e9rmicos que oscilar\u00e1n entre una m\u00ednima de 14 \u00b0C y una m\u00e1xima de\u00a0<strong>23 \u00b0C<\/strong>. Durante la ma\u00f1ana se prev\u00e9 una baja probabilidad de\u00a0<strong>lluvias aisladas<\/strong>\u00a0(10-40% de probabilidad), mejorando hacia la tarde con cielo algo nublado y vientos del sector Sur.<\/li>\n\n\n\n<li><strong>S\u00e1bado 5:<\/strong>\u00a0Las condiciones de tiempo volver\u00e1n a estabilizarse. Se prev\u00e9 una m\u00ednima de 12 \u00b0C y una m\u00e1xima de\u00a0<strong>20 \u00b0C<\/strong>, con cielo algo nublado y vientos del sector Sudeste de entre 13 y 22 km\/h.<\/li>\n\n\n\n<li><strong>Domingo 6:<\/strong>\u00a0Se sentir\u00e1 con fuerza el ingreso de una masa de aire fr\u00edo, provocando un\u00a0<strong>marcado descenso t\u00e9rmico<\/strong>. La temperatura m\u00ednima caer\u00e1 hasta los\u00a0<strong>8 \u00b0C<\/strong>, mientras que la m\u00e1xima llegar\u00e1 a apenas\u00a0<strong>16 \u00b0C<\/strong>\u00a0bajo un cielo algo nublado y vientos constantes del sector Sudeste.<\/li>\n\n\n\n<li><strong>Lunes 7:<\/strong>\u00a0Se anticipa la ma\u00f1ana m\u00e1s fr\u00eda de la semana, con una temperatura m\u00ednima de apenas\u00a0<strong>7 \u00b0C<\/strong>\u00a0y una m\u00e1xima que llegar\u00e1 a los\u00a0<strong>18 \u00b0C<\/strong>\u00a0bajo un cielo algo nublado y vientos persistentes del Sudeste.<\/li>\n\n\n\n<li><strong>Martes 8:<\/strong>\u00a0Comenzar\u00e1 un lento y paulatino ascenso de temperatura, estim\u00e1ndose registros entre una m\u00ednima de 9 \u00b0C y una m\u00e1xima de\u00a0<strong>21 \u00b0C<\/strong>\u00a0con cielo algo nublado.<\/li>\n\n\n\n<li><strong>Mi\u00e9rcoles 9:<\/strong>\u00a0La jornada se presentar\u00e1 agradable y templada, con una m\u00ednima de 14 \u00b0C y una m\u00e1xima de\u00a0<strong>23 \u00b0C<\/strong>\u00a0bajo condiciones de cielo algo nublado.<\/li>\n<\/ul>\n","protected":false},"excerpt":{"rendered":"<p>La ciudad de Corrientes comienza este jueves 3 de septiembre con condiciones de tiempo estable, ambiente templado y visibilidad reducida en las primeras horas debido a la niebla. De acuerdo&hellip; <\/p>\n","protected":false},"author":4,"featured_media":269781,"comment_status":"closed","ping_status":"open","sticky":false,"template":"","format":"standard","meta":{"footnotes":""},"categories":[29,8],"tags":[],"class_list":["post-269780","post","type-post","status-publish","format-standard","has-post-thumbnail","hentry","category-clima","category-locales"],"_links":{"self":[{"href":"https:\/\/corrientesdetarde.com\/index.php\/wp-json\/wp\/v2\/posts\/269780","targetHints":{"allow":["GET"]}}],"collection":[{"href":"https:\/\/corrientesdetarde.com\/index.php\/wp-json\/wp\/v2\/posts"}],"about":[{"href":"https:\/\/corrientesdetarde.com\/index.php\/wp-json\/wp\/v2\/types\/post"}],"author":[{"embeddable":true,"href":"https:\/\/corrientesdetarde.com\/index.php\/wp-json\/wp\/v2\/users\/4"}],"replies":[{"embeddable":true,"href":"https:\/\/corrientesdetarde.com\/index.php\/wp-json\/wp\/v2\/comments?post=269780"}],"version-history":[{"count":1,"href":"https:\/\/corrientesdetarde.com\/index.php\/wp-json\/wp\/v2\/posts\/269780\/revisions"}],"predecessor-version":[{"id":269782,"href":"https:\/\/corrientesdetarde.com\/index.php\/wp-json\/wp\/v2\/posts\/269780\/revisions\/269782"}],"wp:featuredmedia":[{"embeddable":true,"href":"https:\/\/corrientesdetarde.com\/index.php\/wp-json\/wp\/v2\/media\/269781"}],"wp:attachment":[{"href":"https:\/\/corrientesdetarde.com\/index.php\/wp-json\/wp\/v2\/media?parent=269780"}],"wp:term":[{"taxonomy":"category","embeddable":true,"href":"https:\/\/corrientesdetarde.com\/index.php\/wp-json\/wp\/v2\/categories?post=269780"},{"taxonomy":"post_tag","embeddable":true,"href":"https:\/\/corrientesdetarde.com\/index.php\/wp-json\/wp\/v2\/tags?post=269780"}],"curies":[{"name":"wp","href":"https:\/\/api.w.org\/{rel}","templated":true}]}}