{"id":269783,"date":"2026-09-03T08:10:55","date_gmt":"2026-09-03T11:10:55","guid":{"rendered":"https:\/\/corrientesdetarde.com\/?p=269783"},"modified":"2026-09-03T08:11:07","modified_gmt":"2026-09-03T11:11:07","slug":"ocho-balazos-cocaina-y-una-red-narco-el-clan-godoy-llega-a-juicio-en-corrientes","status":"publish","type":"post","link":"https:\/\/corrientesdetarde.com\/index.php\/policiales\/ocho-balazos-cocaina-y-una-red-narco-el-clan-godoy-llega-a-juicio-en-corrientes\/","title":{"rendered":"Ocho balazos, coca\u00edna y una red narco: el clan Godoy llega a juicio en Corrientes"},"content":{"rendered":"\n<p>El Tribunal Oral Federal de Corrientes iniciar\u00e1 el debate contra seis integrantes de una organizaci\u00f3n acusada de ingresar coca\u00edna y marihuana desde Rosario para distribuirlas en Goya. La investigaci\u00f3n tambi\u00e9n detect\u00f3 un importante movimiento de bienes, veh\u00edculos y animales que podr\u00eda estar vinculado al lavado de dinero.<\/p>\n\n\n\n<p>Este viernes comenzar\u00e1 en el&nbsp;<strong>Tribunal Oral Federal de Corrientes<\/strong>&nbsp;el juicio contra integrantes del denominado&nbsp;<strong>clan Godoy<\/strong>, una organizaci\u00f3n que, seg\u00fan la investigaci\u00f3n, habr\u00eda trasladado droga desde&nbsp;<strong>Rosario<\/strong>&nbsp;hacia&nbsp;<strong>Goya<\/strong>&nbsp;para abastecer una red de comercializaci\u00f3n al menudeo.<\/p>\n\n\n\n<p>La causa tiene como figura central a&nbsp;<strong>Omar Alberto &#8220;Pino&#8221; Godoy<\/strong>, se\u00f1alado como el l\u00edder de la organizaci\u00f3n, aunque no llegar\u00e1 al juicio: muri\u00f3 en octubre de 2022 tras recibir&nbsp;<strong>ocho disparos<\/strong>&nbsp;en una emboscada ocurrida en las inmediaciones de Rosario.<\/p>\n\n\n\n<p>Su muerte estuvo vinculada, de acuerdo con la investigaci\u00f3n, a una disputa narco derivada del denominado&nbsp;<strong>triple crimen de Ibarlucea<\/strong>, ocurrido luego de una boda y atribuido a una organizaci\u00f3n criminal de Rosario.<\/p>\n\n\n\n<p>La investigaci\u00f3n que alcanz\u00f3 al grupo en Corrientes comenz\u00f3 mientras Godoy todav\u00eda era seguido por la Justicia Federal de Goya. Los pesquisas sostienen que hab\u00eda construido en la ciudad una estructura que permit\u00eda sostener econ\u00f3micamente a su familia mediante las ganancias obtenidas del narcotr\u00e1fico.<\/p>\n\n\n\n<p>No era la primera vez que Godoy quedaba bajo la lupa de la Justicia. En&nbsp;<strong>octubre de 2016 fue detenido con 102 kilos de marihuana<\/strong>&nbsp;en el peaje del puente General Belgrano y posteriormente recibi\u00f3 una condena de cuatro a\u00f1os y medio de prisi\u00f3n de la Justicia Federal del Chaco.<\/p>\n\n\n\n<h3 class=\"wp-block-heading\">Los roles dentro de la organizaci\u00f3n<\/h3>\n\n\n\n<p>De acuerdo con el expediente, la organizaci\u00f3n comenz\u00f3 a operar en Goya aproximadamente a mediados de 2022 y fue desarticulada hacia fines de 2023.<\/p>\n\n\n\n<p>Tras la muerte de &#8220;Pino&#8221;, sus hijos&nbsp;<strong>Pedro Natanael Godoy y Emanuel Marcelo &#8220;Colifa&#8221; Godoy<\/strong>&nbsp;habr\u00edan asumido el liderazgo. Ambos eran se\u00f1alados como los encargados de trasladar los estupefacientes desde Rosario hacia Goya. &#8220;Colifa&#8221; permanece pr\u00f3fugo junto con&nbsp;<strong>Gerardo Roque Luis M\u00e9ndez<\/strong>, quien habr\u00eda cumplido funciones de custodia.<\/p>\n\n\n\n<p><strong>Natanael Godoy<\/strong>, quien adem\u00e1s cuenta con una condena dictada en Rosario por tentativa de homicidio agravado por el uso de arma de fuego, llegar\u00e1 al juicio acusado de tenencia de estupefacientes con fines de comercializaci\u00f3n, en calidad de organizador y financiador.<\/p>\n\n\n\n<p>Su pareja,&nbsp;<strong>Romina Victoria Machuca<\/strong>, oriunda de Goya, habr\u00eda tenido entre sus funciones la negociaci\u00f3n de inmuebles y veh\u00edculos y el cambio de d\u00f3lares.<\/p>\n\n\n\n<p>Por su parte,&nbsp;<strong>Emilse Godoy y Felipe Fern\u00e1ndez<\/strong>&nbsp;habr\u00edan comercializado drogas desde su domicilio y, seg\u00fan la investigaci\u00f3n, tambi\u00e9n interven\u00edan en operaciones vinculadas con inmuebles, campos y animales.<\/p>\n\n\n\n<p><strong>Juana Julia Godoy y Eduardo Nicol\u00e1s Nicoletti<\/strong>&nbsp;est\u00e1n acusados de cumplir tareas de revendedores y posibles acopiadores, mientras que&nbsp;<strong>Diego Mart\u00edn Sotelo<\/strong>, sobrino de &#8220;Pino&#8221;, habr\u00eda actuado como revendedor.<\/p>\n\n\n\n<h3 class=\"wp-block-heading\">Investigan el patrimonio del clan<\/h3>\n\n\n\n<p>Otra de las l\u00edneas de la investigaci\u00f3n estuvo relacionada con el posible&nbsp;<strong>lavado de dinero proveniente del narcotr\u00e1fico<\/strong>.<\/p>\n\n\n\n<p>Los investigadores detectaron un importante patrimonio compuesto por&nbsp;<strong>inmuebles, veh\u00edculos, motocicletas y lanchas<\/strong>, adem\u00e1s de movimientos vinculados con la actividad agropecuaria.<\/p>\n\n\n\n<p>Tambi\u00e9n se habr\u00eda determinado la compra de animales para su posterior comercializaci\u00f3n dentro del circuito ganadero. Entre los bienes vinculados a la familia figuraba adem\u00e1s un predio rural en cercan\u00edas de&nbsp;<strong>Colonia Carolina<\/strong>.<\/p>\n\n\n\n<h3 class=\"wp-block-heading\">Qui\u00e9nes ser\u00e1n juzgados<\/h3>\n\n\n\n<p>El debate alcanzar\u00e1 a&nbsp;<strong>Natanael Godoy, Romina Machuca, Juana Godoy, Eduardo Nicoletti y Diego Sotelo<\/strong>, acusados por delitos vinculados al narcotr\u00e1fico, con agravantes relacionados con la cantidad de integrantes de la organizaci\u00f3n.<\/p>\n\n\n\n<p><strong>Emilse Godoy y Felipe Fern\u00e1ndez<\/strong>, en tanto, no estar\u00e1n en el debate oral porque admitieron los cargos y accedieron a un&nbsp;<strong>juicio abreviado<\/strong>. La situaci\u00f3n de Emilse reviste particular inter\u00e9s, ya que a\u00f1os atr\u00e1s hab\u00eda sido detenida con&nbsp;<strong>42 kilos de marihuana<\/strong>&nbsp;en el peaje de Riachuelo, sobre la Ruta Nacional 12.<\/p>\n\n\n\n<p>El Tribunal estar\u00e1 presidido por&nbsp;<strong>Ferm\u00edn Amado Ceroleni<\/strong>, mientras que la acusaci\u00f3n estar\u00e1 a cargo del fiscal&nbsp;<strong>Carlos Schaefer<\/strong>. La investigaci\u00f3n que deriv\u00f3 en el juicio fue impulsada desde el Juzgado Federal de Goya por la jueza&nbsp;<strong>Cristina Pozzer Penzo<\/strong>&nbsp;y el fiscal&nbsp;<strong>Mariano De Guzm\u00e1n<\/strong>.<\/p>\n","protected":false},"excerpt":{"rendered":"<p>El Tribunal Oral Federal de Corrientes iniciar\u00e1 el debate contra seis integrantes de una organizaci\u00f3n acusada de ingresar coca\u00edna y marihuana desde Rosario para distribuirlas en Goya. La investigaci\u00f3n tambi\u00e9n&hellip; <\/p>\n","protected":false},"author":4,"featured_media":269784,"comment_status":"closed","ping_status":"open","sticky":false,"template":"","format":"standard","meta":{"footnotes":""},"categories":[33],"tags":[],"class_list":["post-269783","post","type-post","status-publish","format-standard","has-post-thumbnail","hentry","category-policiales"],"_links":{"self":[{"href":"https:\/\/corrientesdetarde.com\/index.php\/wp-json\/wp\/v2\/posts\/269783","targetHints":{"allow":["GET"]}}],"collection":[{"href":"https:\/\/corrientesdetarde.com\/index.php\/wp-json\/wp\/v2\/posts"}],"about":[{"href":"https:\/\/corrientesdetarde.com\/index.php\/wp-json\/wp\/v2\/types\/post"}],"author":[{"embeddable":true,"href":"https:\/\/corrientesdetarde.com\/index.php\/wp-json\/wp\/v2\/users\/4"}],"replies":[{"embeddable":true,"href":"https:\/\/corrientesdetarde.com\/index.php\/wp-json\/wp\/v2\/comments?post=269783"}],"version-history":[{"count":1,"href":"https:\/\/corrientesdetarde.com\/index.php\/wp-json\/wp\/v2\/posts\/269783\/revisions"}],"predecessor-version":[{"id":269785,"href":"https:\/\/corrientesdetarde.com\/index.php\/wp-json\/wp\/v2\/posts\/269783\/revisions\/269785"}],"wp:featuredmedia":[{"embeddable":true,"href":"https:\/\/corrientesdetarde.com\/index.php\/wp-json\/wp\/v2\/media\/269784"}],"wp:attachment":[{"href":"https:\/\/corrientesdetarde.com\/index.php\/wp-json\/wp\/v2\/media?parent=269783"}],"wp:term":[{"taxonomy":"category","embeddable":true,"href":"https:\/\/corrientesdetarde.com\/index.php\/wp-json\/wp\/v2\/categories?post=269783"},{"taxonomy":"post_tag","embeddable":true,"href":"https:\/\/corrientesdetarde.com\/index.php\/wp-json\/wp\/v2\/tags?post=269783"}],"curies":[{"name":"wp","href":"https:\/\/api.w.org\/{rel}","templated":true}]}}