{"id":269786,"date":"2026-09-03T08:12:44","date_gmt":"2026-09-03T11:12:44","guid":{"rendered":"https:\/\/corrientesdetarde.com\/?p=269786"},"modified":"2026-09-03T08:12:55","modified_gmt":"2026-09-03T11:12:55","slug":"valdes-expondra-sobre-corrientes-en-la-cumbre-economica-que-cerrara-milei","status":"publish","type":"post","link":"https:\/\/corrientesdetarde.com\/index.php\/actualidad\/valdes-expondra-sobre-corrientes-en-la-cumbre-economica-que-cerrara-milei\/","title":{"rendered":"Vald\u00e9s expondr\u00e1 sobre Corrientes en la cumbre econ\u00f3mica que cerrar\u00e1 Milei"},"content":{"rendered":"\n<p>El mandatario correntino integrar\u00e1 este viernes un panel en Puerto Iguaz\u00fa junto a sus pares de Misiones, Mendoza y Catamarca. Presentar\u00e1 la oferta exportadora de Corrientes y plantear\u00e1 reclamos vinculados con la energ\u00eda y la Zona Fr\u00eda. Javier Milei ser\u00e1 el encargado de cerrar la Convenci\u00f3n Anual del IAEF.&nbsp;<\/p>\n\n\n\n<p>El gobernador de Corrientes,&nbsp;<strong>Juan Pablo Vald\u00e9s<\/strong>, viajar\u00e1 este viernes a&nbsp;<strong>Misiones<\/strong>&nbsp;para participar de la&nbsp;<strong>47\u00aa Convenci\u00f3n Anual del Instituto Argentino de Ejecutivos de Finanzas (IAEF)<\/strong>, que reunir\u00e1 en Puerto Iguaz\u00fa a empresarios, referentes del sector econ\u00f3mico y funcionarios nacionales y provinciales.<\/p>\n\n\n\n<p>Vald\u00e9s ser\u00e1 parte de un panel junto a los gobernadores&nbsp;<strong>Hugo Passalacqua<\/strong>, de Misiones;&nbsp;<strong>Alfredo Cornejo<\/strong>, de Mendoza; y&nbsp;<strong>Ra\u00fal Jalil<\/strong>, de Catamarca. El encuentro se desarrollar\u00e1 en el&nbsp;<strong>hotel Loi Suites<\/strong>&nbsp;y tendr\u00e1 entre sus principales ejes el rol de las provincias frente a las reformas econ\u00f3micas y productivas impulsadas por el Gobierno nacional.<\/p>\n\n\n\n<p>Durante su exposici\u00f3n, el mandatario correntino har\u00e1 hincapi\u00e9 en la&nbsp;<strong>oferta exportadora de la provincia<\/strong>&nbsp;y destacar\u00e1 las pol\u00edticas aplicadas para favorecer la actividad econ\u00f3mica, entre ellas la&nbsp;<strong>al\u00edcuota cero de Ingresos Brutos<\/strong>&nbsp;que rige en Corrientes para determinadas actividades.<\/p>\n\n\n\n<p>El panel tambi\u00e9n ser\u00e1 escenario para que los gobernadores planteen demandas comunes de las provincias del Norte. Entre ellas estar\u00e1 el pedido de avanzar con el tratamiento de la&nbsp;<strong>ley de Zona Fr\u00eda<\/strong>, adem\u00e1s del reclamo por una&nbsp;<strong>tarifa energ\u00e9tica diferenciada<\/strong>&nbsp;que tenga en cuenta las elevadas temperaturas que caracterizan a la regi\u00f3n.<\/p>\n\n\n\n<h3 class=\"wp-block-heading\">Milei cerrar\u00e1 la convenci\u00f3n<\/h3>\n\n\n\n<p>La jornada tendr\u00e1 como principal figura al presidente&nbsp;<strong>Javier Milei<\/strong>, quien llegar\u00e1 este viernes a&nbsp;<strong>Puerto Iguaz\u00fa<\/strong>&nbsp;para participar del cierre de la cumbre econ\u00f3mica.<\/p>\n\n\n\n<p>Su exposici\u00f3n est\u00e1 prevista para las&nbsp;<strong>18.15<\/strong>, luego de las distintas actividades programadas durante la jornada. Ser\u00e1, adem\u00e1s, la&nbsp;<strong>primera visita de Milei a Misiones desde que asumi\u00f3 la Presidencia<\/strong>.<\/p>\n\n\n\n<p>En declaraciones a la prensa, Vald\u00e9s descart\u00f3 que tenga previsto mantener una reuni\u00f3n con el jefe de Estado durante su estad\u00eda en la provincia vecina. Por lo tanto, su participaci\u00f3n estar\u00e1 concentrada en el panel que compartir\u00e1 con los otros mandatarios provinciales.<\/p>\n\n\n\n<h3 class=\"wp-block-heading\">Ministros nacionales y referentes econ\u00f3micos<\/h3>\n\n\n\n<p>La&nbsp;<strong>47\u00aa Convenci\u00f3n Anual del IAEF<\/strong>&nbsp;es uno de los principales encuentros econ\u00f3micos del calendario de la entidad y contar\u00e1 con la participaci\u00f3n de funcionarios nacionales, gobernadores y representantes del sector privado.<\/p>\n\n\n\n<p>Entre los integrantes del gabinete nacional que participar\u00e1n se encuentran el ministro de Econom\u00eda,&nbsp;<strong>Luis Caputo<\/strong>; el ministro de Desregulaci\u00f3n y Transformaci\u00f3n del Estado,&nbsp;<strong>Federico Sturzenegger<\/strong>; y el secretario de Relaciones Exteriores,&nbsp;<strong>Pablo Quirno<\/strong>.<\/p>\n\n\n\n<p>El programa comenzar\u00e1 con la exposici\u00f3n del vicepresidente del&nbsp;<strong>Banco Central, Vladimir Werning<\/strong>, y continuar\u00e1 con la participaci\u00f3n de Sturzenegger.<\/p>\n\n\n\n<p>La presencia de Vald\u00e9s en el encuentro le permitir\u00e1 presentar la perspectiva de Corrientes ante empresarios y referentes financieros, con especial \u00e9nfasis en las&nbsp;<strong>exportaciones, la competitividad provincial y los costos energ\u00e9ticos<\/strong>, adem\u00e1s de los reclamos que las provincias de la regi\u00f3n mantienen ante la Naci\u00f3n.<\/p>\n","protected":false},"excerpt":{"rendered":"<p>El mandatario correntino integrar\u00e1 este viernes un panel en Puerto Iguaz\u00fa junto a sus pares de Misiones, Mendoza y Catamarca. Presentar\u00e1 la oferta exportadora de Corrientes y plantear\u00e1 reclamos vinculados&hellip; <\/p>\n","protected":false},"author":4,"featured_media":269787,"comment_status":"closed","ping_status":"open","sticky":false,"template":"","format":"standard","meta":{"footnotes":""},"categories":[23],"tags":[],"class_list":["post-269786","post","type-post","status-publish","format-standard","has-post-thumbnail","hentry","category-actualidad"],"_links":{"self":[{"href":"https:\/\/corrientesdetarde.com\/index.php\/wp-json\/wp\/v2\/posts\/269786","targetHints":{"allow":["GET"]}}],"collection":[{"href":"https:\/\/corrientesdetarde.com\/index.php\/wp-json\/wp\/v2\/posts"}],"about":[{"href":"https:\/\/corrientesdetarde.com\/index.php\/wp-json\/wp\/v2\/types\/post"}],"author":[{"embeddable":true,"href":"https:\/\/corrientesdetarde.com\/index.php\/wp-json\/wp\/v2\/users\/4"}],"replies":[{"embeddable":true,"href":"https:\/\/corrientesdetarde.com\/index.php\/wp-json\/wp\/v2\/comments?post=269786"}],"version-history":[{"count":1,"href":"https:\/\/corrientesdetarde.com\/index.php\/wp-json\/wp\/v2\/posts\/269786\/revisions"}],"predecessor-version":[{"id":269788,"href":"https:\/\/corrientesdetarde.com\/index.php\/wp-json\/wp\/v2\/posts\/269786\/revisions\/269788"}],"wp:featuredmedia":[{"embeddable":true,"href":"https:\/\/corrientesdetarde.com\/index.php\/wp-json\/wp\/v2\/media\/269787"}],"wp:attachment":[{"href":"https:\/\/corrientesdetarde.com\/index.php\/wp-json\/wp\/v2\/media?parent=269786"}],"wp:term":[{"taxonomy":"category","embeddable":true,"href":"https:\/\/corrientesdetarde.com\/index.php\/wp-json\/wp\/v2\/categories?post=269786"},{"taxonomy":"post_tag","embeddable":true,"href":"https:\/\/corrientesdetarde.com\/index.php\/wp-json\/wp\/v2\/tags?post=269786"}],"curies":[{"name":"wp","href":"https:\/\/api.w.org\/{rel}","templated":true}]}}