{"id":269791,"date":"2026-09-03T08:23:38","date_gmt":"2026-09-03T11:23:38","guid":{"rendered":"https:\/\/corrientesdetarde.com\/?p=269791"},"modified":"2026-09-03T08:23:42","modified_gmt":"2026-09-03T11:23:42","slug":"el-gobierno-lanzo-un-plan-de-accion-para-el-abordaje-integral-de-la-salud-mental-y-la-prevencion-del-suicidio","status":"publish","type":"post","link":"https:\/\/corrientesdetarde.com\/index.php\/actualidad\/el-gobierno-lanzo-un-plan-de-accion-para-el-abordaje-integral-de-la-salud-mental-y-la-prevencion-del-suicidio\/","title":{"rendered":"El Gobierno lanz\u00f3 un plan de acci\u00f3n para el abordaje integral de la salud mental y la prevenci\u00f3n del suicidio"},"content":{"rendered":"\n<p>En el marco de la primera Mesa interministerial de Salud Mental, las carteras de Capital Humano, Salud y Seguridad delinearon un plan de acci\u00f3n coordinado.<\/p>\n\n\n\n<p id=\"p-1788368083489-5841\">Con el prop\u00f3sito de robustecer el alcance de las pol\u00edticas preventivas y optimizar la construcci\u00f3n de datos epidemiol\u00f3gicos, autoridades de los ministerios de&nbsp;<strong>Capital Humano, de Salud y de Seguridad de la Naci\u00f3n<\/strong>&nbsp;llevaron a cabo la primera Mesa interministerial de Salud Mental.<\/p>\n\n\n\n<p id=\"p-1788368171888-62907\">El c\u00f3nclave sirvi\u00f3 para articular un cronograma de acciones federales enfocado en la prevenci\u00f3n de la conducta suicida, el bienestar emocional y el fortalecimiento de la asistencia temprana en distintos sectores de la comunidad.<\/p>\n\n\n\n<p id=\"p-1788368083489-33836\">Durante el encuentro \u2014encabezado por el ministro de Salud,&nbsp;<strong>Mario Lugones<\/strong>, y la ministra de Seguridad,&nbsp;<strong>Alejandra Monteoliva<\/strong>\u2014 se oficializaron los ejes centrales de un abordaje interministerial que ya registra avances concretos en materia de articulaci\u00f3n institucional y control de datos.<\/p>\n\n\n\n<h2 class=\"wp-block-heading\">Educaci\u00f3n emocional adolescente y vigilancia sanitaria<\/h2>\n\n\n\n<p id=\"p-1788368083489-50280\">Por parte del Ministerio de Capital Humano, se present\u00f3 la&nbsp;<strong>Estrategia Federal en Adolescencia<\/strong>, dise\u00f1ada en conjunto con la cartera sanitaria para mejorar la identificaci\u00f3n temprana y el acompa\u00f1amiento de problem\u00e1ticas de desarrollo emocional en las escuelas. Su implementaci\u00f3n inicial abarcar\u00e1 a las provincias de&nbsp;<strong>Mendoza, Tucum\u00e1n, Chaco, San Juan y Chubut<\/strong>.<\/p>\n\n\n\n<p id=\"p-1788368192290-58002\">Asimismo, se difundi\u00f3 un documento con recomendaciones para el abordaje de la conducta suicida en el \u00e1mbito universitario, el cual ser\u00e1 presentado este mes en un congreso de la Asociaci\u00f3n de Facultades de Ciencias M\u00e9dicas (AFACIMERA).<\/p>\n\n\n\n<p id=\"p-1788368083489-98462\">En paralelo, la cartera sanitaria exhibi\u00f3 los progresos logrados en la vigilancia de intentos de suicidio a trav\u00e9s del Sistema Nacional de Vigilancia de Salud (SNVS 2.0), destacando que durante tres de los primeros seis meses de 2026 todas las jurisdicciones del pa\u00eds notificaron sus registros, alcanzando adem\u00e1s un r\u00e9cord de 246 establecimientos activos en el circuito de reporte.<\/p>\n\n\n\n<h2 class=\"wp-block-heading\">Capacitaci\u00f3n para fuerzas de seguridad y prevenci\u00f3n de consumos problem\u00e1ticos<\/h2>\n\n\n\n<p id=\"p-1788368083489-57847\">En sinton\u00eda con el Convenio Marco firmado el a\u00f1o pasado entre Salud y Seguridad, se detall\u00f3 la marcha del&nbsp;<strong>Programa de Formaci\u00f3n de Promotores de la Salud Mental<\/strong>, orientado a capacitar al personal de las Fuerzas Federales y provinciales en la detecci\u00f3n de indicadores de riesgo y cambios conductuales en compa\u00f1eros.<\/p>\n\n\n\n<p id=\"p-1788368198612-50142\">El esquema tambi\u00e9n contempla talleres espec\u00edficos sobre consumos problem\u00e1ticos, incluyendo adicciones a sustancias, alcohol, juego digital y apuestas online.<\/p>\n\n\n\n<p id=\"p-1788368083489-91302\">Finalmente, el Ministerio de Seguridad expuso los protocolos implementados para el control preventivo de sustancias \u2014asesorados por la SEDRONAR\u2014 y el funcionamiento del Dispositivo de Uso Racional de la Fuerza, destinado a mitigar el estr\u00e9s postraum\u00e1tico y la ansiedad en efectivos expuestos a situaciones cr\u00edticas de violencia.<\/p>\n\n\n\n<p id=\"p-1788368083489-34854\">De la reuni\u00f3n tambi\u00e9n participaron destacados funcionarios de las tres carteras, entre ellos los secretarios Sa\u00fal Flores y Mart\u00edn Siracusa, y los subsecretarios Arnoldo Scherrer Vivas, junto a directores nacionales de las \u00e1reas t\u00e9cnicas involucradas.<\/p>\n","protected":false},"excerpt":{"rendered":"<p>En el marco de la primera Mesa interministerial de Salud Mental, las carteras de Capital Humano, Salud y Seguridad delinearon un plan de acci\u00f3n coordinado. Con el prop\u00f3sito de robustecer&hellip; <\/p>\n","protected":false},"author":4,"featured_media":269792,"comment_status":"closed","ping_status":"open","sticky":false,"template":"","format":"standard","meta":{"footnotes":""},"categories":[23],"tags":[],"class_list":["post-269791","post","type-post","status-publish","format-standard","has-post-thumbnail","hentry","category-actualidad"],"_links":{"self":[{"href":"https:\/\/corrientesdetarde.com\/index.php\/wp-json\/wp\/v2\/posts\/269791","targetHints":{"allow":["GET"]}}],"collection":[{"href":"https:\/\/corrientesdetarde.com\/index.php\/wp-json\/wp\/v2\/posts"}],"about":[{"href":"https:\/\/corrientesdetarde.com\/index.php\/wp-json\/wp\/v2\/types\/post"}],"author":[{"embeddable":true,"href":"https:\/\/corrientesdetarde.com\/index.php\/wp-json\/wp\/v2\/users\/4"}],"replies":[{"embeddable":true,"href":"https:\/\/corrientesdetarde.com\/index.php\/wp-json\/wp\/v2\/comments?post=269791"}],"version-history":[{"count":1,"href":"https:\/\/corrientesdetarde.com\/index.php\/wp-json\/wp\/v2\/posts\/269791\/revisions"}],"predecessor-version":[{"id":269793,"href":"https:\/\/corrientesdetarde.com\/index.php\/wp-json\/wp\/v2\/posts\/269791\/revisions\/269793"}],"wp:featuredmedia":[{"embeddable":true,"href":"https:\/\/corrientesdetarde.com\/index.php\/wp-json\/wp\/v2\/media\/269792"}],"wp:attachment":[{"href":"https:\/\/corrientesdetarde.com\/index.php\/wp-json\/wp\/v2\/media?parent=269791"}],"wp:term":[{"taxonomy":"category","embeddable":true,"href":"https:\/\/corrientesdetarde.com\/index.php\/wp-json\/wp\/v2\/categories?post=269791"},{"taxonomy":"post_tag","embeddable":true,"href":"https:\/\/corrientesdetarde.com\/index.php\/wp-json\/wp\/v2\/tags?post=269791"}],"curies":[{"name":"wp","href":"https:\/\/api.w.org\/{rel}","templated":true}]}}