{"id":269796,"date":"2026-09-03T12:13:58","date_gmt":"2026-09-03T15:13:58","guid":{"rendered":"https:\/\/corrientesdetarde.com\/?p=269796"},"modified":"2026-09-03T12:14:10","modified_gmt":"2026-09-03T15:14:10","slug":"a-traves-de-fodin-el-gobierno-de-corrientes-asiste-a-mas-de-35-proyectos-industriales","status":"publish","type":"post","link":"https:\/\/corrientesdetarde.com\/index.php\/destacados\/a-traves-de-fodin-el-gobierno-de-corrientes-asiste-a-mas-de-35-proyectos-industriales\/","title":{"rendered":"A trav\u00e9s de FODIN, el Gobierno de Corrientes asiste a m\u00e1s de 35 proyectos industriales"},"content":{"rendered":"\n<p><em>La asistencia financiera FODIN alcanza a empresas de toda la provincia en Capital, Empedrado; Mercedes; Bella Vista; Goya; Ituzaing\u00f3; Mocret\u00e1; Ber\u00f3n de Astrada; Esquina; Paso de la Patria; Paso de los Libres; Riachuelo; San Carlos; Santa Rosa; y Tapebicu\u00e1.<\/em><\/p>\n\n\n\n<p>Entre lo que va de este a\u00f1o y 2025, el Gobierno de Corrientes asisti\u00f3 a m\u00e1s de 35 empresas en distintas localidades. La ayuda se ejecuta a trav\u00e9s del Fondo de Desarrollo Industrial (FODIN), herramienta financiera oficial creada para promover y desarrollar la actividad industrial de la provincia.<\/p>\n\n\n\n<p>Este fondo es una herramienta financiera oficial creada en Corrientes para promover y desarrollar la actividad industrial de la provincia, otorgando apoyo financiero para relocalizaci\u00f3n de empresas en parques industriales, innovaci\u00f3n en procesos productivos, tecnolog\u00eda, y contrataci\u00f3n de personal.&nbsp;<\/p>\n\n\n\n<p>Los proyectos asistidos al momento se localizan en la ciudad Capital; Empedrado; Mercedes; Bella Vista; Goya; Ituzaing\u00f3, y en Mocret\u00e1. Las dem\u00e1s empresas est\u00e1n en: Ber\u00f3n de Astrada; Esquina; Paso de la Patria; Paso de los Libres; Riachuelo; San Carlos; Santa Rosa; y Tapebicu\u00e1.<\/p>\n\n\n\n<figure class=\"wp-block-image size-full\"><img loading=\"lazy\" decoding=\"async\" width=\"601\" height=\"797\" src=\"https:\/\/corrientesdetarde.com\/wp-content\/uploads\/2026\/09\/image-54.png\" alt=\"\" class=\"wp-image-269825\" srcset=\"https:\/\/corrientesdetarde.com\/wp-content\/uploads\/2026\/09\/image-54.png 601w, https:\/\/corrientesdetarde.com\/wp-content\/uploads\/2026\/09\/image-54-226x300.png 226w\" sizes=\"auto, (max-width: 601px) 100vw, 601px\" \/><\/figure>\n\n\n\n<p>&#8211;<\/p>\n\n\n\n<p><strong>Algunos beneficiarios<\/strong><\/p>\n\n\n\n<p>&#8211;<\/p>\n\n\n\n<p>Los proyectos industriales asistidos en Capital: \u201cProducci\u00f3n de Maltas Especiales Corrientes\u201d, de R\u00edo Paran\u00e1 Maltas. \u201cInversi\u00f3n productiva en Hoteler\u00eda y Polo Gastron\u00f3mico Boulevard de la Costa\u201d, de GINSA SA. &nbsp;\u201cInstalaci\u00f3n en Parque Industrial Santa Catalina Industria de Alimentos y Productos Saludables\u201d, de GR\u00dcNEN. &nbsp;\u201cInnovaci\u00f3n de Maquinaria para Industria Textil- Bordadora\u201d, de COTEX SRL. \u201cLa Calandria\u201d Aumento de la capacidad de producci\u00f3n, Incorporaci\u00f3n de equipos codificadores, de LORGUD SRL; y, \u201cIncorporaci\u00f3n de cuatro tornos \u2013 alfareros modelo cerrado, \u201cCrudem\u201d, fabricaci\u00f3n de productos cer\u00e1micos, de Lorena Itat\u00ed Bustos.<\/p>\n\n\n\n<p>Por otra parte, tambi\u00e9n el proyecto \u201cEco Tarag\u00fci Procesamiento de Botellas PET y PEA destinados a la industria Pl\u00e1stica\u201d, de Diego Iv\u00e1n Franco Lancinas; y, Maquinaria-impresora-flexogr\u00e1fica y laminadora, de\u201d Iberia Industria Gr\u00e1fica SA\u201d; \u201cConfecci\u00f3n de uniformes y prendas de vestir, compra de m\u00e1quinas industriales actualizaci\u00f3n de tecnolog\u00eda de\u201d Cuadrille SRL\u201d , &nbsp;\u201cMejora de calidad y ampliaci\u00f3n productiva, para lograr nuevos mercados de lata y mayor volumen de producci\u00f3n\u201d, de Mart\u00edn Jorge Morel.<\/p>\n\n\n\n<p>\u201cSeraf\u00edn Caf\u00e9, micro-tostadero de caf\u00e9 de especialidad, con servicios en Corrientes y en Resistencia\u201d, m\u00e1quina para aumentar la capacidad de tostado, de Cayeta SRL. \u201cIncorporaci\u00f3n de maquinaria para aumento de productividad, en la elaboraci\u00f3n de pre-mezclas proteicas, de One Two Fit SAS; \u201cMaquina Fabricadora de Hielo\u201d, sector alimenticio, de CISCO SA. \u201cIncorporaci\u00f3n de maquinaria con nueva tecnolog\u00eda, para fabricaci\u00f3n de muebles en MDF\u201d, de Luciano Terada.<\/p>\n\n\n\n<figure class=\"wp-block-image size-full\"><img loading=\"lazy\" decoding=\"async\" width=\"606\" height=\"807\" src=\"https:\/\/corrientesdetarde.com\/wp-content\/uploads\/2026\/09\/image-55.png\" alt=\"\" class=\"wp-image-269826\" srcset=\"https:\/\/corrientesdetarde.com\/wp-content\/uploads\/2026\/09\/image-55.png 606w, https:\/\/corrientesdetarde.com\/wp-content\/uploads\/2026\/09\/image-55-225x300.png 225w\" sizes=\"auto, (max-width: 606px) 100vw, 606px\" \/><\/figure>\n\n\n\n<p>&#8211;<\/p>\n\n\n\n<p><strong>En el interior<\/strong><\/p>\n\n\n\n<p>&#8211;<\/p>\n\n\n\n<p>En Ber\u00f3n de Astrada, \u201cSecadero\u201d, de Yvoty SA, una de las firmas principales en la producci\u00f3n de arroz en la provincia, y con un plan de expansi\u00f3n a diez a\u00f1os para lograr un producto de primera calidad, enfocado en el mercado externo.<\/p>\n\n\n\n<p>\u201cFabricaci\u00f3n de tablas y tirantes para tableros, pallets, muebles, viviendas en madera de Pino y Eucalipto\u201d, de Garup\u00e1 SRL en Riachuelo.<\/p>\n\n\n\n<p>\u201cIncorporaci\u00f3n de Software de Gesti\u00f3n Integral (ERP)\u201d, de NORFOR SA, en San Carlos. \u201cCargadora Frontal con acople r\u00e1pido y garra forestal\u201d, m\u00e1quina destinada al manejo stocks tanto de insumos (rollos de madera) como de subproductos del proceso productivo (chip y aserr\u00edn), de Todo Pallet SRL, en Santa Rosa.<\/p>\n\n\n\n<p>\u201cTramonto atardecer del Paran\u00e1 Hotel y Restaurante\u201d, plantas contenedoras de suelo para la barrancas y lector de tarjeta para las habitaciones, de Hotel Tramonto, en Empedrado.<\/p>\n\n\n\n<p>Maquinaria para el proyecto \u201cInstalaci\u00f3n de Planta Elaboradora de Alimentos Balanceado y Readecuaci\u00f3n de Granja para Ganado Porcino\u201d, de NPORK SAS en Empedrado.<\/p>\n\n\n\n<p>\u201cInversiones realizadas en la l\u00ednea de tratamiento de fruta y el sistema de riego\u201d, de CORPAG SRL, en Empedrado.<\/p>\n\n\n\n<p>\u201cNueva estaci\u00f3n de servicio de bandera ubicada en un lugar estrat\u00e9gico\u201d, proyecto por el cual se solicit\u00f3 subsidio de tasa de inter\u00e9s de cr\u00e9dito otorgado por el Banco de Corrientes para finalizar obra, de Roberto Obreg\u00f3n, en Tapebicu\u00e1.<\/p>\n\n\n\n<p>Por otra parte, incorporaci\u00f3n de maquinaria con nueva tecnolog\u00eda, para el proyecto \u201cAmpliaci\u00f3n productiva y actualizaci\u00f3n tecnol\u00f3gica\u201d, de NEA TEX SA, en Bella Vista.<\/p>\n\n\n\n<p>\u201cAdquisici\u00f3n de m\u00e1quina secadora de arroz y silo de almacenamiento. Aumento de la capacidad de secado y almacenaje de arroz concepto de ANR\u201d, de Pablo M\u00f3rtola, en Bella Vista.<\/p>\n\n\n\n<p>\u201cIntegraci\u00f3n de la cadena de elaboraci\u00f3n, preparaci\u00f3n y envasado de arroz para mercado interno\u201d, mediante la incorporaci\u00f3n de una envasadora de paquetes de 1 kilo y de 1\/2 kilo, para la expansi\u00f3n de la empresa ITALVARROZ SRL. Ubicada en el Parque Industrial de Mercedes.<\/p>\n\n\n\n<p>\u201cCorte al Paso Carnes\u201d, incorporaci\u00f3n de c\u00e1mara de congelados, de Mart\u00edn Vizcaychipi, en Mercedes.<\/p>\n\n\n\n<p>Parque Industrial de Mercedes&nbsp; \u201cInstalaci\u00f3n l\u00ednea de Aserradero, y relocalizaci\u00f3n de la firma en el Parque\u201d, de Christian Paolo Giovenale.<\/p>\n\n\n\n<p>\u201cIncorporaci\u00f3n de nueva tecnolog\u00eda, c\u00e1mara de fr\u00edo para mantener y prolongar la calidad de la fruta. M\u00e1quina de proceso de frutas c\u00edtricas\u201d, de Gabriel Zandon\u00e1, en Mocoret\u00e1.<\/p>\n\n\n\n<p>\u201cRelocalizaci\u00f3n de la Planta Industrial e Incorporaci\u00f3n de personal en el Sector Industrial de Frutas C\u00edtricas\u201d, de Agropecuaria Frutas Don Omar, en Mocoret\u00e1.<\/p>\n\n\n\n<p>Madeper SRL, \u201cAmpliaci\u00f3n de Capacidad Productiva -Aserradero Mocoret\u00e1\u201d<\/p>\n\n\n\n<p>Pinares del NEA SRL. \u201cInstalaci\u00f3n de una planta industrial de procesamiento de la madera en el Parque Industrial de Ituzaing\u00f3.\u201d Incorporaci\u00f3n de maquinaria.<\/p>\n\n\n\n<p>\u201cIndustrializaci\u00f3n de la madera: fabricaci\u00f3n de muebles. Incorporaci\u00f3n de m\u00e1quinas\u201d, de Baztan SRL, en Ituzaing\u00f3.<\/p>\n\n\n\n<p>\u201cIndustrializaci\u00f3n de Productos Madereros. Incorporaci\u00f3n de maquinaria\u201d, de MIX SRL, en Goya.<\/p>\n\n\n\n<p>\u201cSector Alimenticio. Planta de Alimento Balanceado\u201d, de Oscar Correa, en Parque Industrial de Goya.<\/p>\n\n\n\n<p>\u201cRelocalizaci\u00f3n y ampliaci\u00f3n de Planta\u201d, industrial forestal de Carpal SA, en Paso de los Libres.<\/p>\n\n\n\n<p>\u201cGanadero \u2013 C\u00e1rnico, Gr\u00faa Hidr\u00e1ulica\u201d, de Agro Bel SAS, en Esquina<\/p>\n\n\n\n<p>En Paso de la Patria, contrataci\u00f3n de personal, quince nuevas altas, para proyecto: \u201cConfecci\u00f3n de prendas de vestir AL DESING &amp; CONFECTION SAS\u201d<\/p>\n","protected":false},"excerpt":{"rendered":"<p>La asistencia financiera FODIN alcanza a empresas de toda la provincia en Capital, Empedrado; Mercedes; Bella Vista; Goya; Ituzaing\u00f3; Mocret\u00e1; Ber\u00f3n de Astrada; Esquina; Paso de la Patria; Paso de&hellip; <\/p>\n","protected":false},"author":4,"featured_media":269827,"comment_status":"closed","ping_status":"open","sticky":false,"template":"","format":"standard","meta":{"footnotes":""},"categories":[26],"tags":[],"class_list":["post-269796","post","type-post","status-publish","format-standard","has-post-thumbnail","hentry","category-destacados"],"_links":{"self":[{"href":"https:\/\/corrientesdetarde.com\/index.php\/wp-json\/wp\/v2\/posts\/269796","targetHints":{"allow":["GET"]}}],"collection":[{"href":"https:\/\/corrientesdetarde.com\/index.php\/wp-json\/wp\/v2\/posts"}],"about":[{"href":"https:\/\/corrientesdetarde.com\/index.php\/wp-json\/wp\/v2\/types\/post"}],"author":[{"embeddable":true,"href":"https:\/\/corrientesdetarde.com\/index.php\/wp-json\/wp\/v2\/users\/4"}],"replies":[{"embeddable":true,"href":"https:\/\/corrientesdetarde.com\/index.php\/wp-json\/wp\/v2\/comments?post=269796"}],"version-history":[{"count":1,"href":"https:\/\/corrientesdetarde.com\/index.php\/wp-json\/wp\/v2\/posts\/269796\/revisions"}],"predecessor-version":[{"id":269828,"href":"https:\/\/corrientesdetarde.com\/index.php\/wp-json\/wp\/v2\/posts\/269796\/revisions\/269828"}],"wp:featuredmedia":[{"embeddable":true,"href":"https:\/\/corrientesdetarde.com\/index.php\/wp-json\/wp\/v2\/media\/269827"}],"wp:attachment":[{"href":"https:\/\/corrientesdetarde.com\/index.php\/wp-json\/wp\/v2\/media?parent=269796"}],"wp:term":[{"taxonomy":"category","embeddable":true,"href":"https:\/\/corrientesdetarde.com\/index.php\/wp-json\/wp\/v2\/categories?post=269796"},{"taxonomy":"post_tag","embeddable":true,"href":"https:\/\/corrientesdetarde.com\/index.php\/wp-json\/wp\/v2\/tags?post=269796"}],"curies":[{"name":"wp","href":"https:\/\/api.w.org\/{rel}","templated":true}]}}