{"id":269799,"date":"2026-09-03T08:45:28","date_gmt":"2026-09-03T11:45:28","guid":{"rendered":"https:\/\/corrientesdetarde.com\/?p=269799"},"modified":"2026-09-03T08:45:39","modified_gmt":"2026-09-03T11:45:39","slug":"comienza-el-juicio-contra-un-medico-de-santo-tome-por-matar-un-perro-de-un-balazo","status":"publish","type":"post","link":"https:\/\/corrientesdetarde.com\/index.php\/sociales\/comienza-el-juicio-contra-un-medico-de-santo-tome-por-matar-un-perro-de-un-balazo\/","title":{"rendered":"Comienza el juicio contra un m\u00e9dico de Santo Tom\u00e9 por matar un perro de un balazo"},"content":{"rendered":"\n<p>Fuentes judiciales confirmaron que hoy se&nbsp; inicia un debate oral en el que estar\u00e1 en el banquillo de los acusados un reconocido profesional de la medicina de Santo Tom\u00e9 imputado por matar a un perro en la zona rural denominada \u00abLa Curtiembre\u00bb . Se trata del m\u00e9dico cl\u00ednico&nbsp; Ra\u00fal Gomez , dedicado a la medicina durante d\u00e9cadas en la localidad, especialmente en el hospital San Juan Bautista.<\/p>\n\n\n\n<p>Fuentes judiciales confirmaron que hoy se&nbsp; inicia un debate oral en el que estar\u00e1 en el banquillo de los acusados un reconocido profesional de la medicina de Santo Tom\u00e9 imputado por matar a un perro en la zona rural denominada \u00abLa Curtiembre\u00bb . Se trata del m\u00e9dico cl\u00ednico&nbsp; Ra\u00fal Gomez , dedicado a la medicina durante d\u00e9cadas en la localidad, especialmente en el hospital San Juan Bautista.<\/p>\n\n\n\n<p>Seg\u00fan las fuentes el juicio est\u00e1 previsto para este jueves 3 y viernes 4\/09 en el Tribunal Oral Penal de Santo Tom\u00e9 y estar\u00e1 conducido por el Magistrado Dr. Francisco Ramos, por la parte acusatoria estar\u00e1 a cargo del Fiscal Rural de Santo Tom\u00e9 Dr. Martin Leiva.<\/p>\n\n\n\n<p>En el debate total ser\u00edan 5 los testigos que pasar\u00edan por el estrado , entre vecinos,&nbsp; los due\u00f1os del can, polic\u00edas que participaron en los procedimientos etc. Ra\u00fal Gomez est\u00e1 acusado de dos delitos,<strong>&nbsp;maltrato animal en concurso real&nbsp; y tenencia de arma de fuego<\/strong>, y la pena solicitada ser\u00eda entre un a\u00f1o y un a\u00f1o y medio en suspenso. El juicio contra Gomez se enmarca entre los pocos que llegan a juicio oral, dado que la mayor\u00eda de los hechos de maltrato animal va a juicio abreviado.<\/p>\n\n\n\n<p><strong>EL CASO<\/strong><\/p>\n\n\n\n<p>La muerte de Rocko, un perro que habr\u00eda sido baleado en dos oportunidades, la \u00faltima de ellas el 24 de diciembre hecho que lo llev\u00f3 a su muerte, tiene como presunto autor de los disparos a un medico de 71 a\u00f1os.&nbsp; Los hechos se registraron en julio de 2025 y nuevamente en la \u00faltima Nochebuena .<\/p>\n\n\n\n<p>Seg\u00fan relatos de los due\u00f1os del perro, Rocko sobrevivi\u00f3 al primer ataque \u2014un balazo en la cabeza\u2014 tras permanecer internado en una veterinaria, pero no logr\u00f3 superar las graves lesiones sufridas en la segunda agresi\u00f3n.<\/p>\n\n\n\n<p>El conflicto se agrav\u00f3 cuando los due\u00f1os del animal se acercaron al domicilio del m\u00e9dico para pedir explicaciones. Seg\u00fan el relato familiar, el profesional se encontraba cortando el pasto cuando se produjo una discusi\u00f3n que termin\u00f3 en una agresi\u00f3n f\u00edsica.<\/p>\n\n\n\n<p>La abogada animalista Liliana G\u00f3mez, representante legal de la familia, confirm\u00f3 que se encuentra preparando la querella por crueldad animal y la defensa de la familia damnificada.<\/p>\n\n\n\n<p>\u00abRocko estuvo dos d\u00edas internado, y el veterinario, que no le da muchas esperanzas de que se salve el animal, le sugiere a los propietarios llevarlo a domicilio y continuar all\u00ed las atenciones. Ya llevaban m\u00e1s de 300 mil pesos gastados desde su \u00faltima agresi\u00f3n, y por cuestiones econ\u00f3micas deciden llevarlo a su casa, donde el animalito fallece. Seg\u00fan indic\u00f3 el m\u00e9dico veterinario, el proyectil hizo un recorrido en zigzag por el organismo del animal\u00bb, explic\u00f3 la abogada.<\/p>\n","protected":false},"excerpt":{"rendered":"<p>Fuentes judiciales confirmaron que hoy se&nbsp; inicia un debate oral en el que estar\u00e1 en el banquillo de los acusados un reconocido profesional de la medicina de Santo Tom\u00e9 imputado&hellip; <\/p>\n","protected":false},"author":4,"featured_media":269800,"comment_status":"closed","ping_status":"open","sticky":false,"template":"","format":"standard","meta":{"footnotes":""},"categories":[17],"tags":[],"class_list":["post-269799","post","type-post","status-publish","format-standard","has-post-thumbnail","hentry","category-sociales"],"_links":{"self":[{"href":"https:\/\/corrientesdetarde.com\/index.php\/wp-json\/wp\/v2\/posts\/269799","targetHints":{"allow":["GET"]}}],"collection":[{"href":"https:\/\/corrientesdetarde.com\/index.php\/wp-json\/wp\/v2\/posts"}],"about":[{"href":"https:\/\/corrientesdetarde.com\/index.php\/wp-json\/wp\/v2\/types\/post"}],"author":[{"embeddable":true,"href":"https:\/\/corrientesdetarde.com\/index.php\/wp-json\/wp\/v2\/users\/4"}],"replies":[{"embeddable":true,"href":"https:\/\/corrientesdetarde.com\/index.php\/wp-json\/wp\/v2\/comments?post=269799"}],"version-history":[{"count":1,"href":"https:\/\/corrientesdetarde.com\/index.php\/wp-json\/wp\/v2\/posts\/269799\/revisions"}],"predecessor-version":[{"id":269801,"href":"https:\/\/corrientesdetarde.com\/index.php\/wp-json\/wp\/v2\/posts\/269799\/revisions\/269801"}],"wp:featuredmedia":[{"embeddable":true,"href":"https:\/\/corrientesdetarde.com\/index.php\/wp-json\/wp\/v2\/media\/269800"}],"wp:attachment":[{"href":"https:\/\/corrientesdetarde.com\/index.php\/wp-json\/wp\/v2\/media?parent=269799"}],"wp:term":[{"taxonomy":"category","embeddable":true,"href":"https:\/\/corrientesdetarde.com\/index.php\/wp-json\/wp\/v2\/categories?post=269799"},{"taxonomy":"post_tag","embeddable":true,"href":"https:\/\/corrientesdetarde.com\/index.php\/wp-json\/wp\/v2\/tags?post=269799"}],"curies":[{"name":"wp","href":"https:\/\/api.w.org\/{rel}","templated":true}]}}