{"id":269802,"date":"2026-09-03T09:01:01","date_gmt":"2026-09-03T12:01:01","guid":{"rendered":"https:\/\/corrientesdetarde.com\/?p=269802"},"modified":"2026-09-03T09:01:08","modified_gmt":"2026-09-03T12:01:08","slug":"robo-en-un-comercio-y-amenazo-con-un-cuchillo-a-la-empleada-fue-detenida","status":"publish","type":"post","link":"https:\/\/corrientesdetarde.com\/index.php\/policiales\/robo-en-un-comercio-y-amenazo-con-un-cuchillo-a-la-empleada-fue-detenida\/","title":{"rendered":"Rob\u00f3 en un comercio y amenaz\u00f3 con un cuchillo a la empleada: fue detenida\u00a0"},"content":{"rendered":"\n<p>La Comisar\u00eda Primera de Goya intervino ante un hecho de robo agravado por el uso de arma blanca, ocurrido durante el mediod\u00eda de ayer en un local comercial ubicado por calle Espa\u00f1a al 400 de esta ciudad.&nbsp;<\/p>\n\n\n\n<p>De acuerdo con la denuncia, una mujer habr\u00eda ingresado al comercio y, empu\u00f1ando un arma blanca, sustrajo prendas de vestir y otros elementos, para luego darse a la fuga.<\/p>\n\n\n\n<p>A partir de las tareas investigativas y el an\u00e1lisis de las secuencias f\u00edlmicas, personal policial logr\u00f3 identificar a la presunta autora del hecho y posteriormente concret\u00f3 su aprehensi\u00f3n.<\/p>\n\n\n\n<p>La mujer fue trasladada al Hospital Zonal de Goya, donde qued\u00f3 internada para recibir atenci\u00f3n m\u00e9dica, permaneciendo bajo custodia de personal policial femenino, conforme a las disposiciones correspondientes.<\/p>\n\n\n\n<p>La investigaci\u00f3n contin\u00faa con intervenci\u00f3n de la autoridad judicial competente, a fin de esclarecer totalmente las circunstancias del hecho.<\/p>\n","protected":false},"excerpt":{"rendered":"<p>La Comisar\u00eda Primera de Goya intervino ante un hecho de robo agravado por el uso de arma blanca, ocurrido durante el mediod\u00eda de ayer en un local comercial ubicado por&hellip; <\/p>\n","protected":false},"author":4,"featured_media":269805,"comment_status":"closed","ping_status":"open","sticky":false,"template":"","format":"standard","meta":{"footnotes":""},"categories":[33],"tags":[],"class_list":["post-269802","post","type-post","status-publish","format-standard","has-post-thumbnail","hentry","category-policiales"],"_links":{"self":[{"href":"https:\/\/corrientesdetarde.com\/index.php\/wp-json\/wp\/v2\/posts\/269802","targetHints":{"allow":["GET"]}}],"collection":[{"href":"https:\/\/corrientesdetarde.com\/index.php\/wp-json\/wp\/v2\/posts"}],"about":[{"href":"https:\/\/corrientesdetarde.com\/index.php\/wp-json\/wp\/v2\/types\/post"}],"author":[{"embeddable":true,"href":"https:\/\/corrientesdetarde.com\/index.php\/wp-json\/wp\/v2\/users\/4"}],"replies":[{"embeddable":true,"href":"https:\/\/corrientesdetarde.com\/index.php\/wp-json\/wp\/v2\/comments?post=269802"}],"version-history":[{"count":1,"href":"https:\/\/corrientesdetarde.com\/index.php\/wp-json\/wp\/v2\/posts\/269802\/revisions"}],"predecessor-version":[{"id":269806,"href":"https:\/\/corrientesdetarde.com\/index.php\/wp-json\/wp\/v2\/posts\/269802\/revisions\/269806"}],"wp:featuredmedia":[{"embeddable":true,"href":"https:\/\/corrientesdetarde.com\/index.php\/wp-json\/wp\/v2\/media\/269805"}],"wp:attachment":[{"href":"https:\/\/corrientesdetarde.com\/index.php\/wp-json\/wp\/v2\/media?parent=269802"}],"wp:term":[{"taxonomy":"category","embeddable":true,"href":"https:\/\/corrientesdetarde.com\/index.php\/wp-json\/wp\/v2\/categories?post=269802"},{"taxonomy":"post_tag","embeddable":true,"href":"https:\/\/corrientesdetarde.com\/index.php\/wp-json\/wp\/v2\/tags?post=269802"}],"curies":[{"name":"wp","href":"https:\/\/api.w.org\/{rel}","templated":true}]}}