{"id":269807,"date":"2026-09-03T09:18:11","date_gmt":"2026-09-03T12:18:11","guid":{"rendered":"https:\/\/corrientesdetarde.com\/?p=269807"},"modified":"2026-09-03T09:18:22","modified_gmt":"2026-09-03T12:18:22","slug":"juicio-por-loan-el-excomisario-maciel-pidio-hablar-ante-el-tribunal-y-contar-su-verdad","status":"publish","type":"post","link":"https:\/\/corrientesdetarde.com\/index.php\/crimen-y-justicia\/juicio-por-loan-el-excomisario-maciel-pidio-hablar-ante-el-tribunal-y-contar-su-verdad\/","title":{"rendered":"Juicio por Loan: el excomisario Maciel pidi\u00f3 hablar ante el Tribunal y contar su verdad"},"content":{"rendered":"\n<p>Ayer, el presidente del Tribunal dej\u00f3 en claro que el derecho de defensa fue garantizado. Un abogado solicit\u00f3 que declare un imputado y cuatro agentes de Prefectura Naval prestaron declaraci\u00f3n sobre la custodia en casa de Camila N\u00fa\u00f1ez y el hotel de 9 de Julio.<\/p>\n\n\n\n<p>La semana de audiencias por la desaparici\u00f3n de Loan Pe\u00f1a comenz\u00f3 con el testimonio de cuatro integrantes de Prefectura Naval. Sus guardias activas fueron en casa de Camila N\u00fa\u00f1ez y en el hotel &#8220;El despertar del Iber\u00e1&#8221; de la localidad de 9 de Julio, donde estuvieron alojados los diez imputados por entorpecer la investigaci\u00f3n.<\/p>\n\n\n\n<p>En la jornada de debate N\u00b023 no estuvo presente uno de los imputados, Daniel Ram\u00edrez. Su defensa present\u00f3 certificado m\u00e9dico y el doctor Marcelo Ponce, quien defiende a Nicol\u00e1s Soria, tom\u00f3 tambi\u00e9n el amparo de Pablo N\u00fa\u00f1ez cuyo abogado, Castillo, fue detenido el lunes pasado vinculado al narcotr\u00e1fico. Pero antes de escuchar al primer testigo, quien tom\u00f3 la palabra fue el presidente del tribunal, Ferm\u00edn Ceroleni, quien ente el pedido de recusaci\u00f3n sobre su persona, conocido d\u00edas atr\u00e1s, aclar\u00f3: &#8220;El sistema est\u00e1 grabando absolutamente todo lo que se dice y lo que se hace en el debate. Muy lejos est\u00e1 de mi parte tener animosidad con ninguna de las partes&#8221;. Y agreg\u00f3: &#8220;Se le dio la palabra a todos y he permitido un mont\u00f3n de situaciones, m\u00e1s all\u00e1 incluso de lo que prev\u00e9 la norma actual. Me he manejado en el marco del art\u00edculo 370 y concordantes del C\u00f3digo de Procedimiento&#8221;, se\u00f1al\u00f3.<\/p>\n\n\n\n<p>El juez insisti\u00f3 en que, desde su perspectiva, el derecho de defensa de los involucrados qued\u00f3 garantizado. &#8220;En eso, le vuelvo a repetir, el derecho de defensa ha quedado garantizado. Los jueces llamados a este juicio no venimos aqu\u00ed para agradar a nadie, venimos a juzgar. Eso es lo que estamos haciendo y seguiremos haciendo&#8221;, concluy\u00f3 para dar lugar a los testigos.<\/p>\n\n\n\n<p>El primero en hablar fue Jos\u00e9 Alfonzo, quien coment\u00f3 que realiz\u00f3 dos intervenciones en el marco del caso que lo llam\u00f3 a testimoniar, fue custodio en casa de Camila N\u00fa\u00f1ez y tambi\u00e9n fue asignado a la seguridad del hotel de 9 de Julio.<\/p>\n\n\n\n<p>Cont\u00f3 que el lugar ten\u00eda ventanales tapados con cortinas, manteles y banners. Las personas alojadas pertenec\u00edan a una fundaci\u00f3n y que se hospedaba una persona a quien conoc\u00edan como &#8220;el tucumano&#8221; y era m\u00e9dico forense, haciendo referencia a Nicol\u00e1s Soria.<\/p>\n\n\n\n<p>Explic\u00f3 que durante su guardia activa no not\u00f3 disturbios y que solo deb\u00eda, junto a su compa\u00f1ero, preservar la integridad de los menores que estaban en el hotel.<\/p>\n\n\n\n<p>Durante su custodia en casa de Camila record\u00f3 ver a Soria llevar algunas &#8220;cosas&#8221;, pero nunca en el tiempo que \u00e9l estuvo all\u00ed, cerca de diez meses, lo vio ingresar a la casa. &#8220;Siempre dejaba las cosas de la reja para afuera y hablaba con Camila&#8221;, dijo.<\/p>\n\n\n\n<p>A su turno, Javier Cuevas cont\u00f3 que custodi\u00f3 el hotel en la misma fecha que Alfonzo y adem\u00e1s le asignaron un rastrillaje en una laguna en el campo del paraje El Algarrobal.<\/p>\n\n\n\n<p>Coincidi\u00f3 con el anterior testigo en que Soria se identific\u00f3 como profesional forense. Record\u00f3 un almuerzo en el cual cocin\u00f3 el padre de Camila y que se realiz\u00f3 de manera normal sin nada que fuera &#8220;raro&#8221; a destacar.<\/p>\n\n\n\n<p>Tras un cuarto intermedio, lleg\u00f3 el turno de Mat\u00edas Ram\u00edrez, quien en un breve testimonio cont\u00f3 que custodi\u00f3 la casa de Camila y que durante los meses que estuvo all\u00ed no not\u00f3 ninguna situaci\u00f3n que llamara su atenci\u00f3n, ya que la mujer hac\u00eda su vida normal. &#8220;Recib\u00eda visitas y sal\u00eda de la casa&#8221;, dijo.<\/p>\n\n\n\n<p>El ultimo testigo de la jornada fue Gonzalo Abelda\u00f1o, quien en una de las guardias que realiz\u00f3 en casa de Camila presenci\u00f3 la llegada de un polic\u00eda y dos mujeres quienes manifestaron ser de la fiscal\u00eda. &#8220;Ambas mujeres se sentaron junto a la menor y su mam\u00e1 y conversaban mientras la nena pintaba&#8221;. Ese relato llev\u00f3 a que una de las defensas indagara sobre la situaci\u00f3n y solicit\u00f3 se vea el libro de guardia de la Prefectura a fin de tener mayores datos filiatorios de las personas que llegaron ese d\u00eda, ya que el prefecto no record\u00f3 su identidad.<\/p>\n\n\n\n<p>A ese pedido se sum\u00f3 la asesora de menores Rosana Marini y tambi\u00e9n la fiscal\u00eda, situaci\u00f3n que resolver\u00e1 el tribunal si se solicita incorporar al debate.<\/p>\n\n\n\n<p>Para este jueves se prev\u00e9 la presencia de cuatro testigos, entre ellos una vecina que estuvo en los primeros momentos tras la desaparici\u00f3n de Loan, junto a Mar\u00eda, su madre.<\/p>\n\n\n\n<h2 class=\"wp-block-heading\">Declaraci\u00f3n de Maciel<\/h2>\n\n\n\n<p>El excomisario Walter Maciel, quien en junio de 2024 era jefe de la comisar\u00eda de la localidad de 9 de Julio, fue imputado por ser &#8220;penalmente responsable del delito de sustracci\u00f3n y ocultamiento de un menor de diez a\u00f1os, en concurso ideal con encubrimiento por favorecimiento real, calificado por la gravedad del delito precedente y su calidad de funcionario p\u00fablico&#8221;.<\/p>\n\n\n\n<p>Su defensa, a cargo de Richard Vallejos, solicit\u00f3 al tribunal tenga en cuenta para el jueves de la semana pr\u00f3xima la declaraci\u00f3n de Walter Maciel antes de dar a conocer los testigos pr\u00f3ximos a ser citados.<\/p>\n\n\n\n<p>Este jueves se conocer\u00e1 si finalmente el juez otorga el permiso para que declare en la fecha requerida.<\/p>\n\n\n\n<p>Loan ten\u00eda cinco a\u00f1os cuando desapareci\u00f3 de un almuerzo en casa de su abuela, Catalina Pe\u00f1a, en el paraje El Algarrobal de la localidad de 9 de Julio, el 13 de junio de 2024.<\/p>\n\n\n\n<p>Desde entonces su paradero es un misterio. En el debate por su desaparici\u00f3n est\u00e1n imputadas seis personas que compartieron el almuerzo, adem\u00e1s del excomisario de la localidad.<\/p>\n\n\n\n<p>Y otras diez personas que dijeron pertenecer a la fundaci\u00f3n Dupuy. Estas \u00faltimas, acusadas de entorpecer la investigaci\u00f3n.<\/p>\n","protected":false},"excerpt":{"rendered":"<p>Ayer, el presidente del Tribunal dej\u00f3 en claro que el derecho de defensa fue garantizado. Un abogado solicit\u00f3 que declare un imputado y cuatro agentes de Prefectura Naval prestaron declaraci\u00f3n&hellip; <\/p>\n","protected":false},"author":4,"featured_media":269809,"comment_status":"closed","ping_status":"open","sticky":false,"template":"","format":"standard","meta":{"footnotes":""},"categories":[5],"tags":[],"class_list":["post-269807","post","type-post","status-publish","format-standard","has-post-thumbnail","hentry","category-crimen-y-justicia"],"_links":{"self":[{"href":"https:\/\/corrientesdetarde.com\/index.php\/wp-json\/wp\/v2\/posts\/269807","targetHints":{"allow":["GET"]}}],"collection":[{"href":"https:\/\/corrientesdetarde.com\/index.php\/wp-json\/wp\/v2\/posts"}],"about":[{"href":"https:\/\/corrientesdetarde.com\/index.php\/wp-json\/wp\/v2\/types\/post"}],"author":[{"embeddable":true,"href":"https:\/\/corrientesdetarde.com\/index.php\/wp-json\/wp\/v2\/users\/4"}],"replies":[{"embeddable":true,"href":"https:\/\/corrientesdetarde.com\/index.php\/wp-json\/wp\/v2\/comments?post=269807"}],"version-history":[{"count":1,"href":"https:\/\/corrientesdetarde.com\/index.php\/wp-json\/wp\/v2\/posts\/269807\/revisions"}],"predecessor-version":[{"id":269810,"href":"https:\/\/corrientesdetarde.com\/index.php\/wp-json\/wp\/v2\/posts\/269807\/revisions\/269810"}],"wp:featuredmedia":[{"embeddable":true,"href":"https:\/\/corrientesdetarde.com\/index.php\/wp-json\/wp\/v2\/media\/269809"}],"wp:attachment":[{"href":"https:\/\/corrientesdetarde.com\/index.php\/wp-json\/wp\/v2\/media?parent=269807"}],"wp:term":[{"taxonomy":"category","embeddable":true,"href":"https:\/\/corrientesdetarde.com\/index.php\/wp-json\/wp\/v2\/categories?post=269807"},{"taxonomy":"post_tag","embeddable":true,"href":"https:\/\/corrientesdetarde.com\/index.php\/wp-json\/wp\/v2\/tags?post=269807"}],"curies":[{"name":"wp","href":"https:\/\/api.w.org\/{rel}","templated":true}]}}