{"id":269814,"date":"2026-09-03T10:01:10","date_gmt":"2026-09-03T13:01:10","guid":{"rendered":"https:\/\/corrientesdetarde.com\/?p=269814"},"modified":"2026-09-03T10:01:22","modified_gmt":"2026-09-03T13:01:22","slug":"recuperaron-un-caballo-que-habria-sido-utilizado-por-cuatreros-en-ituzaingo","status":"publish","type":"post","link":"https:\/\/corrientesdetarde.com\/index.php\/policiales\/recuperaron-un-caballo-que-habria-sido-utilizado-por-cuatreros-en-ituzaingo\/","title":{"rendered":"Recuperaron un caballo que habr\u00eda sido utilizado por cuatreros en Ituzaing\u00f3"},"content":{"rendered":"\n<p>Efectivos de la Polic\u00eda Rural y de la Prefectura Naval Argentina recuperaron un caballo que se encontraba atado y solo en un sector de monte del establecimiento rural &#8220;Iviri Tingai&#8221;, en Ituzaing\u00f3.<\/p>\n\n\n\n<p>El hallazgo se produjo durante una recorrida y rastrillaje realizado a pie por personal policial y efectivos de Prefectura Naval con asiento en esa ciudad.<\/p>\n\n\n\n<p>Por las condiciones en las que fue encontrado, los investigadores sospechan que el animal podr\u00eda haber sido utilizado por personas que ingresan de manera clandestina a establecimientos rurales para cometer delitos.<\/p>\n\n\n\n<p>El caballo fue trasladado hasta la base de la Polic\u00eda Rural, donde qued\u00f3 resguardado. Mientras tanto, se llevan adelante las averiguaciones para localizar a su propietario y determinar c\u00f3mo lleg\u00f3 hasta ese lugar.<\/p>\n\n\n\n<p>La investigaci\u00f3n contin\u00faa a fin de establecer si el animal est\u00e1 vinculado con alg\u00fan hecho de abigeato u otro delito rural.&nbsp;<\/p>\n","protected":false},"excerpt":{"rendered":"<p>Efectivos de la Polic\u00eda Rural y de la Prefectura Naval Argentina recuperaron un caballo que se encontraba atado y solo en un sector de monte del establecimiento rural &#8220;Iviri Tingai&#8221;,&hellip; <\/p>\n","protected":false},"author":4,"featured_media":269815,"comment_status":"closed","ping_status":"open","sticky":false,"template":"","format":"standard","meta":{"footnotes":""},"categories":[33],"tags":[],"class_list":["post-269814","post","type-post","status-publish","format-standard","has-post-thumbnail","hentry","category-policiales"],"_links":{"self":[{"href":"https:\/\/corrientesdetarde.com\/index.php\/wp-json\/wp\/v2\/posts\/269814","targetHints":{"allow":["GET"]}}],"collection":[{"href":"https:\/\/corrientesdetarde.com\/index.php\/wp-json\/wp\/v2\/posts"}],"about":[{"href":"https:\/\/corrientesdetarde.com\/index.php\/wp-json\/wp\/v2\/types\/post"}],"author":[{"embeddable":true,"href":"https:\/\/corrientesdetarde.com\/index.php\/wp-json\/wp\/v2\/users\/4"}],"replies":[{"embeddable":true,"href":"https:\/\/corrientesdetarde.com\/index.php\/wp-json\/wp\/v2\/comments?post=269814"}],"version-history":[{"count":1,"href":"https:\/\/corrientesdetarde.com\/index.php\/wp-json\/wp\/v2\/posts\/269814\/revisions"}],"predecessor-version":[{"id":269816,"href":"https:\/\/corrientesdetarde.com\/index.php\/wp-json\/wp\/v2\/posts\/269814\/revisions\/269816"}],"wp:featuredmedia":[{"embeddable":true,"href":"https:\/\/corrientesdetarde.com\/index.php\/wp-json\/wp\/v2\/media\/269815"}],"wp:attachment":[{"href":"https:\/\/corrientesdetarde.com\/index.php\/wp-json\/wp\/v2\/media?parent=269814"}],"wp:term":[{"taxonomy":"category","embeddable":true,"href":"https:\/\/corrientesdetarde.com\/index.php\/wp-json\/wp\/v2\/categories?post=269814"},{"taxonomy":"post_tag","embeddable":true,"href":"https:\/\/corrientesdetarde.com\/index.php\/wp-json\/wp\/v2\/tags?post=269814"}],"curies":[{"name":"wp","href":"https:\/\/api.w.org\/{rel}","templated":true}]}}