{"id":269817,"date":"2026-09-03T10:43:52","date_gmt":"2026-09-03T13:43:52","guid":{"rendered":"https:\/\/corrientesdetarde.com\/?p=269817"},"modified":"2026-09-03T10:43:56","modified_gmt":"2026-09-03T13:43:56","slug":"milei-hablara-por-cadena-nacional-por-el-tema-malvinas","status":"publish","type":"post","link":"https:\/\/corrientesdetarde.com\/index.php\/locales\/milei-hablara-por-cadena-nacional-por-el-tema-malvinas\/","title":{"rendered":"Milei hablar\u00e1 por cadena nacional por &#8220;el tema Malvinas&#8221;"},"content":{"rendered":"\n<p>Ser\u00e1 a las 21. Ocurre despu\u00e9s de que Trump no descartara un cambio en la postura de Estados Unidos sobre las islas.&nbsp;<\/p>\n\n\n\n<p><strong>Javier Milei regresar\u00e1 este jueves de Chile y grabar\u00e1 en la Casa Rosada la cadena nacional que se emitir\u00e1 a las 21 y estar\u00e1 centrada en la cuesti\u00f3n Malvinas.<\/strong>&nbsp;El Gobierno mantiene bajo estricta reserva los detalles del mensaje, mientras crece la expectativa por un anuncio que, seg\u00fan fuentes oficiales, ser\u00e1 de fuerte impacto.<\/p>\n\n\n\n<p id=\"p-1788431626089-10663\">La grabaci\u00f3n est\u00e1 prevista entre las 16 y las 17, pocas horas despu\u00e9s del regreso del Presidente desde Santiago. Milei viajar\u00e1 durante la ma\u00f1ana a Chile, donde participar\u00e1 del Foro Madrid, mantendr\u00e1 un encuentro con la subsecretaria de Estado estadounidense para la Diplomacia P\u00fablica, Sarah Rogers, y ser\u00e1 recibido por el presidente chileno Jos\u00e9 Antonio Kast.<\/p>\n\n\n\n<h2 class=\"wp-block-heading\">Fuerte hermetismo dentro del Gobierno<\/h2>\n\n\n\n<p id=\"p-1788431626089-89122\">En la Casa Rosada evitaron confirmar cu\u00e1l ser\u00e1 el alcance concreto del anuncio. Incluso dentro del propio Gobierno hay funcionarios que aseguran desconocer el contenido completo del mensaje.<\/p>\n\n\n\n<p id=\"p-1788431626089-92550\">En distintos despachos solamente trascendi\u00f3 que la cadena ser\u00e1 &#8220;fuerte&#8221;, aunque algunos sectores del oficialismo advierten que el nivel de expectativa generado podr\u00eda superar finalmente el alcance de las medidas que se anuncien.<\/p>\n\n\n\n<p id=\"p-1788431626089-78028\">Una de las posibilidades que circul\u00f3 est\u00e1 vinculada con nuevas acciones diplom\u00e1ticas frente a las actividades brit\u00e1nicas en las Islas Malvinas, aunque tampoco se descarta que el Presidente anuncie medidas relacionadas con Defensa o con el posicionamiento estrat\u00e9gico argentino en el Atl\u00e1ntico Sur.<\/p>\n\n\n\n<h2 class=\"wp-block-heading\">Malvinas, Defensa y el Atl\u00e1ntico Sur<\/h2>\n\n\n\n<p id=\"p-1788431626089-83468\">La cadena se producir\u00e1 en medio de una serie de movimientos del Gobierno relacionados con la pol\u00edtica de Defensa. En las \u00faltimas semanas volvi\u00f3 a tomar impulso el trabajo sobre la nueva Directiva de Pol\u00edtica de Defensa Nacional, un documento que establece las prioridades para el planeamiento de las Fuerzas Armadas.<\/p>\n\n\n\n<p id=\"p-1788431626089-19937\">El borrador contempla una atenci\u00f3n especial sobre el Atl\u00e1ntico Sur, la Ant\u00e1rtida, las rutas mar\u00edtimas, el extremo austral y la infraestructura cr\u00edtica. Sin embargo, no existe confirmaci\u00f3n oficial de que Milei vaya a anunciar este jueves la aprobaci\u00f3n de esa directiva.<\/p>\n\n\n\n<p id=\"p-1788431626089-49288\">Tambi\u00e9n avanza la negociaci\u00f3n para conseguir financiamiento estadounidense destinado a la Base Naval Integrada de Ushuaia, proyecto que el Gobierno busca convertir en un nodo log\u00edstico y estrat\u00e9gico para el Atl\u00e1ntico Sur y la Ant\u00e1rtida.<\/p>\n\n\n\n<h2 class=\"wp-block-heading\">La relaci\u00f3n con Estados Unidos y la disputa con China<\/h2>\n\n\n\n<p id=\"p-1788431626089-25449\">El escenario tambi\u00e9n est\u00e1 atravesado por el acercamiento de la Argentina a Estados Unidos y la creciente preocupaci\u00f3n de Washington por la presencia china en sectores considerados estrat\u00e9gicos.<\/p>\n\n\n\n<p id=\"p-1788431626089-87622\">Despu\u00e9s de las advertencias estadounidenses sobre la participaci\u00f3n de Huawei en infraestructura tecnol\u00f3gica vinculada con Vaca Muerta, el Gobierno comenz\u00f3 a analizar nuevos requisitos de seguridad para proveedores de redes y centros de datos, adem\u00e1s de mecanismos para identificar infraestructura cr\u00edtica.<\/p>\n\n\n\n<p id=\"p-1788431626089-28109\">En paralelo, el oficialismo busca profundizar la cooperaci\u00f3n militar con Washington a trav\u00e9s de distintos acuerdos regionales. La estrategia apunta a fortalecer el v\u00ednculo con Estados Unidos sin romper los lazos comerciales que Argentina mantiene con China.<\/p>\n\n\n\n<h2 class=\"wp-block-heading\">La explotaci\u00f3n de hidrocarburos en Malvinas, otro punto clave<\/h2>\n\n\n\n<p id=\"p-1788431626089-63034\">Las se\u00f1ales m\u00e1s concretas sobre el contenido de la cadena surgieron de las declaraciones del canciller Pablo Quirno, quien sostuvo que la Argentina debe acompa\u00f1ar su reclamo por Malvinas con &#8220;actividades muy concretas&#8221;.<\/p>\n\n\n\n<p id=\"p-1788431626089-54324\">El planteo aparece vinculado con la explotaci\u00f3n de hidrocarburos en la Cuenca Malvinas Norte, donde operan empresas como Rockhopper Exploration y Navitas Petroleum.<\/p>\n\n\n\n<p id=\"p-1788431626089-67358\">Entre las alternativas que analiza el Gobierno aparecen nuevas acciones contra compa\u00f1\u00edas, contratistas y proveedores vinculados con esas actividades, adem\u00e1s de posibles medidas diplom\u00e1ticas y judiciales.<\/p>\n\n\n\n<p id=\"p-1788431626089-34068\">Por ahora, ninguna de esas opciones fue confirmada oficialmente.<\/p>\n\n\n\n<h2 class=\"wp-block-heading\">La expectativa por la postura de Donald Trump<\/h2>\n\n\n\n<p id=\"p-1788431626089-63511\">Otro elemento que elev\u00f3 la expectativa fueron las recientes declaraciones de Donald Trump sobre la posibilidad de revisar la posici\u00f3n estadounidense respecto de Malvinas.<\/p>\n\n\n\n<p id=\"p-1788431626089-96413\">Estados Unidos mantiene formalmente una postura de neutralidad sobre la soberan\u00eda de las islas y no anunci\u00f3 un reconocimiento de la posici\u00f3n argentina ni una mediaci\u00f3n con el Reino Unido.<\/p>\n\n\n\n<p id=\"p-1788431626089-58023\">Milei, sin embargo, interpret\u00f3 que hubo se\u00f1ales relevantes por parte de Washington y decidi\u00f3 utilizar la cadena nacional para exponer la posici\u00f3n del Gobierno y, eventualmente, anunciar nuevas medidas sobre la cuesti\u00f3n Malvinas.<\/p>\n","protected":false},"excerpt":{"rendered":"<p>Ser\u00e1 a las 21. Ocurre despu\u00e9s de que Trump no descartara un cambio en la postura de Estados Unidos sobre las islas.&nbsp; Javier Milei regresar\u00e1 este jueves de Chile y&hellip; <\/p>\n","protected":false},"author":4,"featured_media":269818,"comment_status":"closed","ping_status":"open","sticky":false,"template":"","format":"standard","meta":{"footnotes":""},"categories":[8],"tags":[],"class_list":["post-269817","post","type-post","status-publish","format-standard","has-post-thumbnail","hentry","category-locales"],"_links":{"self":[{"href":"https:\/\/corrientesdetarde.com\/index.php\/wp-json\/wp\/v2\/posts\/269817","targetHints":{"allow":["GET"]}}],"collection":[{"href":"https:\/\/corrientesdetarde.com\/index.php\/wp-json\/wp\/v2\/posts"}],"about":[{"href":"https:\/\/corrientesdetarde.com\/index.php\/wp-json\/wp\/v2\/types\/post"}],"author":[{"embeddable":true,"href":"https:\/\/corrientesdetarde.com\/index.php\/wp-json\/wp\/v2\/users\/4"}],"replies":[{"embeddable":true,"href":"https:\/\/corrientesdetarde.com\/index.php\/wp-json\/wp\/v2\/comments?post=269817"}],"version-history":[{"count":1,"href":"https:\/\/corrientesdetarde.com\/index.php\/wp-json\/wp\/v2\/posts\/269817\/revisions"}],"predecessor-version":[{"id":269819,"href":"https:\/\/corrientesdetarde.com\/index.php\/wp-json\/wp\/v2\/posts\/269817\/revisions\/269819"}],"wp:featuredmedia":[{"embeddable":true,"href":"https:\/\/corrientesdetarde.com\/index.php\/wp-json\/wp\/v2\/media\/269818"}],"wp:attachment":[{"href":"https:\/\/corrientesdetarde.com\/index.php\/wp-json\/wp\/v2\/media?parent=269817"}],"wp:term":[{"taxonomy":"category","embeddable":true,"href":"https:\/\/corrientesdetarde.com\/index.php\/wp-json\/wp\/v2\/categories?post=269817"},{"taxonomy":"post_tag","embeddable":true,"href":"https:\/\/corrientesdetarde.com\/index.php\/wp-json\/wp\/v2\/tags?post=269817"}],"curies":[{"name":"wp","href":"https:\/\/api.w.org\/{rel}","templated":true}]}}