{"id":269820,"date":"2026-09-03T11:58:36","date_gmt":"2026-09-03T14:58:36","guid":{"rendered":"https:\/\/corrientesdetarde.com\/?p=269820"},"modified":"2026-09-03T11:58:56","modified_gmt":"2026-09-03T14:58:56","slug":"paro-de-48-horas-en-aeropuertos-como-afecta-a-los-vuelos-de-corrientes-y-chaco","status":"publish","type":"post","link":"https:\/\/corrientesdetarde.com\/index.php\/actualidad\/paro-de-48-horas-en-aeropuertos-como-afecta-a-los-vuelos-de-corrientes-y-chaco\/","title":{"rendered":"Paro de 48 horas en aeropuertos: c\u00f3mo afecta a los vuelos de Corrientes y Chaco"},"content":{"rendered":"\n<p>ATE realizar\u00e1 asambleas&nbsp;y movilizaciones este jueves&nbsp;y viernes. En la provincia&nbsp;podr\u00edan registrarse demoras por las medidas en Aeroparque.<\/p>\n\n\n\n<p>La Asociaci\u00f3n de Trabajadores del Estado (ATE) llevar\u00e1 adelante un&nbsp;<strong>paro de 48 horas en distintos aeropuertos del pa\u00eds<\/strong>&nbsp;durante este jueves&nbsp;y viernes. La medida alcanza a trabajadores de la Administraci\u00f3n Nacional de Aviaci\u00f3n Civil (Anac) y podr\u00eda generar demoras, reprogramaciones y cancelaciones en vuelos comerciales. En&nbsp;<strong>Corrientes y Resistencia<\/strong>,&nbsp;no habr\u00e1 una medida de fuerza local, aunque algunos servicios podr\u00edan verse afectados con demoras por las protestas en Aeroparque.<\/p>\n\n\n\n<p>La jornada nacional de lucha contempla&nbsp;<strong>paros, movilizaciones y asambleas en dos franjas horarias,&nbsp;de 9 a 12 y de 18 a 21<\/strong>. Durante esos per\u00edodos, los trabajadores garantizar\u00e1n \u00fanicamente los vuelos sanitarios, humanitarios, de traslado de \u00f3rganos y oficiales. La protesta alcanza a m\u00e1s de 27 aeropuertos y tiene entre sus principales puntos al Aeropuerto Internacional de Ezeiza y al Aeroparque Jorge Newbery.<\/p>\n\n\n\n<p><strong>Fuentes oficiales del aeropuerto Fernando Piragine Niveyro<\/strong>\u00a0consultadas se\u00f1alaron:\u00a0\u201cEn\u00a0<strong>Corrientes no hay paro<\/strong>. Se pueden\u00a0<strong>producir demoras<\/strong>\u00a0si el personal agremiado a ATE se pliega al paro en\u00a0<strong>Aeroparque<\/strong>. Por lo que la demora se producir\u00eda en origen\u201d, se\u00f1alaron.<\/p>\n\n\n\n<p>Adem\u00e1s, explicaron a&nbsp;<strong>este medio&nbsp;<\/strong>que las aeronaves realizan varios tramos durante el d\u00eda, por lo que una demora inicial puede acumularse: \u201cLa aeronave que viene a las<strong>&nbsp;13, 30<\/strong>&nbsp;debe realizar otros vuelos antes. Incluso a veces es la misma que realiz\u00f3 el vuelo de la ma\u00f1ana a&nbsp;<strong>Corrientes<\/strong>. Cualquiera sea el caso, si en alg\u00fan momento sufre demora, esa diferencia horaria es arrastrada todo el d\u00eda\u201d.<\/p>\n\n\n\n<h3 class=\"wp-block-heading\">Qu\u00e9 vuelos podr\u00edan verse afectados&nbsp;<\/h3>\n\n\n\n<p>En el caso del&nbsp;<strong>Aeropuerto Internacional Doctor Fernando Piragine Niveyro<\/strong>, este<strong>&nbsp;jueves<\/strong>&nbsp;el vuelo previsto para las&nbsp;<strong>9,40<\/strong>&nbsp;podr\u00eda verse afectado por coincidir con la franja de protesta de&nbsp;<strong>9 a 12<\/strong>. En cambio, el servicio programado para las&nbsp;<strong>14<\/strong>&nbsp;quedar\u00eda fuera del horario de la medida.<\/p>\n\n\n\n<p>Por este motivo, desde fuentes oficiales remarcaron que el impacto en&nbsp;<strong>Corrientes<\/strong>&nbsp;depender\u00e1 de lo que ocurra previamente en&nbsp;<strong>Aeroparque<\/strong>. Una eventual demora en el primer vuelo podr\u00eda repercutir sobre los servicios posteriores, incluso aquellos que originalmente est\u00e1n programados fuera de las franjas de paro.<\/p>\n\n\n\n<p>En&nbsp;<strong>Resistencia<\/strong>, el primer vuelo del&nbsp;<strong>jueves<\/strong>&nbsp;est\u00e1 previsto para las&nbsp;<strong>7.50<\/strong>&nbsp;y tiene llegada a Aeroparque a las&nbsp;<strong>9.20<\/strong>, justamente dentro del horario establecido para la protesta. Por este motivo, ese servicio es el que presenta mayor posibilidad de registrar demoras.<\/p>\n\n\n\n<figure class=\"wp-block-image\"><img decoding=\"async\" src=\"https:\/\/pxcdn.ellitoral.com.ar\/litoral\/092026\/1788391231579.jpg?cw=807\" alt=\"Paro de 48 horas en aeropuertos: c\u00f3mo afecta a los vuelos de Corrientes y Chaco\" title=\"Paro de 48 horas en aeropuertos: c\u00f3mo afecta a los vuelos de Corrientes y Chaco-\"\/><\/figure>\n\n\n\n<p>Los otros vuelos previstos para la jornada tienen horarios de salida a las&nbsp;<strong>15.10 y 20.35<\/strong>, ambos fuera de las franjas de protesta. Sin embargo, al igual que en Corrientes, podr\u00edan verse afectados indirectamente si la aeronave o la operaci\u00f3n acumula demoras durante el d\u00eda.<\/p>\n\n\n\n<p>Para el&nbsp;<strong>viernes<\/strong>&nbsp;los vuelos que arriban del<strong>&nbsp;aer\u00f3dromo correntino&nbsp;<\/strong>sale a las&nbsp;<strong>11 y<\/strong>&nbsp;llega a&nbsp;<strong>Aeroparque a las 12,30<\/strong>, en Resistencia despega a las&nbsp;<strong>7,35<\/strong>&nbsp;y llega a las&nbsp;<strong>9,05<\/strong>&nbsp;a&nbsp;<strong>Buenos Aires<\/strong>, en caso de que se adelante unos minutos llegar\u00eda en horario y no habr\u00eda inconvenientes para esa jornada.<\/p>\n\n\n\n<h3 class=\"wp-block-heading\">El reclamo de ATE<\/h3>\n\n\n\n<p>Desde el gremio se\u00f1alaron que la medida de fuerza responde a una serie de reclamos que, seg\u00fan ATE, el Gobierno nacional mantiene sin resolver. Entre los principales cuestionamientos se encuentra el&nbsp;<strong>incumplimiento del pago de adicionales salariales acordados en paritarias desde enero<\/strong>, adem\u00e1s de la falta de reapertura de la negociaci\u00f3n sectorial.<\/p>\n\n\n\n<p>ATE tambi\u00e9n denunci\u00f3 un deterioro de las condiciones laborales y un proceso de desfinanciamiento de las \u00e1reas operativas y de fiscalizaci\u00f3n de la ANAC. En ese contexto, el sindicato convoc\u00f3 a la jornada nacional de lucha de 48 horas, que tendr\u00e1 impacto en distintos puntos del sistema a\u00e9reo argentino.<\/p>\n\n\n\n<p>As\u00ed, aunque&nbsp;<strong>Corrientes y Resistencia no tendr\u00e1n un paro propio<\/strong>, los pasajeros que tengan vuelos durante estas jornadas deber\u00e1n estar atentos a posibles cambios. La principal advertencia para los servicios de la regi\u00f3n est\u00e1 puesta en&nbsp;<strong>las demoras&nbsp;<\/strong>que puedan generarse en&nbsp;<strong>Aeroparque<\/strong>&nbsp;y que luego se<strong>&nbsp;arrastren al resto de los vuelos del d\u00eda<\/strong>.<\/p>\n","protected":false},"excerpt":{"rendered":"<p>ATE realizar\u00e1 asambleas&nbsp;y movilizaciones este jueves&nbsp;y viernes. En la provincia&nbsp;podr\u00edan registrarse demoras por las medidas en Aeroparque. La Asociaci\u00f3n de Trabajadores del Estado (ATE) llevar\u00e1 adelante un&nbsp;paro de 48 horas&hellip; <\/p>\n","protected":false},"author":4,"featured_media":269821,"comment_status":"closed","ping_status":"open","sticky":false,"template":"","format":"standard","meta":{"footnotes":""},"categories":[23],"tags":[],"class_list":["post-269820","post","type-post","status-publish","format-standard","has-post-thumbnail","hentry","category-actualidad"],"_links":{"self":[{"href":"https:\/\/corrientesdetarde.com\/index.php\/wp-json\/wp\/v2\/posts\/269820","targetHints":{"allow":["GET"]}}],"collection":[{"href":"https:\/\/corrientesdetarde.com\/index.php\/wp-json\/wp\/v2\/posts"}],"about":[{"href":"https:\/\/corrientesdetarde.com\/index.php\/wp-json\/wp\/v2\/types\/post"}],"author":[{"embeddable":true,"href":"https:\/\/corrientesdetarde.com\/index.php\/wp-json\/wp\/v2\/users\/4"}],"replies":[{"embeddable":true,"href":"https:\/\/corrientesdetarde.com\/index.php\/wp-json\/wp\/v2\/comments?post=269820"}],"version-history":[{"count":2,"href":"https:\/\/corrientesdetarde.com\/index.php\/wp-json\/wp\/v2\/posts\/269820\/revisions"}],"predecessor-version":[{"id":269824,"href":"https:\/\/corrientesdetarde.com\/index.php\/wp-json\/wp\/v2\/posts\/269820\/revisions\/269824"}],"wp:featuredmedia":[{"embeddable":true,"href":"https:\/\/corrientesdetarde.com\/index.php\/wp-json\/wp\/v2\/media\/269821"}],"wp:attachment":[{"href":"https:\/\/corrientesdetarde.com\/index.php\/wp-json\/wp\/v2\/media?parent=269820"}],"wp:term":[{"taxonomy":"category","embeddable":true,"href":"https:\/\/corrientesdetarde.com\/index.php\/wp-json\/wp\/v2\/categories?post=269820"},{"taxonomy":"post_tag","embeddable":true,"href":"https:\/\/corrientesdetarde.com\/index.php\/wp-json\/wp\/v2\/tags?post=269820"}],"curies":[{"name":"wp","href":"https:\/\/api.w.org\/{rel}","templated":true}]}}