{"id":269829,"date":"2026-09-03T12:16:39","date_gmt":"2026-09-03T15:16:39","guid":{"rendered":"https:\/\/corrientesdetarde.com\/?p=269829"},"modified":"2026-09-03T12:16:45","modified_gmt":"2026-09-03T15:16:45","slug":"el-cdi-anahi-celebro-sus-40-anos-junto-a-toda-su-comunidad-educativa","status":"publish","type":"post","link":"https:\/\/corrientesdetarde.com\/index.php\/destacados\/el-cdi-anahi-celebro-sus-40-anos-junto-a-toda-su-comunidad-educativa\/","title":{"rendered":"El CDI Anah\u00ed celebr\u00f3 sus 40 a\u00f1os junto a toda su comunidad educativa"},"content":{"rendered":"\n<p><em>Autoridades provinciales encabezaron los festejos por el 40\u00b0 aniversario del CDI Anah\u00ed y destacaron el compromiso del equipo docente con la ni\u00f1ez.<\/em><\/p>\n\n\n\n<p>El Centro de Desarrollo Infantil (CDI) Anah\u00ed celebr\u00f3 &nbsp;40 a\u00f1os de trayectoria con una emotiva jornada que reuni\u00f3 a autoridades, docentes, familias y ni\u00f1os. En el encuentro, se puso en valor la historia y el importante trabajo que la instituci\u00f3n desarrolla desde sus inicios.<\/p>\n\n\n\n<p>Para la conmemoraci\u00f3n, participaron entre otros funcionarios el ministro de Desarrollo Social, Jos\u00e9 Irigoyen; la directora de la Direcci\u00f3n de Ni\u00f1ez y Familia, Claudia Ruiz D\u00edaz; funcionarios, directivos, maestras jardineras, tutores y ni\u00f1os que forman parte de la comunidad educativa del CDI.<\/p>\n\n\n\n<figure class=\"wp-block-image size-large\"><img loading=\"lazy\" decoding=\"async\" width=\"1024\" height=\"676\" src=\"https:\/\/corrientesdetarde.com\/wp-content\/uploads\/2026\/09\/image-56-1024x676.png\" alt=\"\" class=\"wp-image-269830\" srcset=\"https:\/\/corrientesdetarde.com\/wp-content\/uploads\/2026\/09\/image-56-1024x676.png 1024w, https:\/\/corrientesdetarde.com\/wp-content\/uploads\/2026\/09\/image-56-300x198.png 300w, https:\/\/corrientesdetarde.com\/wp-content\/uploads\/2026\/09\/image-56-768x507.png 768w, https:\/\/corrientesdetarde.com\/wp-content\/uploads\/2026\/09\/image-56.png 1206w\" sizes=\"auto, (max-width: 1024px) 100vw, 1024px\" \/><\/figure>\n\n\n\n<p>En ese marco, la directora de Ni\u00f1ez y Familia, Claudia Ruiz D\u00edaz, agradeci\u00f3 el profesionalismo, la dedicaci\u00f3n y la entrega de cada una de las docentes, resaltando el compromiso cotidiano que ponen en su trabajo y en el acompa\u00f1amiento integral de los ni\u00f1os.<\/p>\n\n\n\n<p>Por su parte, el ministro Jos\u00e9 Irigoyen expres\u00f3 su agradecimiento a toda la comunidad del CDI y destac\u00f3 especialmente la labor del equipo docente dijo: \u201chablar del equipo es hablar de un ejemplo, mis felicitaciones a las docentes por el compromiso y la tarea que realizan d\u00eda a d\u00eda. Desde el Ministerio vamos a seguir acompa\u00f1ando, porque cuando se trabaja en equipo, se busca un punto en com\u00fan y se pueden hacer grandes cosas\u201d, Comento el ministro.<\/p>\n\n\n\n<p>De esta manera, se refirma el acompa\u00f1amiento del Gobierno de Corrientes a trav\u00e9s de sus diferentes Ministerios, direcciones, \u00e1reas, siempre al servicio de la comunidad.<\/p>\n","protected":false},"excerpt":{"rendered":"<p>Autoridades provinciales encabezaron los festejos por el 40\u00b0 aniversario del CDI Anah\u00ed y destacaron el compromiso del equipo docente con la ni\u00f1ez. El Centro de Desarrollo Infantil (CDI) Anah\u00ed celebr\u00f3&hellip; <\/p>\n","protected":false},"author":4,"featured_media":269831,"comment_status":"closed","ping_status":"open","sticky":false,"template":"","format":"standard","meta":{"footnotes":""},"categories":[26],"tags":[],"class_list":["post-269829","post","type-post","status-publish","format-standard","has-post-thumbnail","hentry","category-destacados"],"_links":{"self":[{"href":"https:\/\/corrientesdetarde.com\/index.php\/wp-json\/wp\/v2\/posts\/269829","targetHints":{"allow":["GET"]}}],"collection":[{"href":"https:\/\/corrientesdetarde.com\/index.php\/wp-json\/wp\/v2\/posts"}],"about":[{"href":"https:\/\/corrientesdetarde.com\/index.php\/wp-json\/wp\/v2\/types\/post"}],"author":[{"embeddable":true,"href":"https:\/\/corrientesdetarde.com\/index.php\/wp-json\/wp\/v2\/users\/4"}],"replies":[{"embeddable":true,"href":"https:\/\/corrientesdetarde.com\/index.php\/wp-json\/wp\/v2\/comments?post=269829"}],"version-history":[{"count":1,"href":"https:\/\/corrientesdetarde.com\/index.php\/wp-json\/wp\/v2\/posts\/269829\/revisions"}],"predecessor-version":[{"id":269832,"href":"https:\/\/corrientesdetarde.com\/index.php\/wp-json\/wp\/v2\/posts\/269829\/revisions\/269832"}],"wp:featuredmedia":[{"embeddable":true,"href":"https:\/\/corrientesdetarde.com\/index.php\/wp-json\/wp\/v2\/media\/269831"}],"wp:attachment":[{"href":"https:\/\/corrientesdetarde.com\/index.php\/wp-json\/wp\/v2\/media?parent=269829"}],"wp:term":[{"taxonomy":"category","embeddable":true,"href":"https:\/\/corrientesdetarde.com\/index.php\/wp-json\/wp\/v2\/categories?post=269829"},{"taxonomy":"post_tag","embeddable":true,"href":"https:\/\/corrientesdetarde.com\/index.php\/wp-json\/wp\/v2\/tags?post=269829"}],"curies":[{"name":"wp","href":"https:\/\/api.w.org\/{rel}","templated":true}]}}